{"id":60428,"date":"2022-12-09T09:02:58","date_gmt":"2022-12-09T15:02:58","guid":{"rendered":"https:\/\/redsemlac.com\/semmexico\/?p=60428"},"modified":"2023-07-21T19:24:28","modified_gmt":"2023-07-22T00:24:28","slug":"a-pesar-de-la-ley-de-paridad-el-estado-no-garantiza-la-igualdad-y-la-no-violencia-politica-contra-las-mujeres","status":"publish","type":"post","link":"https:\/\/redsemlac.com\/semmexico\/a-pesar-de-la-ley-de-paridad-el-estado-no-garantiza-la-igualdad-y-la-no-violencia-politica-contra-las-mujeres\/","title":{"rendered":"A pesar de la Ley de Paridad, el Estado no garantiza la igualdad y la no violencia pol\u00edtica contra las mujeres"},"content":{"rendered":"\n<ul class=\"wp-block-list\">\n<li><strong>As\u00ed como el impulso de medidas afirmativas para que hoy tambi\u00e9n est\u00e9n incluidos afromexicanos\/as, ind\u00edgenas, de la diversidad sexual y con discapacidad.<\/strong><\/li>\n\n\n\n<li><strong>Tambi\u00e9n se establece una serie de obst\u00e1culos para que hombres y mujeres no puedan ejercer su ciudadan\u00eda, como la pobreza y la falta de una cultura pol\u00edtica.<\/strong><\/li>\n<\/ul>\n\n\n\n<p class=\"wp-block-paragraph\"><strong>Josefina Aguilar Pastor<\/strong><\/p>\n\n\n\n<p class=\"wp-block-paragraph\">SemM\u00e9xico, Chilpancingo, Guerrero, 9 de diciembre del 2022.- Partidos pol\u00edticos e instituciones, deben de eliminar obst\u00e1culos como la pobreza, discriminaci\u00f3n, violencia pol\u00edtica en raz\u00f3n de g\u00e9nero para que las mujeres puedan realmente ejercer en plenitud sus derechos pol\u00edtico electorales, y consolidar la democracia y ciudadan\u00eda, se\u00f1al\u00f3 Mar\u00eda Luisa Garfias Mar\u00edn, presidenta de la organizaci\u00f3n \u201cAliadas pro la justicia\u201d, al analizar el diagn\u00f3stico \u201cInforme Pa\u00eds\u201d.<\/p>\n\n\n\n<p class=\"wp-block-paragraph\">Esto, al participar como comentarista del \u201cInforme Pa\u00eds\u201d, un diagn\u00f3stico realizado por el Instituto Nacional Electoral (INE), sobre la democracia y participaci\u00f3n de la ciudadan\u00eda en la misma.<\/p>\n\n\n\n<p class=\"wp-block-paragraph\">Si bien es cierto dijo, en este momento hay paridad en la ocupaci\u00f3n de espacios a partir de la reforma del 2019, lo que ha permitido que en los congresos local y federal, exista el 50-50 de hombres y mujeres, as\u00ed como el impulso de medidas afirmativas para que hoy tambi\u00e9n est\u00e9n incluidos afromexicanos\/as, ind\u00edgenas, de la diversidad sexual y con discapacidad, \u201ctodav\u00eda las mujeres no pueden cantar victoria\u201d.<\/p>\n\n\n\n<p class=\"wp-block-paragraph\">A pesar de que existe la ley de paridad, no significa que haya un trato de igualdad, ya que desde el momento en que las mujeres son candidatas, existe todo un contexto de violencia que limita y obstaculiza su llegada a ocupar las candidaturas, y cuando ya son candidatas, tambi\u00e9n se da toda una campa\u00f1a para tumbarles la candidatura y si ganan, ya en el ejercicio del cargo, contin\u00faan las campa\u00f1as en contra.<\/p>\n\n\n\n<p class=\"wp-block-paragraph\">\u201cPor eso la violencia pol\u00edtica en raz\u00f3n de g\u00e9nero forma parte de las leyes para sancionar a quien violente a las personas que hacemos actividad pol\u00edtica y hay una deuda del Estado Mexicano con las mujeres, con las y los afromexicanos y con las personas de la diversidad sexual\u201d, se\u00f1al\u00f3 la activista.<\/p>\n\n\n\n<p class=\"wp-block-paragraph\"><strong>Cuando llegan tienen que pelear, mostrar que si pueden, que si tienen el conocimiento y la experiencia<\/strong><\/p>\n\n\n\n<p class=\"wp-block-paragraph\">Se\u00f1al\u00f3 que toca a los partidos pol\u00edticos, al propio Instituto Nacional Electoral, a la Universidad Aut\u00f3noma de&nbsp; Guerrero, a las organizaciones interesadas en la democracia; trabajar para que todos aquellos estereotipos que consideran que las mujeres tienen que estar en los espacios privados porque ese es su lugar y no en las campa\u00f1as electorales o no ser candidatas o un cargo de elecci\u00f3n popular, puedan ser eliminados y las mujeres puedan participar en estos procesos con libertad e igualdad que los hombres.<\/p>\n\n\n\n<p class=\"wp-block-paragraph\">Por ello, Garfias Marina consider\u00f3 que a pesar de esta pluralidad que existe, todav\u00eda hay una deuda hist\u00f3rica con los afromexicanos\/as, con la diversidad sexual, de ah\u00ed que reiter\u00f3 que es el momento en que los partidos pol\u00edticos, y todas y todos trabajen para cambiar esas ideas y creencias de que solamente los hombres heterosexuales pueden llegar a ocupar espacios de representaci\u00f3n popular que pueden decidir y dirigir los destinos del Estado y el pa\u00eds.&nbsp;<\/p>\n\n\n\n<p class=\"wp-block-paragraph\">Tambi\u00e9n hizo referencia a los resultados de la ENDIREH, la encuesta sobre las relaciones en los hogares, que tambi\u00e9n establece una serie de obst\u00e1culos para que hombres y mujeres no puedan ejercer su ciudadan\u00eda, como la pobreza, la falta de una cultura pol\u00edtica, que evita que se puedan ejercer plenamente estas garant\u00edas.<\/p>\n\n\n\n<p class=\"wp-block-paragraph\">\u201cPorque si yo tengo hambre, si no tengo dinero para llevarle a mi familia voy a estar m\u00e1s preocupada por esto y no por ir a votar, ni participar en lo electoral, si tengo problemas por la discriminaci\u00f3n, por el contexto de violencia que Guerrero est\u00e1 viviendo y que mucha veces obstaculiza ir a las urnas y votar, tambi\u00e9n el Estado tiene que analizar esa situaci\u00f3n para poder ir a ejercer nuestro voto en libertad, sin temor y sin miedo\u201d, apunt\u00f3.<\/p>\n\n\n\n<p class=\"wp-block-paragraph\">Reconoci\u00f3 que \u201cla tarea no es f\u00e1cil, pero todas y todos podr\u00e1n lograrlo, pero si no trabajan desde la familia, desde la escuela en desarrollar e impulsar una cultura c\u00edvica pol\u00edtica, la democracia no se va a poder consolidar, los ideales que se tienen para una sociedad libre, plural, diversa, basada en el ejercicio de los derechos humanos no se van lograr si siguen interesados en otras cuestiones\u201d, reclam\u00f3.<\/p>\n\n\n\n<p class=\"wp-block-paragraph\">De no ser as\u00ed, cuestion\u00f3, qu\u00e9 tipo de sociedad se va a heredar a los hijos e hijas, porque estos obst\u00e1culos impiden el desarrollo como hombres y mujeres para el ejercicio pleno de los derechos de las mujeres.<\/p>\n\n\n\n<p class=\"wp-block-paragraph\">SEM\/MG<\/p>\n","protected":false},"excerpt":{"rendered":"<p>As\u00ed como el impulso de medidas afirmativas para que hoy tambi\u00e9n est\u00e9n incluidos afromexicanos\/as, ind\u00edgenas, de la diversidad sexual y con discapacidad.<\/p>\n","protected":false},"author":3,"featured_media":60429,"comment_status":"open","ping_status":"open","sticky":false,"template":"","format":"standard","meta":{"_monsterinsights_skip_tracking":false,"footnotes":""},"categories":[693,54],"tags":[],"class_list":["post-60428","post","type-post","status-publish","format-standard","has-post-thumbnail","category-693","category-mujeres"],"_links":{"self":[{"href":"https:\/\/redsemlac.com\/semmexico\/wp-json\/wp\/v2\/posts\/60428","targetHints":{"allow":["GET"]}}],"collection":[{"href":"https:\/\/redsemlac.com\/semmexico\/wp-json\/wp\/v2\/posts"}],"about":[{"href":"https:\/\/redsemlac.com\/semmexico\/wp-json\/wp\/v2\/types\/post"}],"author":[{"embeddable":true,"href":"https:\/\/redsemlac.com\/semmexico\/wp-json\/wp\/v2\/users\/3"}],"replies":[{"embeddable":true,"href":"https:\/\/redsemlac.com\/semmexico\/wp-json\/wp\/v2\/comments?post=60428"}],"version-history":[{"count":0,"href":"https:\/\/redsemlac.com\/semmexico\/wp-json\/wp\/v2\/posts\/60428\/revisions"}],"wp:featuredmedia":[{"embeddable":true,"href":"https:\/\/redsemlac.com\/semmexico\/wp-json\/wp\/v2\/media\/60429"}],"wp:attachment":[{"href":"https:\/\/redsemlac.com\/semmexico\/wp-json\/wp\/v2\/media?parent=60428"}],"wp:term":[{"taxonomy":"category","embeddable":true,"href":"https:\/\/redsemlac.com\/semmexico\/wp-json\/wp\/v2\/categories?post=60428"},{"taxonomy":"post_tag","embeddable":true,"href":"https:\/\/redsemlac.com\/semmexico\/wp-json\/wp\/v2\/tags?post=60428"}],"curies":[{"name":"wp","href":"https:\/\/api.w.org\/{rel}","templated":true}]}}