{"id":60421,"date":"2022-12-08T19:22:03","date_gmt":"2022-12-09T01:22:03","guid":{"rendered":"https:\/\/redsemlac.com\/semmexico\/?p=60421"},"modified":"2023-07-21T19:24:28","modified_gmt":"2023-07-22T00:24:28","slug":"cambios-en-el-gabinete-del-edomex","status":"publish","type":"post","link":"https:\/\/redsemlac.com\/semmexico\/cambios-en-el-gabinete-del-edomex\/","title":{"rendered":"Cambios en el gabinete del Edomex"},"content":{"rendered":"\n<p class=\"wp-block-paragraph\"><strong>Elizabeth R\u00edos<\/strong><\/p>\n\n\n\n<p class=\"wp-block-paragraph\">SemM\u00e9xico\/El Sol de Toluca, Toluca, Estado de M\u00e9xico, 08 de diciembre 2022.- El Gobierno del Estado de M\u00e9xico anunci\u00f3 ambos en el gabinete estatal; Brenda Alvarado S\u00e1nchez rindi\u00f3 protesta como la nueva secretaria de Desarrollo Social y Denisse Ugalde Alegr\u00eda, como secretaria de las Mujeres.<\/p>\n\n\n\n<p class=\"wp-block-paragraph\">Brenda Alvarado ha sido diputada federal y local, mientras que Denisse Ugalde era la subsecretaria de Turismo estatal.<\/p>\n\n\n\n<p class=\"wp-block-paragraph\">Durante el nombramiento el gobernador de la entidad Alfredo del Mazo Maza, agradeci\u00f3 a Martha Hilda Gonz\u00e1lez Calder\u00f3n por su labor realizada al frente de la Secretar\u00eda de las Mujeres, dependencia que tiene como agenda prioritaria apoyar a las mexiquenses a trav\u00e9s de la igualdad y previniendo la violencia.<\/p>\n\n\n\n<p class=\"wp-block-paragraph\">&nbsp;\u201cLe agradezco ese gran compromiso en esta y en todas las responsabilidades que ha venido ocupando a lo largo de varios a\u00f1os, cumpliendo con las familias mexiquenses\u201d, afirm\u00f3.<\/p>\n\n\n\n<p class=\"wp-block-paragraph\">Cabe mencionar que la anterior secretaria de Desarrollo Social era Alejandra del Moral Vela, pero qued\u00f3 como encargada Aid\u00e9 Flores cuando la primera asumi\u00f3 el cargo de coordinadora por la Defensa del Estado de M\u00e9xico, previo al inicio del periodo electoral de 2023 para la elecci\u00f3n de gobernador o gobernadora en el Estado de M\u00e9xico.<\/p>\n\n\n\n<p class=\"wp-block-paragraph\">Se presume que estos cambios en el gabinete estatal obedecen a que Martha Hilda Gonz\u00e1lez Calder\u00f3n, quien es una figura conciliadora que&nbsp; podr\u00eda participar en la log\u00edstica de la campa\u00f1a de Alejandra del Moral, posible candidata a la gubernatura en 2023.<\/p>\n\n\n\n<p class=\"wp-block-paragraph\">La hoy ex secretaria de las Mujeres se ha caracterizado por impulsar acciones a favor de las mujeres.<\/p>\n\n\n\n<p class=\"wp-block-paragraph\">Martha Hilda Gonz\u00e1lez ha desempe\u00f1ado cargos importantes en gobierno, entre ellos la presidencia municipal de Toluca, diputada federal por el distrito 34 Toluca, diputada local, secretaria del Trabajo en el presente sexenio, y su \u00faltimo cargo fue como secretaria de las Mujeres.<\/p>\n","protected":false},"excerpt":{"rendered":"<p>El Gobierno del Estado de M\u00e9xico anunci\u00f3 ambos en el gabinete estatal; Brenda Alvarado S\u00e1nchez rindi\u00f3 protesta como la nueva secretaria de Desarrollo Social y Denisse Ugalde Alegr\u00eda, como secretaria de las Mujeres.<\/p>\n","protected":false},"author":3,"featured_media":60422,"comment_status":"open","ping_status":"open","sticky":false,"template":"","format":"standard","meta":{"_monsterinsights_skip_tracking":false,"footnotes":""},"categories":[693,51],"tags":[],"class_list":["post-60421","post","type-post","status-publish","format-standard","has-post-thumbnail","category-693","category-ejecutivo"],"_links":{"self":[{"href":"https:\/\/redsemlac.com\/semmexico\/wp-json\/wp\/v2\/posts\/60421","targetHints":{"allow":["GET"]}}],"collection":[{"href":"https:\/\/redsemlac.com\/semmexico\/wp-json\/wp\/v2\/posts"}],"about":[{"href":"https:\/\/redsemlac.com\/semmexico\/wp-json\/wp\/v2\/types\/post"}],"author":[{"embeddable":true,"href":"https:\/\/redsemlac.com\/semmexico\/wp-json\/wp\/v2\/users\/3"}],"replies":[{"embeddable":true,"href":"https:\/\/redsemlac.com\/semmexico\/wp-json\/wp\/v2\/comments?post=60421"}],"version-history":[{"count":0,"href":"https:\/\/redsemlac.com\/semmexico\/wp-json\/wp\/v2\/posts\/60421\/revisions"}],"wp:featuredmedia":[{"embeddable":true,"href":"https:\/\/redsemlac.com\/semmexico\/wp-json\/wp\/v2\/media\/60422"}],"wp:attachment":[{"href":"https:\/\/redsemlac.com\/semmexico\/wp-json\/wp\/v2\/media?parent=60421"}],"wp:term":[{"taxonomy":"category","embeddable":true,"href":"https:\/\/redsemlac.com\/semmexico\/wp-json\/wp\/v2\/categories?post=60421"},{"taxonomy":"post_tag","embeddable":true,"href":"https:\/\/redsemlac.com\/semmexico\/wp-json\/wp\/v2\/tags?post=60421"}],"curies":[{"name":"wp","href":"https:\/\/api.w.org\/{rel}","templated":true}]}}