{"id":60418,"date":"2022-12-08T17:59:54","date_gmt":"2022-12-08T23:59:54","guid":{"rendered":"https:\/\/redsemlac.com\/semmexico\/?p=60418"},"modified":"2023-07-21T19:24:28","modified_gmt":"2023-07-22T00:24:28","slug":"fepalc-y-sntrp-llaman-al-gobierno-a-solucionar-el-conflicto-de-notimex-y-terminar-el-clima-adverso-contra-las-y-los-periodistas","status":"publish","type":"post","link":"https:\/\/redsemlac.com\/semmexico\/fepalc-y-sntrp-llaman-al-gobierno-a-solucionar-el-conflicto-de-notimex-y-terminar-el-clima-adverso-contra-las-y-los-periodistas\/","title":{"rendered":"FEPALC Y SNTRP llaman al gobierno a solucionar el conflicto de Notimex y terminar el clima adverso contra las y los periodistas\u00a0"},"content":{"rendered":"\n<ul class=\"wp-block-list\">\n<li><strong>Del 90 por ciento la tasa de impunidad en asesinato de periodistas en M\u00e9xico.<\/strong><\/li>\n\n\n\n<li><strong>En v\u00edsperas de celebrarse el D\u00eda de los Derechos Humanos, este 10 de diciembre, demandan una pronta y expedita impartici\u00f3n de justicia.<\/strong><\/li>\n<\/ul>\n\n\n\n<p class=\"wp-block-paragraph\"><strong>Elda Montiel<\/strong><\/p>\n\n\n\n<p class=\"wp-block-paragraph\">SemM\u00e9xico, Ciudad de M\u00e9xico, 8 de diciembre del 2022.- La Federaci\u00f3n de Periodistas de Am\u00e9rica Latina (FELPAC) demand\u00f3 la soluci\u00f3n inmediata a la huelga de Notimex; que el poder judicial investigue y castigue a los autores materiales e intelectuales de los asesinatos a las y los periodistas mexicanos y que desde el poder p\u00fablico se detenga la estigmatizaci\u00f3n y descalificaci\u00f3n de la actividad period\u00edstica y de quienes la ejercen, toda vez que ello crea un clima adverso en contra de las y los profesionales de la comunicaci\u00f3n ya que eso podr\u00eda ponerlos en mayor riesgo.<\/p>\n\n\n\n<p class=\"wp-block-paragraph\">En Carta Abierta, hacen la petici\u00f3n, ante la gravedad de la violencia en M\u00e9xico, donde cada tres semanas matan a un comunicador o comunicadora sin que pase nada, sin que se conozca qui\u00e9n o qui\u00e9nes son los autores materiales e intelectuales de los cr\u00edmenes y sin que haya castigo para sus perpetradores, ni justicia para sus familiares.<\/p>\n\n\n\n<p class=\"wp-block-paragraph\">En el marco del D\u00eda Internacional de los Derechos Humanos, la FELPAC junto con el Sindicato de Redactores de la Prensa (SNRP) organizaci\u00f3n nacional, hacen un llamado al gobierno de Andr\u00e9s Manuel L\u00f3pez Obrador a garantizar el derecho a la vida y al trabajo de las y los periodistas mexicanos.<\/p>\n\n\n\n<p class=\"wp-block-paragraph\">Se se\u00f1ala en la Carta Abierta, que la tasa de impunidad en torno a los asesinatos de trabajadores\/as del periodismo en M\u00e9xico es de m\u00e1s del 90 por ciento de acuerdo a cifras de entidades aut\u00f3nomas y gubernamentales del pa\u00eds, como son la Comisi\u00f3n Nacional de los Derechos Humanos y la Secretar\u00eda de Gobernaci\u00f3n.<\/p>\n\n\n\n<p class=\"wp-block-paragraph\">Abunda la carta abierta que es grave y alarmante la incesante violencia y vulneraci\u00f3n a la que se enfrentan diariamente periodistas y trabajadores\/as de la prensa. \u201cNo est\u00e1 dem\u00e1s destacar que el periodismo es vital para garantizar el desarrollo democr\u00e1tico de los pa\u00edses y su ciudadan\u00eda\u201d.<\/p>\n\n\n\n<p class=\"wp-block-paragraph\">Como gremio de trabajadores\/as organizados\/as de periodistas en el continente, le solicitan intervenir de forma inmediata para dar fin a la huelga que su gobierno mantiene en la agencia de noticias del Estado mexicano, Notimex, que ya cumple m\u00e1s de 1021 d\u00edas de haber iniciado la huelga con lo que se solidarizan con el fraterno Sindicato \u00danico de Trabajadores de Notimex (Sutnotimex).<\/p>\n\n\n\n<p class=\"wp-block-paragraph\">Refieren que en v\u00edsperas de celebrarse el D\u00eda de los Derechos Humanos, este 10 de diciembre, establecido desde 1948 por la Organizaci\u00f3n de las Naciones Unidas, demanda una pronta y expedita impartici\u00f3n de justicia cuando son asesinados\/as, desaparecidos\/as y agraviados\/as los trabajadores de la prensa, as\u00ed como urge el cese inmediato de la impunidad que prevalece en torno a los cr\u00edmenes perpetrados contra el gremio de prensa.<\/p>\n\n\n\n<p class=\"wp-block-paragraph\">La situaci\u00f3n que enfrentan las y los periodistas mexicanos en el actual gobierno mexicano ha sido visibilizada por la Federaci\u00f3n Internacional de Periodistas (FIP), el Club de Prensa de Nueva York y Propuesta C\u00edvica, entre otros. Por la cual han sido asesinados\/as al menos 43 periodistas en la actual administraci\u00f3n. Tan s\u00f3lo este a\u00f1o han sido asesinados y asesinadas 16 periodistas impunemente.<\/p>\n\n\n\n<p class=\"wp-block-paragraph\">Hace ocho a\u00f1os, en la segunda semana de septiembre del 2014, la Federaci\u00f3n Internacional de Periodistas (FIP), a la cual estamos afiliados, realiz\u00f3 una Misi\u00f3n de Solidaridad con el gremio en M\u00e9xico, demandando acciones&nbsp; contra la impunidad, al tiempo que se solicit\u00f3 mejorar las condiciones de trabajo para las y los periodistas; se denunciaron los asesinatos, la autocensura, el alto riesgo profesional y las zonas de silencio informativo en las que, por la creciente violencia, es cada vez m\u00e1s complicado realizar las coberturas noticiosas profesionales.<\/p>\n\n\n\n<p class=\"wp-block-paragraph\">Desafortunadamente, el escenario de hace ocho a\u00f1os no es diferente; por el contrario, hoy se ha deteriorado y es mucho m\u00e1s peligroso. Los asesinatos van en aumento, la impunidad no se ha reducido y la violaci\u00f3n a los derechos humanos, laborales y gremiales son la constante en M\u00e9xico.<\/p>\n\n\n\n<p class=\"wp-block-paragraph\">Firma el presidente de la Federaci\u00f3n, Fabi\u00e1n Cardozo<\/p>\n\n\n\n<p class=\"wp-block-paragraph\">Asociaci\u00f3n de la Prensa Uruguaya<\/p>\n\n\n\n<p class=\"wp-block-paragraph\">Sindicato Nacional de Redactores de la Prensa (M\u00e9xico)<\/p>\n\n\n\n<p class=\"wp-block-paragraph\">Sindicato de Periodistas del Paraguay<\/p>\n\n\n\n<p class=\"wp-block-paragraph\">Federa\u00e7\u00e3o Nacional dos Jornalistas (Brasil)<\/p>\n\n\n\n<p class=\"wp-block-paragraph\">Federaci\u00f3n Nacional de Trabajadores de los Medios de Comunicaci\u00f3n Social de Chile<\/p>\n\n\n\n<p class=\"wp-block-paragraph\">Asociaci\u00f3n Nacional de Periodistas del Per\u00fa<\/p>\n\n\n\n<p class=\"wp-block-paragraph\">Sindicato Nacional de Trabajadores de la Prensa (Venezuela)<\/p>\n\n\n\n<p class=\"wp-block-paragraph\">Federaci\u00f3n Colombiana de Periodistas<\/p>\n\n\n\n<p class=\"wp-block-paragraph\">Federaci\u00f3n Nacional de Periodistas (Ecuador)<\/p>\n\n\n\n<p class=\"wp-block-paragraph\">Sindicato Nacional de Trabajadores de la Prensa (Rep\u00fablica Dominicana)<\/p>\n\n\n\n<p class=\"wp-block-paragraph\">Association des Journalistes ha\u00eftiens<\/p>\n\n\n\n<p class=\"wp-block-paragraph\">Sindicato de Periodistas de Panam\u00e1<\/p>\n\n\n\n<p class=\"wp-block-paragraph\">Sindicato Nacional de Periodistas (Costa Rica)<\/p>\n\n\n\n<p class=\"wp-block-paragraph\">SEM\/MG<\/p>\n","protected":false},"excerpt":{"rendered":"<p>Del 90 por ciento la tasa de impunidad en asesinato de periodistas en M\u00e9xico.<\/p>\n","protected":false},"author":3,"featured_media":40037,"comment_status":"open","ping_status":"open","sticky":false,"template":"","format":"standard","meta":{"_monsterinsights_skip_tracking":false,"footnotes":""},"categories":[693,55],"tags":[],"class_list":["post-60418","post","type-post","status-publish","format-standard","has-post-thumbnail","category-693","category-periodistas"],"_links":{"self":[{"href":"https:\/\/redsemlac.com\/semmexico\/wp-json\/wp\/v2\/posts\/60418","targetHints":{"allow":["GET"]}}],"collection":[{"href":"https:\/\/redsemlac.com\/semmexico\/wp-json\/wp\/v2\/posts"}],"about":[{"href":"https:\/\/redsemlac.com\/semmexico\/wp-json\/wp\/v2\/types\/post"}],"author":[{"embeddable":true,"href":"https:\/\/redsemlac.com\/semmexico\/wp-json\/wp\/v2\/users\/3"}],"replies":[{"embeddable":true,"href":"https:\/\/redsemlac.com\/semmexico\/wp-json\/wp\/v2\/comments?post=60418"}],"version-history":[{"count":0,"href":"https:\/\/redsemlac.com\/semmexico\/wp-json\/wp\/v2\/posts\/60418\/revisions"}],"wp:featuredmedia":[{"embeddable":true,"href":"https:\/\/redsemlac.com\/semmexico\/wp-json\/wp\/v2\/media\/40037"}],"wp:attachment":[{"href":"https:\/\/redsemlac.com\/semmexico\/wp-json\/wp\/v2\/media?parent=60418"}],"wp:term":[{"taxonomy":"category","embeddable":true,"href":"https:\/\/redsemlac.com\/semmexico\/wp-json\/wp\/v2\/categories?post=60418"},{"taxonomy":"post_tag","embeddable":true,"href":"https:\/\/redsemlac.com\/semmexico\/wp-json\/wp\/v2\/tags?post=60418"}],"curies":[{"name":"wp","href":"https:\/\/api.w.org\/{rel}","templated":true}]}}