{"id":60405,"date":"2022-12-08T15:59:52","date_gmt":"2022-12-08T21:59:52","guid":{"rendered":"https:\/\/redsemlac.com\/semmexico\/?p=60405"},"modified":"2023-07-21T19:24:29","modified_gmt":"2023-07-22T00:24:29","slug":"a-poco-de-cumplir-20-meses-de-lucha-feminista-es-borrada-por-error-humano","status":"publish","type":"post","link":"https:\/\/redsemlac.com\/semmexico\/a-poco-de-cumplir-20-meses-de-lucha-feminista-es-borrada-por-error-humano\/","title":{"rendered":"A poco de cumplir 20 meses de lucha feminista, es borrada por \u201cerror humano\u201d"},"content":{"rendered":"\n<ul class=\"wp-block-list\">\n<li><strong>La Universidad Aut\u00f3noma de Guerrero (UAGro),&nbsp; \u201cpor error humano\u201d, borraron el mural alusivo a la lucha feminista y sus derechos, Colectiva Las Revueltas, exigi\u00f3 respeto al espacio p\u00fablico.<\/strong><strong><\/strong><\/li>\n<\/ul>\n\n\n\n<p class=\"wp-block-paragraph\"><strong>Josefina Aguilar Pastor<\/strong><\/p>\n\n\n\n<p class=\"wp-block-paragraph\">SemM\u00e9xico, Chilpancingo, Guerrero, 8 de diciembre del 2022.- La noche de este mi\u00e9rcoles, integrantes de la colectiva \u201cLas Revueltas\u201d, intervinieron el espacio ubicado en Ciudad Universitaria Sur en Chilpancingo, luego de que trabajadores de la Universidad Aut\u00f3noma de Guerrero (UAGro),&nbsp; \u201cpor error humano\u201d, borraron el mural alusivo a la lucha feminista y sus derechos, exigieron respeto al espacio p\u00fablico.<\/p>\n\n\n\n<p class=\"wp-block-paragraph\">Luego de que se diera a conocer de qu\u00e9 habr\u00eda sido una orden salida de rector\u00eda, el rector Jos\u00e9 Alfredo Romero Olea rechaz\u00f3 que haya dado tal indicaci\u00f3n, dijo que ni siquiera sab\u00eda de ello, y ofreci\u00f3 una investigaci\u00f3n.<\/p>\n\n\n\n<p class=\"wp-block-paragraph\">M\u00e1s tarde la UAGro, emiti\u00f3 un comunicado, en que admiti\u00f3 que por \u201cun error humano\u201d, dicho mural hab\u00eda sido borrado, ofreci\u00f3 tambi\u00e9n una investigaci\u00f3n, sancionar a los responsables, as\u00ed como una disculpa a los y las artistas de los murales, puso a disposici\u00f3n dicho espacio e incluso prometi\u00f3 dotarlas de los materiales para que vuelvan a pintarlo.<\/p>\n\n\n\n<p class=\"wp-block-paragraph\">Cerca de las once de la noche, integrantes de \u201cLas Revueltas\u201d, intervinieron dicho espacio, declar\u00e1ndolo como un espacio de la lucha feminista.<\/p>\n\n\n<div class=\"wp-block-image\">\n<figure class=\"alignleft size-full is-resized\"><a href=\"https:\/\/redsemlac.com\/semmexico\/wp-content\/uploads\/2022\/12\/GUERRERO-2-1.jpg\"><img loading=\"lazy\" decoding=\"async\" src=\"https:\/\/redsemlac.com\/semmexico\/wp-content\/uploads\/2022\/12\/GUERRERO-2-1.jpg\" alt=\"\" class=\"wp-image-60407\" width=\"306\" height=\"474\"\/><\/a><\/figure>\n<\/div>\n\n\n<p class=\"wp-block-paragraph\">Yolitzin Jaimes Rend\u00f3n, coordinadora de \u201cLas Revueltas\u201d, emiti\u00f3 un posicionamiento en el que expuso que en la lucha hist\u00f3rica de las mujeres siempre han procurado desde toda extensi\u00f3n, que sus derechos humanos se den en condiciones de dignidad humana, no discriminaci\u00f3n.&nbsp;<\/p>\n\n\n\n<p class=\"wp-block-paragraph\">\u201cEs por ello que priorizando los derechos humanos culturales y la lucha hist\u00f3rica que hemos defendido las mujeres desde todas las \u00e1reas es que hoy consideramos necesario que los espacios p\u00fablicos y de expresi\u00f3n art\u00edstica se den en un marco de respeto por una lucha que tiene como antecedente priorizar una vida libre de violencia desde la creaci\u00f3n, el amor entre mujeres y los lazos colectivos de la comunidad\u201d.&nbsp;<\/p>\n\n\n\n<p class=\"wp-block-paragraph\">Exigi\u00f3 respeto a su espacio, y puntualiz\u00f3 que su causa es la causa de todas las mujeres; \u201chemos vivido en los m\u00e1rgenes y hoy venimos a trazar nuestros pasos en cada rinc\u00f3n de las calles que tambi\u00e9n son nuestras\u201d, asent\u00f3.<\/p>\n\n\n\n<p class=\"wp-block-paragraph\">Se\u00f1al\u00f3 que Las Revueltas, fueron quienes organizaron y gestionaron todos los recursos para la realizaci\u00f3n del mural, y ya analizaban la propuesta para darle seguimiento a dicho proyecto y su continuidad.&nbsp;<\/p>\n\n\n\n<p class=\"wp-block-paragraph\">El mediod\u00eda de este jueves, lanzaron una convocatoria dirigida a todas las mujeres y ni\u00f1as para pintar la \u201cMuralia\u201d este s\u00e1bado 10 y domingo 11, y as\u00ed retomar el espacio creado el 24 de abril de 2021, y crear referencias simb\u00f3licas&nbsp; de la pol\u00edtica de las mujeres.<\/p>\n\n\n\n<p class=\"wp-block-paragraph\">SEM\/MG<\/p>\n","protected":false},"excerpt":{"rendered":"<p>La Universidad Aut\u00f3noma de Guerrero (UAGro),\u00a0 \u201cpor error humano\u201d, borraron el mural alusivo a la lucha feminista y sus derechos, Colectiva Las Revueltas, exigi\u00f3 respeto al espacio p\u00fablico.<\/p>\n","protected":false},"author":3,"featured_media":60406,"comment_status":"open","ping_status":"open","sticky":false,"template":"","format":"standard","meta":{"_monsterinsights_skip_tracking":false,"footnotes":""},"categories":[693,54],"tags":[144,149],"class_list":["post-60405","post","type-post","status-publish","format-standard","has-post-thumbnail","category-693","category-mujeres","tag-guerrero","tag-mujeres"],"_links":{"self":[{"href":"https:\/\/redsemlac.com\/semmexico\/wp-json\/wp\/v2\/posts\/60405","targetHints":{"allow":["GET"]}}],"collection":[{"href":"https:\/\/redsemlac.com\/semmexico\/wp-json\/wp\/v2\/posts"}],"about":[{"href":"https:\/\/redsemlac.com\/semmexico\/wp-json\/wp\/v2\/types\/post"}],"author":[{"embeddable":true,"href":"https:\/\/redsemlac.com\/semmexico\/wp-json\/wp\/v2\/users\/3"}],"replies":[{"embeddable":true,"href":"https:\/\/redsemlac.com\/semmexico\/wp-json\/wp\/v2\/comments?post=60405"}],"version-history":[{"count":0,"href":"https:\/\/redsemlac.com\/semmexico\/wp-json\/wp\/v2\/posts\/60405\/revisions"}],"wp:featuredmedia":[{"embeddable":true,"href":"https:\/\/redsemlac.com\/semmexico\/wp-json\/wp\/v2\/media\/60406"}],"wp:attachment":[{"href":"https:\/\/redsemlac.com\/semmexico\/wp-json\/wp\/v2\/media?parent=60405"}],"wp:term":[{"taxonomy":"category","embeddable":true,"href":"https:\/\/redsemlac.com\/semmexico\/wp-json\/wp\/v2\/categories?post=60405"},{"taxonomy":"post_tag","embeddable":true,"href":"https:\/\/redsemlac.com\/semmexico\/wp-json\/wp\/v2\/tags?post=60405"}],"curies":[{"name":"wp","href":"https:\/\/api.w.org\/{rel}","templated":true}]}}