{"id":60402,"date":"2022-12-08T14:49:00","date_gmt":"2022-12-08T20:49:00","guid":{"rendered":"https:\/\/redsemlac.com\/semmexico\/?p=60402"},"modified":"2023-07-21T19:24:29","modified_gmt":"2023-07-22T00:24:29","slug":"cumplen-cinco-dias-encarceladas-mujeres-rehenes-de-una-contienda-politica","status":"publish","type":"post","link":"https:\/\/redsemlac.com\/semmexico\/cumplen-cinco-dias-encarceladas-mujeres-rehenes-de-una-contienda-politica\/","title":{"rendered":"Cumplen cinco d\u00edas encarceladas, mujeres rehenes de una contienda pol\u00edtica"},"content":{"rendered":"\n<ul class=\"wp-block-list\">\n<li><strong>Fueron detenidas a cambio de la renuncia del presidente municipal.<\/strong><\/li>\n\n\n\n<li><strong>Ellas son familiares del mun\u00edcipe de San Mart\u00edn Peras.<\/strong><\/li>\n<\/ul>\n\n\n\n<p class=\"wp-block-paragraph\"><strong>Patricia Brise\u00f1o<\/strong><\/p>\n\n\n\n<p class=\"wp-block-paragraph\">SemM\u00e9xico, Oaxaca, 8 de diciembre del 2022.- Dos mujeres, de 70 y 52 a\u00f1os de edad, cumplieron cinco d\u00edas encarceladas por un grupo de la comunidad de San Miguel Peras, regi\u00f3n de la Mixteca, como medida de presi\u00f3n para que el presidente municipal, Rom\u00e1n Ju\u00e1rez Cruz, deponga al cargo.&nbsp;<\/p>\n\n\n\n<p class=\"wp-block-paragraph\">Adem\u00e1s, sus gobernadas y gobernados exigen una auditoria, por supuesta malversaci\u00f3n de fondos federales, recibidos en los tres trimestres del presente a\u00f1o.&nbsp;<\/p>\n\n\n\n<p class=\"wp-block-paragraph\">Personal de la Defensor\u00eda de los Derechos Humanos del Pueblo de Oaxaca (DDHPO) acudi\u00f3 al municipio de San Mart\u00edn Peras, para certificar las condiciones de salud y bienestar de las ind\u00edgenas encarceladas, quienes tambi\u00e9n son familiares del mun\u00edcipe.<\/p>\n\n\n\n<p class=\"wp-block-paragraph\">El organismo aut\u00f3nomo inici\u00f3 su investigaci\u00f3n el domingo pasado y mantiene un proceso de di\u00e1logo con la comunidad para poder establecer puentes de comunicaci\u00f3n que permitan alcanzar acuerdos en pro de la paz.&nbsp;<\/p>\n\n\n\n<p class=\"wp-block-paragraph\">Un ciudadano de San Mart\u00edn, Elpidio Ram\u00edrez Morales argument\u00f3 que la asamblea del pueblo, reunida el pasado 14 de noviembre, acord\u00f3 emplazar al alcalde a rendir cuentas de gastos, en caso contrario habr\u00edan de encarcelarlo, ante su ausencia, se determin\u00f3 detener a la esposa y suegra de Ju\u00e1rez Cruz, como \u201cmedida de presi\u00f3n\u201d.&nbsp;<\/p>\n\n\n\n<p class=\"wp-block-paragraph\">Sostuvo que ambas mujeres \u201cdecidieron\u201d quedarse encerradas por su propia voluntad, sin embargo, esto fue desmentido por el regidor de Educaci\u00f3n, Braulio Gonz\u00e1lez, testigo de c\u00f3mo ellas fueron sustra\u00eddas de su hogar, junto con dos menores, a \u201cpunta de pistola\u201d.&nbsp;<\/p>\n\n\n\n<p class=\"wp-block-paragraph\">De tal manera, que la Defensor\u00eda inici\u00f3 el expediente de queja DDHPO\/058\/SJ\/(12)\/OAX\/2022 dentro del cual dict\u00f3 medidas cautelares y solicit\u00f3 a la Fiscal\u00eda General del Estado y a la Secretar\u00eda de Seguridad P\u00fablica que realicen las investigaciones correspondientes y garanticen la seguridad e integridad de las v\u00edctimas, respectivamente.<\/p>\n\n\n\n<p class=\"wp-block-paragraph\">Adem\u00e1s, pidi\u00f3 en v\u00edas de colaboraci\u00f3n a la Secretar\u00eda de Gobierno que propicie la conciliaci\u00f3n, los acuerdos y resoluci\u00f3n pac\u00edfica del conflicto pol\u00edtico y social de la comunidad.<\/p>\n\n\n\n<p class=\"wp-block-paragraph\">SEM\/MG<\/p>\n","protected":false},"excerpt":{"rendered":"<p>Fueron detenidas a cambio de la renuncia del presidente municipal.<\/p>\n","protected":false},"author":3,"featured_media":60403,"comment_status":"open","ping_status":"open","sticky":false,"template":"","format":"standard","meta":{"_monsterinsights_skip_tracking":false,"footnotes":""},"categories":[693,47,48],"tags":[149,146,142],"class_list":["post-60402","post","type-post","status-publish","format-standard","has-post-thumbnail","category-693","category-no-mas-impunidad","category-no-mas-impunidad-no-mas-impunidad","tag-mujeres","tag-oaxaca","tag-violencia"],"_links":{"self":[{"href":"https:\/\/redsemlac.com\/semmexico\/wp-json\/wp\/v2\/posts\/60402","targetHints":{"allow":["GET"]}}],"collection":[{"href":"https:\/\/redsemlac.com\/semmexico\/wp-json\/wp\/v2\/posts"}],"about":[{"href":"https:\/\/redsemlac.com\/semmexico\/wp-json\/wp\/v2\/types\/post"}],"author":[{"embeddable":true,"href":"https:\/\/redsemlac.com\/semmexico\/wp-json\/wp\/v2\/users\/3"}],"replies":[{"embeddable":true,"href":"https:\/\/redsemlac.com\/semmexico\/wp-json\/wp\/v2\/comments?post=60402"}],"version-history":[{"count":0,"href":"https:\/\/redsemlac.com\/semmexico\/wp-json\/wp\/v2\/posts\/60402\/revisions"}],"wp:featuredmedia":[{"embeddable":true,"href":"https:\/\/redsemlac.com\/semmexico\/wp-json\/wp\/v2\/media\/60403"}],"wp:attachment":[{"href":"https:\/\/redsemlac.com\/semmexico\/wp-json\/wp\/v2\/media?parent=60402"}],"wp:term":[{"taxonomy":"category","embeddable":true,"href":"https:\/\/redsemlac.com\/semmexico\/wp-json\/wp\/v2\/categories?post=60402"},{"taxonomy":"post_tag","embeddable":true,"href":"https:\/\/redsemlac.com\/semmexico\/wp-json\/wp\/v2\/tags?post=60402"}],"curies":[{"name":"wp","href":"https:\/\/api.w.org\/{rel}","templated":true}]}}