{"id":60399,"date":"2022-12-08T14:19:03","date_gmt":"2022-12-08T20:19:03","guid":{"rendered":"https:\/\/redsemlac.com\/semmexico\/?p=60399"},"modified":"2023-07-21T19:24:29","modified_gmt":"2023-07-22T00:24:29","slug":"violencia-vicaria-micaela-busca-a-sus-hijos-que-le-arrebataron-hace-mas-de-dos-anos","status":"publish","type":"post","link":"https:\/\/redsemlac.com\/semmexico\/violencia-vicaria-micaela-busca-a-sus-hijos-que-le-arrebataron-hace-mas-de-dos-anos\/","title":{"rendered":"Violencia Vicaria: Micaela busca a sus hijos que le arrebataron hace m\u00e1s de dos a\u00f1os"},"content":{"rendered":"\n<ul class=\"wp-block-list\">\n<li><strong>Las madres que luchan por el reconocimiento de la Violencia Vicaria en M\u00e9xico, se re\u00fanen en un foro en Tuxtla Guti\u00e9rrez.<\/strong><\/li>\n\n\n\n<li><strong>Violencia Vicaria: trata de violaciones a los derechos humanos de ni\u00f1as, ni\u00f1os y mujeres que han ido en aumento, ante los ojos c\u00f3mplices del sistema judicial mexicano.<\/strong><\/li>\n<\/ul>\n\n\n\n<p class=\"wp-block-paragraph\"><strong>Gabriela Couti\u00f1o<\/strong><\/p>\n\n\n\n<p class=\"wp-block-paragraph\">SemM\u00e9xico, Tuxtla Guti\u00e9rrez, Chiapas, 8 de diciembre del 2022.- Han pasado m\u00e1s de dos a\u00f1os de que a Micaela Giacobone Schwartz, su exesposo Elmar Setzer Pedrero le arrebatara a sus tres hijos con enga\u00f1os. Desde entonces, los ha buscado en casas de San Crist\u00f3bal de las Casas, Tuxtla Guti\u00e9rrez y la Ciudad de M\u00e9xico, sin resultados.<\/p>\n\n\n\n<p class=\"wp-block-paragraph\">\u201cVengo a ver al arquitecto Setzer; soy la mam\u00e1 de los ni\u00f1os\u201d, dijo Micaela al vigilante en una de las casas de la familia en Chiapas, donde cree se encuentran sus menores hijos.<\/p>\n\n\n\n<p class=\"wp-block-paragraph\">La respuesta del vigilante fue contradictoria: \u201cAhorita no se encuentran; no hay nadie; yo agarr\u00e9 el turno apenas y no hay nadie. No tengo instrucciones de dejarla pasar\u201d, le dijo.<\/p>\n\n\n\n<p class=\"wp-block-paragraph\">A trav\u00e9s de su cuenta de Instagram Micaela v\u00edctima de violencia vicaria, narr\u00f3 que luego de varias horas de esperar afuera del domicilio localizado en unas de las monta\u00f1as de Los Altos de Chiapas, recibi\u00f3 un mensaje de WhatsApp del padre de sus hijos que le dec\u00eda que al d\u00eda siguiente, mi\u00e9rcoles podr\u00eda comer con los ni\u00f1os y llevarlos a sus clases.<\/p>\n\n\n\n<p class=\"wp-block-paragraph\">Ayer mi\u00e9rcoles la tambi\u00e9n abogada, volvi\u00f3 a presentarse en la casa propiedad de su exesposo, para comer con sus hijos como le hab\u00edan prometido; pero nunca le abrieron la puerta.<\/p>\n\n\n\n<p class=\"wp-block-paragraph\">A las 6 de la tarde Giacobone Schwartz, grab\u00f3 otra historia donde se\u00f1ala: \u201cAqu\u00ed andamos esperando, el se\u00f1or dijo que iba a poder comer con mis hijos; pero ya son casi las 6 de la tarde, y no ha cumplido, as\u00ed es siempre. Esta es la cara de la Violencia Vicaria de nuevo\u201d.<\/p>\n\n\n\n<p class=\"wp-block-paragraph\">Micaela, junto con Mayte L\u00f3pez Garc\u00eda, Eileen Rodr\u00edguez, entre otras mujeres que este jueves se reunir\u00e1n en el foro: <em>Violencia Vicaria, su tipificaci\u00f3n como delito<\/em>, llevan a\u00f1os en procesos judiciales muy doloroso de recuperaci\u00f3n, donde han luchado por sanar las secuelas de la violencia vicaria que han sufrido al ser separadas de sus hijos.<\/p>\n\n\n\n<p class=\"wp-block-paragraph\">Las tres mujeres se volvieron activistas y son la voz de m\u00e1s de 600 madres que integran el Frente Nacional contra la Violencia Vicaria que impulsan en las entidades que se reconozca este tipo de violencia de g\u00e9nero, pues se trata de violaciones a los derechos humanos de ni\u00f1as, ni\u00f1os y mujeres que han ido en aumento, ante los ojos c\u00f3mplices del sistema judicial mexicano.<\/p>\n\n\n\n<p class=\"wp-block-paragraph\">Este jueves en el foro, estar\u00e1 presente la senadora Mal\u00fa Micher Camarena, una de las legisladoras impulsora de la Ley contra la Violencia Vicaria; la diputada local Floralma G\u00f3mez Santiz; la diputada local por Puebla, donde ya es ley, Aurora Sierra.<\/p>\n\n\n\n<p class=\"wp-block-paragraph\">El foro fue organizado por la regidora Adriana Guill\u00e9n Hern\u00e1ndez, y Gely Pacheco, secretaria para la Igualdad de las Mujeres del Ayuntamiento de Tuxtla Guti\u00e9rrez.<\/p>\n\n\n\n<p class=\"wp-block-paragraph\">SEM\/MG<\/p>\n","protected":false},"excerpt":{"rendered":"<p>Las madres que luchan por el reconocimiento de la Violencia Vicaria en M\u00e9xico, se re\u00fanen en un foro en Tuxtla Guti\u00e9rrez.<\/p>\n","protected":false},"author":3,"featured_media":60400,"comment_status":"open","ping_status":"open","sticky":false,"template":"","format":"standard","meta":{"_monsterinsights_skip_tracking":false,"footnotes":""},"categories":[693,47,48],"tags":[],"class_list":["post-60399","post","type-post","status-publish","format-standard","has-post-thumbnail","category-693","category-no-mas-impunidad","category-no-mas-impunidad-no-mas-impunidad"],"_links":{"self":[{"href":"https:\/\/redsemlac.com\/semmexico\/wp-json\/wp\/v2\/posts\/60399","targetHints":{"allow":["GET"]}}],"collection":[{"href":"https:\/\/redsemlac.com\/semmexico\/wp-json\/wp\/v2\/posts"}],"about":[{"href":"https:\/\/redsemlac.com\/semmexico\/wp-json\/wp\/v2\/types\/post"}],"author":[{"embeddable":true,"href":"https:\/\/redsemlac.com\/semmexico\/wp-json\/wp\/v2\/users\/3"}],"replies":[{"embeddable":true,"href":"https:\/\/redsemlac.com\/semmexico\/wp-json\/wp\/v2\/comments?post=60399"}],"version-history":[{"count":0,"href":"https:\/\/redsemlac.com\/semmexico\/wp-json\/wp\/v2\/posts\/60399\/revisions"}],"wp:featuredmedia":[{"embeddable":true,"href":"https:\/\/redsemlac.com\/semmexico\/wp-json\/wp\/v2\/media\/60400"}],"wp:attachment":[{"href":"https:\/\/redsemlac.com\/semmexico\/wp-json\/wp\/v2\/media?parent=60399"}],"wp:term":[{"taxonomy":"category","embeddable":true,"href":"https:\/\/redsemlac.com\/semmexico\/wp-json\/wp\/v2\/categories?post=60399"},{"taxonomy":"post_tag","embeddable":true,"href":"https:\/\/redsemlac.com\/semmexico\/wp-json\/wp\/v2\/tags?post=60399"}],"curies":[{"name":"wp","href":"https:\/\/api.w.org\/{rel}","templated":true}]}}