{"id":60396,"date":"2022-12-08T14:13:32","date_gmt":"2022-12-08T20:13:32","guid":{"rendered":"https:\/\/redsemlac.com\/semmexico\/?p=60396"},"modified":"2023-07-21T19:24:29","modified_gmt":"2023-07-22T00:24:29","slug":"no-hay-seguimiento-a-la-salud-emocional-de-familiares-de-victimas-de-feminicidio-ocnf-presentan-nuevo-informe","status":"publish","type":"post","link":"https:\/\/redsemlac.com\/semmexico\/no-hay-seguimiento-a-la-salud-emocional-de-familiares-de-victimas-de-feminicidio-ocnf-presentan-nuevo-informe\/","title":{"rendered":"No hay seguimiento a la salud emocional de familiares de v\u00edctimas de feminicidio: OCNF presentan nuevo informe"},"content":{"rendered":"\n<ul class=\"wp-block-list\">\n<li><strong>Las madres, sobrevivientes y sus familiares enfrentan duelos complejos. Tambi\u00e9n aparecen los sentimientos de culpa, sobre lo que pudieron haber hecho para evitar los hechos.<\/strong><strong><\/strong><\/li>\n\n\n\n<li><strong>\u201cSon pocas las entidades que trabajan con un modelo espec\u00edfico de atenci\u00f3n para las v\u00edctimas\u201d, seg\u00fan informe.<\/strong><strong><\/strong><\/li>\n<\/ul>\n\n\n\n<p class=\"wp-block-paragraph\"><strong>Mercedes Mart\u00ednez<\/strong><\/p>\n\n\n\n<p class=\"wp-block-paragraph\">SemM\u00e9xico, Ciudad de M\u00e9xico, 8 de diciembre del 2022.- Las madres de mujeres asesinadas y sobrevivientes de tentativa de feminicidio padecen impactos emocionales que afectan su salud emocional, mental y f\u00edsica, y la de toda su familia, expuso este jueves Mar\u00eda de la Luz Estrada, directora del Observatorio Ciudadano Nacional del Feminicidio durante la presentaci\u00f3n del informe: <em>Impactos del feminicidio en M\u00e9xico y las respuestas del Estado<\/em>.<\/p>\n\n\n\n<p class=\"wp-block-paragraph\">Las madres, sobrevivientes y sus familiares enfrentan duelos complejos. \u201cEn un primer momento experimentan sentimientos de dolor, tristeza o rabia; en un segundo momento hay impotencia; finalmente dolor y soledad que no necesariamente mejora con el transcurso del tiempo\u201d, explic\u00f3 Estrada.<\/p>\n\n\n\n<p class=\"wp-block-paragraph\">Tambi\u00e9n aparecen los sentimientos de culpa, sobre lo que pudieron haber hecho para evitar los hechos. \u201cLa culpa es uno de los sentimientos m\u00e1s recurrentes en algunas madres que se cuestionan sobre qu\u00e9 podr\u00edan haber hecho diferente para evitar la muerte de sus hijas\u201d.<\/p>\n\n\n\n<p class=\"wp-block-paragraph\">Estrada explica que esto es consecuencia de la cultura de revictimizaci\u00f3n y de culpar a las mujeres o a las v\u00edctimas de la violencia de la que fueron objeto. La revictimizaci\u00f3n que se da en las instituciones, en las fiscal\u00edas y\/o en los medios de comunicaci\u00f3n. \u201cSe sigue responsabilizando del cuidado y la protecci\u00f3n a las familias, y no al Estado\u201d.<\/p>\n\n\n\n<p class=\"wp-block-paragraph\">Frente a esta problem\u00e1tica, en dicho informe se da cuenta que \u201cson pocas las entidades que trabajan con un modelo espec\u00edfico de atenci\u00f3n para las v\u00edctimas\u201d. Esto, a pesar de que la Ley General de V\u00edctimas establece que se debe brindar asistencia m\u00e9dica y especializada incluyendo la psiqui\u00e1trica, psicol\u00f3gica, traumatol\u00f3gica y tanatol\u00f3gica.<\/p>\n\n\n\n<p class=\"wp-block-paragraph\">Por ejemplo, la Ciudad de M\u00e9xico report\u00f3 que no brinda atenci\u00f3n psicol\u00f3gica por feminicidio a v\u00edctimas indirectas; Puebla ha dado atenci\u00f3n a solo tres v\u00edctimas indirectas; y en Colima no se ha brindado atenci\u00f3n a estas v\u00edctimas, al menos hasta febrero de 2022.<\/p>\n\n\n\n<p class=\"wp-block-paragraph\">Nuevo Le\u00f3n report\u00f3 atender en promedio seis casos a la semana; mientras que en el Estado de M\u00e9xico, cada psic\u00f3logo tiene 329 solicitudes de atenci\u00f3n, aunque no se especifica el delito al que est\u00e1n relacionadas.<\/p>\n\n\n\n<p class=\"wp-block-paragraph\">De acuerdo al informe, los impactos psicoemocionales se presentan en diferentes niveles: individual y familiar. Con base en los relatos de las familias y v\u00edctimas de tentativa, el hecho victimizante implica una situaci\u00f3n traum\u00e1tica que genera afectaciones que se manifiestan a trav\u00e9s de distintas emociones como tristeza, enojo, ira, y miedo; adem\u00e1s de sentimientos como negaci\u00f3n, soledad, depresi\u00f3n, odio, rencor, desesperanza y culpa.<\/p>\n\n\n\n<p class=\"wp-block-paragraph\">El documento recoge que los impactos emocionales y psicol\u00f3gicos tras el asesinato de una mujer no son los \u00fanicos en una persona o una familia. \u201cLa mayor\u00eda de los familiares de las v\u00edctimas de feminicidio comentan que antes del hecho delictivo viv\u00edan una <em>vida normal<\/em>, donde trabajaban, estudiaban, apoyaban a sus familiares, ten\u00edan problemas cotidianos <em>como todas las familias<\/em>, pero el feminicidio de sus familiares gener\u00f3 un impacto que afect\u00f3 a todos los aspectos de su vida: a nivel emocional, econ\u00f3mico, laboral, social, familiar, de salud f\u00edsica, entre otros.<\/p>\n\n\n\n<p class=\"wp-block-paragraph\">Consulta el informe completo: <a href=\"https:\/\/www.observatoriofeminicidiomexico.org\/_files\/ugd\/ba8440_2e2cca43e3824f56b5ed3a4b6b73947b.pdf\">https:\/\/www.observatoriofeminicidiomexico.org\/_files\/ugd\/ba8440_2e2cca43e3824f56b5ed3a4b6b73947b.pdf<\/a><\/p>\n\n\n\n<p class=\"wp-block-paragraph\">SEM\/MG<\/p>\n","protected":false},"excerpt":{"rendered":"<p>Las madres, sobrevivientes y sus familiares enfrentan duelos complejos. Tambi\u00e9n aparecen los sentimientos de culpa, sobre lo que pudieron haber hecho para evitar los hechos.<\/p>\n","protected":false},"author":3,"featured_media":60397,"comment_status":"open","ping_status":"open","sticky":false,"template":"","format":"standard","meta":{"_monsterinsights_skip_tracking":false,"footnotes":""},"categories":[693,54],"tags":[149,142],"class_list":["post-60396","post","type-post","status-publish","format-standard","has-post-thumbnail","category-693","category-mujeres","tag-mujeres","tag-violencia"],"_links":{"self":[{"href":"https:\/\/redsemlac.com\/semmexico\/wp-json\/wp\/v2\/posts\/60396","targetHints":{"allow":["GET"]}}],"collection":[{"href":"https:\/\/redsemlac.com\/semmexico\/wp-json\/wp\/v2\/posts"}],"about":[{"href":"https:\/\/redsemlac.com\/semmexico\/wp-json\/wp\/v2\/types\/post"}],"author":[{"embeddable":true,"href":"https:\/\/redsemlac.com\/semmexico\/wp-json\/wp\/v2\/users\/3"}],"replies":[{"embeddable":true,"href":"https:\/\/redsemlac.com\/semmexico\/wp-json\/wp\/v2\/comments?post=60396"}],"version-history":[{"count":0,"href":"https:\/\/redsemlac.com\/semmexico\/wp-json\/wp\/v2\/posts\/60396\/revisions"}],"wp:featuredmedia":[{"embeddable":true,"href":"https:\/\/redsemlac.com\/semmexico\/wp-json\/wp\/v2\/media\/60397"}],"wp:attachment":[{"href":"https:\/\/redsemlac.com\/semmexico\/wp-json\/wp\/v2\/media?parent=60396"}],"wp:term":[{"taxonomy":"category","embeddable":true,"href":"https:\/\/redsemlac.com\/semmexico\/wp-json\/wp\/v2\/categories?post=60396"},{"taxonomy":"post_tag","embeddable":true,"href":"https:\/\/redsemlac.com\/semmexico\/wp-json\/wp\/v2\/tags?post=60396"}],"curies":[{"name":"wp","href":"https:\/\/api.w.org\/{rel}","templated":true}]}}