{"id":60390,"date":"2022-12-08T13:52:05","date_gmt":"2022-12-08T19:52:05","guid":{"rendered":"https:\/\/redsemlac.com\/semmexico\/?p=60390"},"modified":"2023-07-21T19:24:29","modified_gmt":"2023-07-22T00:24:29","slug":"katya-celeste-astronauta-mexicana-estara-en-camara-de-diputados","status":"publish","type":"post","link":"https:\/\/redsemlac.com\/semmexico\/katya-celeste-astronauta-mexicana-estara-en-camara-de-diputados\/","title":{"rendered":"Katya Celeste astronauta mexicana estar\u00e1 en C\u00e1mara de Diputados"},"content":{"rendered":"\n<ul class=\"wp-block-list\">\n<li><strong>Nacida en Guadalajara fue reconocida por el Congreso Legislativo de su estado donde refiri\u00f3 que ha sido discriminada por ser mujer y ser latina.&nbsp;&nbsp;<\/strong><\/li>\n<\/ul>\n\n\n\n<p class=\"wp-block-paragraph\"><strong>Micaela M\u00e1rquez<\/strong><\/p>\n\n\n\n<p class=\"wp-block-paragraph\">SemM\u00e9xico, Ciudad de M\u00e9xico, 8 de diciembre del 2022.- El pr\u00f3ximo martes 13 de diciembre har\u00e1 uso de la tribuna la ingeniera Katya Celeste Echazarreta Gonz\u00e1lez, la primera mujer nacida en M\u00e9xico en llegar al espacio ultraterrestre.<\/p>\n\n\n\n<p class=\"wp-block-paragraph\">El mensaje fue aprobado esta semana en sesi\u00f3n vespertina por el pleno solicitado por el diputado morenista Jes\u00fas Roberto Briano Borunda.<\/p>\n\n\n\n<p class=\"wp-block-paragraph\">La ingeniera Katya Celeste Echazarreta Gonz\u00e1lez es la primera mujer mexicana en viajar en una misi\u00f3n al espacio&nbsp; llamada Blue Origin NS21. Trabaj\u00f3 en cinco misiones de la NASA, entre ellas la Perseverance Rover y Europa Clipper.&nbsp;<\/p>\n\n\n\n<p class=\"wp-block-paragraph\">Ella ha expresado que la han cuestionado su presencia por ser mujer incluso reclam\u00e1ndole un lugar que no le corresponde desde la mirada masculina, a lo que ha respondido que el espacio siempre ha sido su lugar. Lo que refiri\u00f3 en la entrega de \u201cMujeres del A\u00f1o\u201d realizado por la revista Glamour M\u00e9xico. Mensaje en su cuenta de tik tok que ha sido visualizado por mas de 4 millones.<\/p>\n\n\n\n<p class=\"wp-block-paragraph\">Nacida en Guadalajara fue reconocida por el Congreso Legislativo de su estado donde refiri\u00f3 que ha sido discriminada por ser mujer y ser latina. &nbsp;&nbsp;<\/p>\n\n\n\n<p class=\"wp-block-paragraph\">SEM\/MG<\/p>\n","protected":false},"excerpt":{"rendered":"<p>Nacida en Guadalajara fue reconocida por el Congreso Legislativo de su estado donde refiri\u00f3 que ha sido discriminada por ser mujer y ser latina.\u00a0\u00a0<\/p>\n","protected":false},"author":3,"featured_media":60391,"comment_status":"open","ping_status":"open","sticky":false,"template":"","format":"standard","meta":{"_monsterinsights_skip_tracking":false,"footnotes":""},"categories":[693,50],"tags":[],"class_list":["post-60390","post","type-post","status-publish","format-standard","has-post-thumbnail","category-693","category-congreso"],"_links":{"self":[{"href":"https:\/\/redsemlac.com\/semmexico\/wp-json\/wp\/v2\/posts\/60390","targetHints":{"allow":["GET"]}}],"collection":[{"href":"https:\/\/redsemlac.com\/semmexico\/wp-json\/wp\/v2\/posts"}],"about":[{"href":"https:\/\/redsemlac.com\/semmexico\/wp-json\/wp\/v2\/types\/post"}],"author":[{"embeddable":true,"href":"https:\/\/redsemlac.com\/semmexico\/wp-json\/wp\/v2\/users\/3"}],"replies":[{"embeddable":true,"href":"https:\/\/redsemlac.com\/semmexico\/wp-json\/wp\/v2\/comments?post=60390"}],"version-history":[{"count":0,"href":"https:\/\/redsemlac.com\/semmexico\/wp-json\/wp\/v2\/posts\/60390\/revisions"}],"wp:featuredmedia":[{"embeddable":true,"href":"https:\/\/redsemlac.com\/semmexico\/wp-json\/wp\/v2\/media\/60391"}],"wp:attachment":[{"href":"https:\/\/redsemlac.com\/semmexico\/wp-json\/wp\/v2\/media?parent=60390"}],"wp:term":[{"taxonomy":"category","embeddable":true,"href":"https:\/\/redsemlac.com\/semmexico\/wp-json\/wp\/v2\/categories?post=60390"},{"taxonomy":"post_tag","embeddable":true,"href":"https:\/\/redsemlac.com\/semmexico\/wp-json\/wp\/v2\/tags?post=60390"}],"curies":[{"name":"wp","href":"https:\/\/api.w.org\/{rel}","templated":true}]}}