{"id":60383,"date":"2022-12-08T12:30:53","date_gmt":"2022-12-08T18:30:53","guid":{"rendered":"https:\/\/redsemlac.com\/semmexico\/?p=60383"},"modified":"2023-07-21T19:24:29","modified_gmt":"2023-07-22T00:24:29","slug":"repare-entregara-reconocimiento-a-la-feminista-araceli-burguete-cal-y-mayor","status":"publish","type":"post","link":"https:\/\/redsemlac.com\/semmexico\/repare-entregara-reconocimiento-a-la-feminista-araceli-burguete-cal-y-mayor\/","title":{"rendered":"REPARE entregar\u00e1 reconocimiento a la feminista Araceli Burguete Cal y Mayor"},"content":{"rendered":"\n<ul class=\"wp-block-list\">\n<li><strong>La investigadora ha visibilizado el uso del voto de las ciudadanas ind\u00edgenas y rurales como \u201creservorio\u201d para partidos pol\u00edticos, lo que violenta su derecho electoral.<\/strong><\/li>\n<\/ul>\n\n\n\n<p class=\"wp-block-paragraph\"><strong>Gabriela Couti\u00f1o<\/strong><\/p>\n\n\n\n<p class=\"wp-block-paragraph\">SemM\u00e9xico, Tuxtla Guti\u00e9rrez, Chiapas, 8 de diciembre del 2022.- Por su destacada labor como investigadora, docente y promotora de los derechos pol\u00edtico electorales de las mujeres, la Red Chiapas por la Paridad Efectiva (REPARE) design\u00f3 a la doctora Rub\u00ed Araceli Burguete Cal y Mayor como recipiendaria del \u201cReconocimiento Florinda Lazos Le\u00f3n 2022\u201d.<\/p>\n\n\n\n<p class=\"wp-block-paragraph\">La Red Chiapas por la Paridad Efectiva (REPARE), es una colectiva feminista de todos los perfiles y oficios profesionales que lucha en la entidad desde el 2015 por el derecho de las mujeres a una vida libre de violencia.<\/p>\n\n\n\n<p class=\"wp-block-paragraph\">En un comunicado REPARE se\u00f1al\u00f3 que Burguete Cal y Mayor ha puesto al conocimiento general publicaciones trascendentales acerca de acciones positivas para las mujeres en pol\u00edtica y evidenciando aquellas que erogan sus derechos pol\u00edtico- electorales.<\/p>\n\n\n\n<p class=\"wp-block-paragraph\">\u201cEntre muchos de sus aciertos, actualmente parte del lenguaje pol\u00edtico nacional, est\u00e1 el acu\u00f1ar la terminolog\u00eda <em>simulaci\u00f3n tolerada-usurpaci\u00f3n permitida<\/em> que explica ese fen\u00f3meno de autoridades que atenta al derecho a la vida libre de violencias para todas las mujeres sobre todo para las actoras pol\u00edticas que cada vez son m\u00e1s\u201d.<\/p>\n\n\n\n<p class=\"wp-block-paragraph\">La Colectiva destaca que actualmente, la doctora Araceli ha visibilizado el uso del voto de las ciudadanas ind\u00edgenas y rurales como \u201creservorio\u201d para partidos pol\u00edticos, lo que violenta su derecho electoral.<\/p>\n\n\n\n<p class=\"wp-block-paragraph\">Su valor humano y el compartir sus conocimientos para el avance de las mujeres de todos los espacios sociales la hacen a\u00fan m\u00e1s valiosa y por ello reconocida en el CIESAS SURESTE del cual fue directora.<\/p>\n\n\n\n<p class=\"wp-block-paragraph\">El reconocimiento a Burguete Cal y Mayor, ser\u00e1 entregado en la ciudad natal de Do\u00f1a Florinda Lazos Le\u00f3n (1898-1973), honr\u00e1ndola as\u00ed por ser la primera mujer pol\u00edtica chiapaneca, que por su labor a favor del voto se logr\u00f3 posicionar a Chiapas en 1925 entre los tres primeros estados de la Rep\u00fablica que hizo constitucional el voto de las mujeres.<\/p>\n\n\n\n<h2 class=\"wp-block-heading\"><strong>Lazos Le\u00f3n fue la primera diputada en el Congreso Estatal en 1926<\/strong><\/h2>\n\n\n\n<p class=\"wp-block-paragraph\">Florinda Lazos Le\u00f3n, considerada \u201cfeminista chiapaneca y luchadora social con perspectiva de g\u00e9nero\u201d es una de las ocho m\u00e1s importantes feministas de M\u00e9xico, junto con Sor Juana In\u00e9s de la Cruz, Rosario Castellanos, Elvia Carrillo Puerto, Hermila Galindo, Esperanza Brito de Mart\u00ed, Marta Lamas y Marcela Lagarde.<\/p>\n\n\n\n<p class=\"wp-block-paragraph\">Recientemente su nombre fue colocado en letras doradas en el muro de honor del Congreso del Estado.&nbsp;<\/p>\n\n\n\n<p class=\"wp-block-paragraph\">El primer Reconocimiento Florinda Lazos Le\u00f3n fue conferido a la magistrada M\u00f3nica Aral\u00ed Soto Fregoso en diciembre de 2021 en Tuxtla Guti\u00e9rrez.<\/p>\n\n\n\n<p class=\"wp-block-paragraph\">SEM\/MG<\/p>\n","protected":false},"excerpt":{"rendered":"<p>La investigadora ha visibilizado el uso del voto de las ciudadanas ind\u00edgenas y rurales como \u201creservorio\u201d para partidos pol\u00edticos, lo que violenta su derecho electoral.<\/p>\n","protected":false},"author":3,"featured_media":60384,"comment_status":"open","ping_status":"open","sticky":false,"template":"","format":"standard","meta":{"_monsterinsights_skip_tracking":false,"footnotes":""},"categories":[693,54],"tags":[],"class_list":["post-60383","post","type-post","status-publish","format-standard","has-post-thumbnail","category-693","category-mujeres"],"_links":{"self":[{"href":"https:\/\/redsemlac.com\/semmexico\/wp-json\/wp\/v2\/posts\/60383","targetHints":{"allow":["GET"]}}],"collection":[{"href":"https:\/\/redsemlac.com\/semmexico\/wp-json\/wp\/v2\/posts"}],"about":[{"href":"https:\/\/redsemlac.com\/semmexico\/wp-json\/wp\/v2\/types\/post"}],"author":[{"embeddable":true,"href":"https:\/\/redsemlac.com\/semmexico\/wp-json\/wp\/v2\/users\/3"}],"replies":[{"embeddable":true,"href":"https:\/\/redsemlac.com\/semmexico\/wp-json\/wp\/v2\/comments?post=60383"}],"version-history":[{"count":0,"href":"https:\/\/redsemlac.com\/semmexico\/wp-json\/wp\/v2\/posts\/60383\/revisions"}],"wp:featuredmedia":[{"embeddable":true,"href":"https:\/\/redsemlac.com\/semmexico\/wp-json\/wp\/v2\/media\/60384"}],"wp:attachment":[{"href":"https:\/\/redsemlac.com\/semmexico\/wp-json\/wp\/v2\/media?parent=60383"}],"wp:term":[{"taxonomy":"category","embeddable":true,"href":"https:\/\/redsemlac.com\/semmexico\/wp-json\/wp\/v2\/categories?post=60383"},{"taxonomy":"post_tag","embeddable":true,"href":"https:\/\/redsemlac.com\/semmexico\/wp-json\/wp\/v2\/tags?post=60383"}],"curies":[{"name":"wp","href":"https:\/\/api.w.org\/{rel}","templated":true}]}}