{"id":60350,"date":"2022-12-07T13:03:38","date_gmt":"2022-12-07T19:03:38","guid":{"rendered":"https:\/\/redsemlac.com\/semmexico\/?p=60350"},"modified":"2023-07-21T19:24:30","modified_gmt":"2023-07-22T00:24:30","slug":"personas-indigenas-afromexicanas-de-la-diversidad-sexual-con-discapacidad-y-migrantes-incluidas-en-la-lxv-legislatura","status":"publish","type":"post","link":"https:\/\/redsemlac.com\/semmexico\/personas-indigenas-afromexicanas-de-la-diversidad-sexual-con-discapacidad-y-migrantes-incluidas-en-la-lxv-legislatura\/","title":{"rendered":"Personas ind\u00edgenas, afromexicanas, de la diversidad sexual, con discapacidad y migrantes incluidas en la LXV Legislatura"},"content":{"rendered":"\n<ul class=\"wp-block-list\">\n<li><strong>15 iniciativas para dar acceso a personas vulnerables a puestos de elecci\u00f3n.<\/strong><strong><\/strong><\/li>\n\n\n\n<li><strong>LXV, Legislatura de la Paridad, la Inclusi\u00f3n y la Diversidad.<\/strong><strong><\/strong><\/li>\n<\/ul>\n\n\n\n<p class=\"wp-block-paragraph\"><strong>Elda Montiel<\/strong><\/p>\n\n\n\n<p class=\"wp-block-paragraph\">SemM\u00e9xico, Ciudad de M\u00e9xico, 7 de diciembre del 2022.- La Legislatura LXV del Congreso de la Uni\u00f3n es la m\u00e1s incluyente de la historia de M\u00e9xico (2021-2024), al contar con 65 diputaciones de personas ind\u00edgenas, afromexicanas, de la diversidad sexual, con discapacidad y migrantes. Por ello, se autodenomin\u00f3 \u201cLXV, Legislatura de la Paridad, la Inclusi\u00f3n y la Diversidad\u201d.&nbsp;<\/p>\n\n\n\n<p class=\"wp-block-paragraph\">De estas 65 personas, 36 son ind\u00edgenas, ocho son personas con alguna discapacidad, seis son afromexicanas, cuatro personas de la diversidad sexual y 11 son migrantes o residentes en el extranjero.<\/p>\n\n\n\n<p class=\"wp-block-paragraph\">En un estudio del Instituto Belisario Dom\u00ednguez (IBD) se destaca que esto es posible a las acciones afirmativas promovidas por el Instituto Nacional Electoral (INE) y ratificadas por el Tribunal Electoral del Poder Judicial de la Federaci\u00f3n (TEPJF).<\/p>\n\n\n\n<p class=\"wp-block-paragraph\">Tambi\u00e9n se\u00f1ala que se han presentado 15 iniciativas para legislar en materia de acciones afirmativas, a fin de garantizar el acceso a las candidaturas a diputaciones y senadur\u00edas a personas ind\u00edgenas, afromexicanas, de la diversidad sexual, con discapacidad y migrantes, seg\u00fan la investigaci\u00f3n de Lorena V\u00e1zquez Correa titulada \u201cIniciativas para legislar sobre acciones afirmativas para la inclusi\u00f3n de grupos vulnerables en el Congreso de la Uni\u00f3n\u201d.<\/p>\n\n\n\n<p class=\"wp-block-paragraph\">Destaca que la propuesta legislativa m\u00e1s recurrente consisti\u00f3 en establecer que las autoridades electorales deber\u00e1n emitir los criterios para la inclusi\u00f3n de personas de grupos vulnerables en el registro de candidaturas para los cargos electivos legislativos, los cuales deber\u00e1n actualizarse en cada proceso electoral.&nbsp;<\/p>\n\n\n\n<p class=\"wp-block-paragraph\">La investigaci\u00f3n refiere que el avance en la inclusi\u00f3n de sectores sociales altamente discriminados y en situaci\u00f3n de vulnerabilidad no hubiese sido posible sin la aprobaci\u00f3n de una serie de acciones afirmativas impulsadas por el Instituto Nacional Electoral (INE) y ratificadas por el Tribunal Electoral del Poder Judicial de la Federaci\u00f3n (TEPJF).&nbsp;<\/p>\n\n\n\n<p class=\"wp-block-paragraph\">Tambi\u00e9n destaca el estudio que se aprobaron, en algunos casos, m\u00e1s f\u00f3rmulas de las aprobadas. De las 65 personas que resultaron electas por las acciones afirmativas implementadas para las candidaturas a diputaciones federales en 2021, 36 son ind\u00edgenas, aun cuando la acci\u00f3n afirmativa aprobada contemplaba \u00fanicamente 30 f\u00f3rmulas; ocho son personas con alguna discapacidad, el mismo n\u00famero de f\u00f3rmulas aprobadas; seis son afromexicanas, s\u00f3lo se esperaban cuatro; cuatro personas de la diversidad sexual, solo se hab\u00edan aprobado 3 formulas y 11 son migrantes o residentes en el extranjero.<\/p>\n\n\n\n<p class=\"wp-block-paragraph\">El resultado general de las acciones afirmativas fue positivo, en tanto que 13 por ciento de la C\u00e1mara de Diputados fue integrado por personas que pertenecen a grupos vulnerables. A partir de ello, las y los legisladores han presentado diversas iniciativas en materia de acciones afirmativas para el registro de candidaturas a diputaciones y senadur\u00edas.<\/p>\n\n\n\n<p class=\"wp-block-paragraph\">En ese sentido, se\u00f1ala que los criterios que implement\u00f3 el INE podr\u00edan considerarse un modelo que indica, entre otras cosas, cu\u00e1ntas f\u00f3rmulas de mayor\u00eda relativa y representaci\u00f3n proporcional deber\u00e1n registrar los partidos por cada grupo vulnerable, en qu\u00e9 distritos o circunscripciones deber\u00e1n registrar las candidaturas, en qu\u00e9 posici\u00f3n de las listas de candidaturas y c\u00f3mo ser\u00e1n contabilizadas las candidaturas trans y no binarias.&nbsp;<\/p>\n\n\n\n<p class=\"wp-block-paragraph\">Las 15 iniciativas analizadas &nbsp;fueron presentadas en la LXV Legislatura del Congreso de la Uni\u00f3n y, de una manera u otra, todas hacen referencia al Modelo implementado por el INE para la renovaci\u00f3n de la C\u00e1mara de Diputados en el proceso electoral 2021.<\/p>\n\n\n\n<h2 class=\"wp-block-heading\"><strong>Proponen incluir a personas j\u00f3venes,&nbsp; a v\u00edctimas y familiares de v\u00edctimas<\/strong><\/h2>\n\n\n\n<p class=\"wp-block-paragraph\">Algunas iniciativas proponen criterios m\u00e1s amplios que los establecidos por el INE en el proceso electoral 2021. Por ejemplo, aumentar el n\u00famero de f\u00f3rmulas aplicado a diversos grupos como las personas con discapacidad o incluir a personas j\u00f3venes, as\u00ed como a v\u00edctimas y familiares de v\u00edctimas.<\/p>\n\n\n\n<p class=\"wp-block-paragraph\">Tambi\u00e9n proponen ampliar la aplicaci\u00f3n de las acciones afirmativas para las postulaciones de senadur\u00edas, no solo para la C\u00e1mara de Diputados. Para ello, algunas iniciativas proponen modificar la Constituci\u00f3n Pol\u00edtica de los Estados Unidos Mexicanos y otras proponen modificar la Ley General de Instituciones y Procedimientos Electorales y\/o la Ley General de Partidos Pol\u00edticos.<\/p>\n\n\n\n<p class=\"wp-block-paragraph\">En los Foros de Parlamento Abierto para la Reforma Electoral, algunas\/os especialistas plantearon que la identidad de las personas electas por acci\u00f3n afirmativa es reservada, por lo que se desconoce qui\u00e9nes son las diputaciones que representan a dichos grupos. Al respecto propusieron que \u00e9stas sean p\u00fablicas para que haya una posible relaci\u00f3n entre la presencia de las y los legisladores electos y la representaci\u00f3n de los intereses de los grupos a quienes representan.<\/p>\n\n\n\n<p class=\"wp-block-paragraph\">SEM\/MG<\/p>\n","protected":false},"excerpt":{"rendered":"<p>15 iniciativas para dar acceso a personas vulnerables a puestos de elecci\u00f3n.<\/p>\n","protected":false},"author":3,"featured_media":60351,"comment_status":"open","ping_status":"open","sticky":false,"template":"","format":"standard","meta":{"_monsterinsights_skip_tracking":false,"footnotes":""},"categories":[693,50],"tags":[],"class_list":["post-60350","post","type-post","status-publish","format-standard","has-post-thumbnail","category-693","category-congreso"],"_links":{"self":[{"href":"https:\/\/redsemlac.com\/semmexico\/wp-json\/wp\/v2\/posts\/60350","targetHints":{"allow":["GET"]}}],"collection":[{"href":"https:\/\/redsemlac.com\/semmexico\/wp-json\/wp\/v2\/posts"}],"about":[{"href":"https:\/\/redsemlac.com\/semmexico\/wp-json\/wp\/v2\/types\/post"}],"author":[{"embeddable":true,"href":"https:\/\/redsemlac.com\/semmexico\/wp-json\/wp\/v2\/users\/3"}],"replies":[{"embeddable":true,"href":"https:\/\/redsemlac.com\/semmexico\/wp-json\/wp\/v2\/comments?post=60350"}],"version-history":[{"count":0,"href":"https:\/\/redsemlac.com\/semmexico\/wp-json\/wp\/v2\/posts\/60350\/revisions"}],"wp:featuredmedia":[{"embeddable":true,"href":"https:\/\/redsemlac.com\/semmexico\/wp-json\/wp\/v2\/media\/60351"}],"wp:attachment":[{"href":"https:\/\/redsemlac.com\/semmexico\/wp-json\/wp\/v2\/media?parent=60350"}],"wp:term":[{"taxonomy":"category","embeddable":true,"href":"https:\/\/redsemlac.com\/semmexico\/wp-json\/wp\/v2\/categories?post=60350"},{"taxonomy":"post_tag","embeddable":true,"href":"https:\/\/redsemlac.com\/semmexico\/wp-json\/wp\/v2\/tags?post=60350"}],"curies":[{"name":"wp","href":"https:\/\/api.w.org\/{rel}","templated":true}]}}