{"id":60297,"date":"2022-12-06T12:51:43","date_gmt":"2022-12-06T18:51:43","guid":{"rendered":"https:\/\/redsemlac.com\/semmexico\/?p=60297"},"modified":"2023-07-21T19:24:32","modified_gmt":"2023-07-22T00:24:32","slug":"democracia-laicidad-y-redes-sociales-en-la-fil-guadalajara","status":"publish","type":"post","link":"https:\/\/redsemlac.com\/semmexico\/democracia-laicidad-y-redes-sociales-en-la-fil-guadalajara\/","title":{"rendered":"Democracia, laicidad y redes sociales en la FIL Guadalajara"},"content":{"rendered":"\n<ul class=\"wp-block-list\">\n<li><strong>Si queremos una sociedad con m\u00e1s derechos y libertades, las exclusiones por razones de creencias y de preferencias no deben tener lugar: Ciro Murayama.<\/strong><strong><\/strong><\/li>\n\n\n\n<li><strong>Marta Peirano subray\u00f3 que las redes sociales y los dispositivos inteligentes pueden ser instrumentos antidemocr\u00e1ticos, porque propician la vigilancia y la extracci\u00f3n de datos.<\/strong><\/li>\n<\/ul>\n\n\n\n<p class=\"wp-block-paragraph\"><strong>Micaela M\u00e1rquez<\/strong><\/p>\n\n\n\n<p class=\"wp-block-paragraph\">SemM\u00e9xico, Ciudad de M\u00e9xico, 6 de diciembre del 2022.- El valor de la democracia se destac\u00f3 en la presentaci\u00f3n de dos libros uno sobre la laicidad y otro en redes sociales en el \u00faltimo d\u00eda de la Feria Internacional del Libro en Guadalajara.<\/p>\n\n\n\n<p class=\"wp-block-paragraph\">Solo puede haber una aut\u00e9ntica libertad religiosa donde existe un Estado laico, que no persigue ni proh\u00edbe determinadas religiones ni patrocina una, afirm\u00f3 el consejero del Instituto Nacional Electoral (INE), Ciro Murayama.<\/p>\n\n\n\n<p class=\"wp-block-paragraph\">Si queremos una sociedad con m\u00e1s derechos y libertades, las exclusiones por razones de creencias y de preferencias no deben tener lugar, al comentar la obra&nbsp;\u201cDemocracia y laicidad\u201d&nbsp;de Roberto Blancarte.<\/p>\n\n\n\n<p class=\"wp-block-paragraph\">Explic\u00f3 que el laicismo no es la eliminaci\u00f3n de las religiones o creencias. Es proteger el derecho a las mismas, lo que hace indispensable que la legitimidad de las instituciones p\u00fablicas no devenga de ning\u00fan elemento religioso o divino, y que dichas instituciones est\u00e9n al servicio de las personas con independencia de sus creencias o convicciones \u00e9ticas.<\/p>\n\n\n\n<p class=\"wp-block-paragraph\">El autor Roberto Blancarte relat\u00f3 que el origen de la laicidad del Estado es precisamente la b\u00fasqueda de la libertad religiosa. La democracia la laicidad del Estado es fundamental, ya que el origen de la legitimidad del poder pol\u00edtico ya no viene de un poder sagrado, sino del pueblo.<\/p>\n\n\n\n<h2 class=\"wp-block-heading\"><strong>Las redes sociales llegaron para quedarse <\/strong><strong><\/strong><\/h2>\n\n\n\n<p class=\"wp-block-paragraph\">Las redes sociales llegaron para quedarse pero si bien ofrecen grandes oportunidades tambi\u00e9n conllevan grandes riesgos para la democracia refiri\u00f3 el consejero del INE; Jaime Rivera al presentar el libro&nbsp;\u201cDemocracia y RedesSociales\u201d&nbsp;de Marta Peirano.<\/p>\n\n\n\n<p class=\"wp-block-paragraph\">Jaime Rivera precis\u00f3 que las redes sociales permiten una comunicaci\u00f3n horizontal entre millones de personas, ofrecen una alternativa a los medios masivos de comunicaci\u00f3n tradicionales que reflejan los intereses que representan y son herramientas que permiten la retroalimentaci\u00f3n, sin embargo tambi\u00e9n puede da\u00f1ar a la democracia porque son instrumentos a partir de los cuales se difunde informaci\u00f3n falsa o sesgada en grandes vol\u00famenes, adem\u00e1s de que a trav\u00e9s de ellas se instrumentan campa\u00f1as de supresi\u00f3n del voto, lo cual \u201cpuede da\u00f1ar severamente la democracia\u201d.<\/p>\n\n\n\n<p class=\"wp-block-paragraph\">La autora, Marta Peirano subray\u00f3 que las redes sociales y los dispositivos inteligentes pueden ser instrumentos antidemocr\u00e1ticos, porque propician la vigilancia y la extracci\u00f3n de datos.<\/p>\n\n\n\n<p class=\"wp-block-paragraph\">\u201cEn democracia uno tiene el derecho a no revelar su identidad, pero cuando una c\u00e1mara de identificaci\u00f3n facial nos identifica, lo hace sin nuestro consentimiento e inhibe la participaci\u00f3n y la libre manifestaci\u00f3n\u201d, dijo, que las campa\u00f1as de desinformaci\u00f3n si bien se crean en redes sociales, su difusi\u00f3n no termina ah\u00ed, sino que se realiza por medios que no se pueden monitorear como Telegram y WhatsApp.<\/p>\n\n\n\n<p class=\"wp-block-paragraph\">Por otra parte las consejeras Norma De La Cruz y Adriana Favela presentaron dos obras de la Colecci\u00f3n \u00c1rbol tituladas&nbsp;\u201cMisi\u00f3n Ombligo\u201d&nbsp;y&nbsp;\u201cDos Puertas\u201d.<\/p>\n\n\n\n<p class=\"wp-block-paragraph\">Las consejeras destacaron la labor que hace el Instituto Nacional Electoral en materia de construcci\u00f3n de quienes ser\u00e1n las futuras y futuros ciudadanos.<\/p>\n\n\n\n<p class=\"wp-block-paragraph\">\u201cEstas obras buscan no s\u00f3lo acercar a la ni\u00f1ez y adolescencia a estos temas de formaci\u00f3n ciudadana y de valores democr\u00e1ticos, yo creo que tambi\u00e9n es una invitaci\u00f3n a las personas adultas para que en compa\u00f1\u00eda de las y los ni\u00f1os podamos platicar y conversar sobre los temas que abordan cada libro\u201d, mencion\u00f3 Norma De La Cruz.<\/p>\n\n\n\n<p class=\"wp-block-paragraph\">SEM\/MG<\/p>\n","protected":false},"excerpt":{"rendered":"<p>Si queremos una sociedad con m\u00e1s derechos y libertades, las exclusiones por razones de creencias y de preferencias no deben tener lugar: Ciro Murayama.<\/p>\n","protected":false},"author":3,"featured_media":60298,"comment_status":"open","ping_status":"open","sticky":false,"template":"","format":"standard","meta":{"_monsterinsights_skip_tracking":false,"footnotes":""},"categories":[693,51],"tags":[],"class_list":["post-60297","post","type-post","status-publish","format-standard","has-post-thumbnail","category-693","category-ejecutivo"],"_links":{"self":[{"href":"https:\/\/redsemlac.com\/semmexico\/wp-json\/wp\/v2\/posts\/60297","targetHints":{"allow":["GET"]}}],"collection":[{"href":"https:\/\/redsemlac.com\/semmexico\/wp-json\/wp\/v2\/posts"}],"about":[{"href":"https:\/\/redsemlac.com\/semmexico\/wp-json\/wp\/v2\/types\/post"}],"author":[{"embeddable":true,"href":"https:\/\/redsemlac.com\/semmexico\/wp-json\/wp\/v2\/users\/3"}],"replies":[{"embeddable":true,"href":"https:\/\/redsemlac.com\/semmexico\/wp-json\/wp\/v2\/comments?post=60297"}],"version-history":[{"count":0,"href":"https:\/\/redsemlac.com\/semmexico\/wp-json\/wp\/v2\/posts\/60297\/revisions"}],"wp:featuredmedia":[{"embeddable":true,"href":"https:\/\/redsemlac.com\/semmexico\/wp-json\/wp\/v2\/media\/60298"}],"wp:attachment":[{"href":"https:\/\/redsemlac.com\/semmexico\/wp-json\/wp\/v2\/media?parent=60297"}],"wp:term":[{"taxonomy":"category","embeddable":true,"href":"https:\/\/redsemlac.com\/semmexico\/wp-json\/wp\/v2\/categories?post=60297"},{"taxonomy":"post_tag","embeddable":true,"href":"https:\/\/redsemlac.com\/semmexico\/wp-json\/wp\/v2\/tags?post=60297"}],"curies":[{"name":"wp","href":"https:\/\/api.w.org\/{rel}","templated":true}]}}