{"id":60259,"date":"2022-12-05T14:02:31","date_gmt":"2022-12-05T20:02:31","guid":{"rendered":"https:\/\/redsemlac.com\/semmexico\/?p=60259"},"modified":"2023-07-21T19:24:33","modified_gmt":"2023-07-22T00:24:33","slug":"violencia-politica-contra-mujeres-agresores-podrian-ser-sancionados-penalmente","status":"publish","type":"post","link":"https:\/\/redsemlac.com\/semmexico\/violencia-politica-contra-mujeres-agresores-podrian-ser-sancionados-penalmente\/","title":{"rendered":"Violencia pol\u00edtica contra mujeres, agresores podr\u00edan ser sancionados penalmente"},"content":{"rendered":"\n<ul class=\"wp-block-list\">\n<li><strong>\u201cSe est\u00e1 dejando el precedente para dar la seguridad a las mujeres que se protegen sus derechos pol\u00edtico electorales\u201d, resalt\u00f3 el fiscal electoral Guizado Jaimes<\/strong>.<strong><\/strong><\/li>\n<\/ul>\n\n\n\n<p class=\"wp-block-paragraph\"><strong>Josefina Aguilar Pastor<\/strong><\/p>\n\n\n\n<p class=\"wp-block-paragraph\">SemM\u00e9xico, Chilpancingo, Guerrero, 5 de diciembre del 2022.- Al menos tres agresores denunciados durante el proceso electoral pasado, por supuesta violencia pol\u00edtica en contra de las mujeres en raz\u00f3n de g\u00e9nero, podr\u00edan ser sancionados penalmente, inform\u00f3 el titular de la Fiscal\u00eda Especializada en Delitos Electorales (FEDE-GRO), Miguel Alejandro Guizado Jaimes.<\/p>\n\n\n\n<p class=\"wp-block-paragraph\">Al participar en el Foro de An\u00e1lisis sobre la Violencia Pol\u00edtica contra las mujeres en Raz\u00f3n de G\u00e9nero, organizado por la Red Mujeres, Desarrollo, Justicia y Paz, A.C. Guizado Jaimes, comparti\u00f3 que durante su desempe\u00f1o como proyectista en el Instituto Electoral&nbsp; y de Participaci\u00f3n Ciudadana (IEPC), le toc\u00f3 conocer de proyectos de sentencia donde se sancionaba y acreditaba la violencia pol\u00edtica en raz\u00f3n de g\u00e9nero.<\/p>\n\n\n\n<p class=\"wp-block-paragraph\">Sin embargo no entend\u00eda por qu\u00e9 en el \u00e1mbito penal no se cubr\u00eda de la misma manera, porque no se llegaba a la judicializaci\u00f3n y en consecuencia a la sanci\u00f3n por la v\u00eda penal.<\/p>\n\n\n\n<p class=\"wp-block-paragraph\">Al estar ahora inmerso en la cuesti\u00f3n penal electoral, se ha dado cuenta que el est\u00e1ndar probatorio es muy distinto, es m\u00e1s dif\u00edcil acreditarlo, hay que ser m\u00e1s meticuloso con la investigaci\u00f3n que se realiza y con lo que se tiene que probar.<\/p>\n\n\n\n<p class=\"wp-block-paragraph\">Al entrar al FEDE-GRO, encontr\u00f3 que luego de la reforma del 2020, 16 carpetas de investigaci\u00f3n abiertas por violencia pol\u00edtica contra las mujeres en raz\u00f3n de g\u00e9nero; al asumir el cargo, solo 10 estaban vigentes, de las cuales una no reun\u00eda de plano los elementos, sin embargo decidi\u00f3 esperar y fue enviada al archivo temporal.<\/p>\n\n\n\n<p class=\"wp-block-paragraph\">Otras 8 se encuentran en tr\u00e1mite, una ya ha sido judicializada es \u201cdecir si se puede y si hay mecanismos de acceso para acreditar la violencia y de esta carpeta judicializada ya estamos por librar orden de aprehensi\u00f3n.\u201d<\/p>\n\n\n\n<p class=\"wp-block-paragraph\">Con ello resalt\u00f3 el fiscal electoral, \u201cse est\u00e1 dejando el precedente para dar la seguridad a las mujeres que se protegen sus derechos pol\u00edtico electorales\u201d.<\/p>\n\n\n\n<p class=\"wp-block-paragraph\">Y las otras ocho pendientes&nbsp; del proceso pasado, est\u00e1 seguro que dos m\u00e1s cuentan con los elemento para llegar a la judicializaci\u00f3n, es decir, tres carpetas de las 10 vigentes, contar\u00edan con los elementos suficientes para ser judicializadas y los agresores, enfrenten sanciones de tipo penal.<\/p>\n\n\n\n<p class=\"wp-block-paragraph\">El Fiscal Electoral, dijo que actualmente existe un gran reto tanto para la FEDE-GRO, como para los jueces del Poder Judicial del estado de Guerrero en el tema de la judicializaci\u00f3n de las carpetas de investigaci\u00f3n por Delitos Electorales, principalmente por violencia pol\u00edtica contra las mujeres en raz\u00f3n de g\u00e9nero.<\/p>\n\n\n\n<p class=\"wp-block-paragraph\">En el mismo foro, la agente del Ministerio P\u00fablico Electoral, Dulce Selene Casta\u00f1eda Arellanes, expuso que el tema de la violencia pol\u00edtica contra las mujeres en raz\u00f3n de g\u00e9nero, es nuevo, hace falta hacer mayor difusi\u00f3n para que la sociedad guerrerense conozca m\u00e1s acerca de este tipo de violencia.<\/p>\n\n\n\n<p class=\"wp-block-paragraph\">Mientras que la agente de la Polic\u00eda Investigadora Ministerial Acreditable, Ana Carely Caro Arenazas, mencion\u00f3 que en la Fiscal\u00eda Electoral, buscan dar protecci\u00f3n, y acompa\u00f1amiento durante las investigaciones a las v\u00edctimas de violencia pol\u00edtica lo que genera empat\u00eda y confianza.<\/p>\n\n\n\n<p class=\"wp-block-paragraph\">SEM\/MG<\/p>\n","protected":false},"excerpt":{"rendered":"<p>\u201cSe est\u00e1 dejando el precedente para dar la seguridad a las mujeres que se protegen sus derechos pol\u00edtico electorales\u201d, resalt\u00f3 el fiscal electoral Guizado Jaimes.<\/p>\n","protected":false},"author":3,"featured_media":60260,"comment_status":"open","ping_status":"open","sticky":false,"template":"","format":"standard","meta":{"_monsterinsights_skip_tracking":false,"footnotes":""},"categories":[693,51],"tags":[],"class_list":["post-60259","post","type-post","status-publish","format-standard","has-post-thumbnail","category-693","category-ejecutivo"],"_links":{"self":[{"href":"https:\/\/redsemlac.com\/semmexico\/wp-json\/wp\/v2\/posts\/60259","targetHints":{"allow":["GET"]}}],"collection":[{"href":"https:\/\/redsemlac.com\/semmexico\/wp-json\/wp\/v2\/posts"}],"about":[{"href":"https:\/\/redsemlac.com\/semmexico\/wp-json\/wp\/v2\/types\/post"}],"author":[{"embeddable":true,"href":"https:\/\/redsemlac.com\/semmexico\/wp-json\/wp\/v2\/users\/3"}],"replies":[{"embeddable":true,"href":"https:\/\/redsemlac.com\/semmexico\/wp-json\/wp\/v2\/comments?post=60259"}],"version-history":[{"count":0,"href":"https:\/\/redsemlac.com\/semmexico\/wp-json\/wp\/v2\/posts\/60259\/revisions"}],"wp:featuredmedia":[{"embeddable":true,"href":"https:\/\/redsemlac.com\/semmexico\/wp-json\/wp\/v2\/media\/60260"}],"wp:attachment":[{"href":"https:\/\/redsemlac.com\/semmexico\/wp-json\/wp\/v2\/media?parent=60259"}],"wp:term":[{"taxonomy":"category","embeddable":true,"href":"https:\/\/redsemlac.com\/semmexico\/wp-json\/wp\/v2\/categories?post=60259"},{"taxonomy":"post_tag","embeddable":true,"href":"https:\/\/redsemlac.com\/semmexico\/wp-json\/wp\/v2\/tags?post=60259"}],"curies":[{"name":"wp","href":"https:\/\/api.w.org\/{rel}","templated":true}]}}