{"id":60254,"date":"2022-12-05T13:55:04","date_gmt":"2022-12-05T19:55:04","guid":{"rendered":"https:\/\/redsemlac.com\/semmexico\/?p=60254"},"modified":"2023-07-21T19:24:33","modified_gmt":"2023-07-22T00:24:33","slug":"desde-la-mano-izquierda-saldo-blanco","status":"publish","type":"post","link":"https:\/\/redsemlac.com\/semmexico\/desde-la-mano-izquierda-saldo-blanco\/","title":{"rendered":"Desde la Mano Izquierda| \u00bfSaldo blanco?"},"content":{"rendered":"\n<p class=\"wp-block-paragraph\"><strong>Claudia Espinosa Almaguer*<\/strong><\/p>\n\n\n\n<p class=\"wp-block-paragraph\">SemM\u00e9xico, San Luis Potos\u00ed, 5 de diciembre del 2022.- Indica la Academia Mexicana de la Lengua de la frase que titula esta columna que no tiene un origen identificado, no obstante, en el argot polic\u00edaco significa que no hubo hechos de sangre o muertes respecto de un evento, un operativo o una temporada entera.<\/p>\n\n\n\n<p class=\"wp-block-paragraph\">Por ejemplo, ahora mismo se desarrolla el mundial de futbol en Qatar, de sendos intereses econ\u00f3micos, muestra de m\u00fasculo de la fratria masculina, a grado tal que no ha sido relevante ni el n\u00famero de muertos para construir su infraestructura, ni las violaciones a derechos humanos contra las mujeres ni ninguna otra \u201cminucia\u201d que no sea el gusto patriarcal de verse mutuamente en calzoncillos deportivos pateando una pelota.<\/p>\n\n\n\n<p class=\"wp-block-paragraph\">En nuestro pa\u00eds pudo verse en varias plazas p\u00fablicas este inter\u00e9s compartido y al cabo de su salida se ha dicho precisamente esta frase, lo que a duras penas querr\u00e1 decir que no se madrearon entre ellos. A las mujeres, quien sabe, pero adem\u00e1s ni a quien le importe.<\/p>\n\n\n\n<p class=\"wp-block-paragraph\">Una nunca tiene \u201csaldo blanco\u201d cuando atiende a las mujeres, M\u00e9xico en eso tampoco puede presumir un d\u00eda en ceros y menos en tiempos de <em>fut,<\/em> que va de la mano con el aumento a la violencia machista. Se sabe de siempre: Si el equipo de un agresor pierde la mujer lo paga. No es culpa del deporte propiamente, sino de la cultura que gira en torno suyo, el exceso de alcohol y de sustancias il\u00edcitas, el pobre control de los varones sobre la expresi\u00f3n de sus emociones sumado a un n\u00famero no menor de complejos e inseguridades, genera un caldo de cultivo tan com\u00fan como da\u00f1ino.<\/p>\n\n\n\n<p class=\"wp-block-paragraph\">Esta misma perspectiva acerca de la seguridad p\u00fablica, en donde no se considera como parte del fen\u00f3meno las lesiones a la integridad de las mujeres siendo esto \u201casuntos dom\u00e9sticos\u201d, es decir situaciones que en el imaginario de la autoridad no le corresponden; provee a que tampoco puedan idear de manera coherente estrategias adecuadas para responder a sus ejercicios. Tanto es as\u00ed que todav\u00eda no se entiende que inclusive si se investigaran de manera tenaz los feminicidios, el Estado ya habr\u00eda sido incompetente en proteger a las mujeres evitando su brutal asesinato.<\/p>\n\n\n\n<p class=\"wp-block-paragraph\"><strong>M\u00e9xico est\u00e1 por concluir un a\u00f1o m\u00e1s de ganar el primer puesto como el pa\u00eds m\u00e1s mis\u00f3gino del continente<\/strong>, acudamos para demostrarlo a la Informaci\u00f3n sobre violencia contra las mujeres publicado hasta el momento por el Secretariado Ejecutivo del Sistema Nacional de Seguridad P\u00fablica con datos al 31 de octubre de 2022.<\/p>\n\n\n\n<p class=\"wp-block-paragraph\">En relaci\u00f3n a las llamadas de emergencia que se hacen al n\u00famero 911 en el pa\u00eds, se han registrado 511,588 incidentes de violencia familiar, 221,590 por violencia de pareja, 3060 de violaci\u00f3n, 9526 de acoso y hostigamiento, 5,926 de abuso sexual y 287,089 por violencia contra la mujer.<\/p>\n\n\n\n<p class=\"wp-block-paragraph\">En cuanto a la incidencia delictiva, considerando que en el pa\u00eds apenas de denuncia 1 de cada 10 delitos, las Fiscal\u00edas han iniciado 230,030 carpetas de investigaci\u00f3n por el delito de violencia familiar, 19,826 de violaci\u00f3n, 56,671 de lesiones dolosas y 6327 por homicidio y feminicidio.<\/p>\n\n\n\n<p class=\"wp-block-paragraph\">Hubo un aumento notorio del 30.8 % por delitos de violencia de g\u00e9nero en comparaci\u00f3n del mismo periodo de 2021, en total 1,070 m\u00e1s y sobre el delito de violencia familiar que es distinto, el aumento fue del 7.3 % con 15,748 asuntos m\u00e1s que el a\u00f1o pasado.<\/p>\n\n\n\n<p class=\"wp-block-paragraph\"><a><\/a>Por supuesto para contrarrestar esto no hay dinero, que sigan los espacios dedicados a la atenci\u00f3n a la violencia en M\u00e9xico destaz\u00e1ndose las u\u00f1as y poniendo de sus recursos, nosotros queremos ver el partido\u2026<\/p>\n\n\n\n<p class=\"wp-block-paragraph\">A m\u00e1s ver.<\/p>\n\n\n\n<p class=\"has-small-font-size wp-block-paragraph\">*Claudia Espinosa Almaguer<\/p>\n\n\n\n<p class=\"has-small-font-size wp-block-paragraph\">Abogada Feminista, Maestra en Pol\u00edtica Criminal por la UASLP y en Derecho Procesal Penal<\/p>\n\n\n\n<p class=\"has-small-font-size wp-block-paragraph\">Acusatorio por el CEAD Quer\u00e9taro,\u00a0 Consejera Suplente de la Comisi\u00f3n Estatal de Derechos Humanos de San Luis Potos\u00ed. Experta en atenci\u00f3n a delitos de violencia contra las mujeres y grupos en situaci\u00f3n de discriminaci\u00f3n en M\u00e9xico. Formadora en Derechos Humanos, Igualdad y no discriminaci\u00f3n. Columnista.<\/p>\n","protected":false},"excerpt":{"rendered":"<p>Indica la Academia Mexicana de la Lengua de la frase que titula esta columna que no tiene un origen identificado, no obstante, en el argot polic\u00edaco significa que no hubo hechos de sangre o muertes respecto de un evento, un operativo o una temporada entera.<\/p>\n","protected":false},"author":3,"featured_media":60255,"comment_status":"open","ping_status":"open","sticky":false,"template":"","format":"standard","meta":{"_monsterinsights_skip_tracking":false,"footnotes":""},"categories":[693,131,35],"tags":[],"class_list":["post-60254","post","type-post","status-publish","format-standard","has-post-thumbnail","category-693","category-claudia-almaguer","category-opinion"],"_links":{"self":[{"href":"https:\/\/redsemlac.com\/semmexico\/wp-json\/wp\/v2\/posts\/60254","targetHints":{"allow":["GET"]}}],"collection":[{"href":"https:\/\/redsemlac.com\/semmexico\/wp-json\/wp\/v2\/posts"}],"about":[{"href":"https:\/\/redsemlac.com\/semmexico\/wp-json\/wp\/v2\/types\/post"}],"author":[{"embeddable":true,"href":"https:\/\/redsemlac.com\/semmexico\/wp-json\/wp\/v2\/users\/3"}],"replies":[{"embeddable":true,"href":"https:\/\/redsemlac.com\/semmexico\/wp-json\/wp\/v2\/comments?post=60254"}],"version-history":[{"count":0,"href":"https:\/\/redsemlac.com\/semmexico\/wp-json\/wp\/v2\/posts\/60254\/revisions"}],"wp:featuredmedia":[{"embeddable":true,"href":"https:\/\/redsemlac.com\/semmexico\/wp-json\/wp\/v2\/media\/60255"}],"wp:attachment":[{"href":"https:\/\/redsemlac.com\/semmexico\/wp-json\/wp\/v2\/media?parent=60254"}],"wp:term":[{"taxonomy":"category","embeddable":true,"href":"https:\/\/redsemlac.com\/semmexico\/wp-json\/wp\/v2\/categories?post=60254"},{"taxonomy":"post_tag","embeddable":true,"href":"https:\/\/redsemlac.com\/semmexico\/wp-json\/wp\/v2\/tags?post=60254"}],"curies":[{"name":"wp","href":"https:\/\/api.w.org\/{rel}","templated":true}]}}