{"id":60213,"date":"2022-12-05T10:30:15","date_gmt":"2022-12-05T16:30:15","guid":{"rendered":"https:\/\/redsemlac.com\/semmexico\/?p=60213"},"modified":"2023-07-21T19:24:34","modified_gmt":"2023-07-22T00:24:34","slug":"la-participacion-de-la-mujer-en-los-gobiernos-uno-de-los-retos-a-vencer-en-paises-de-america-latina-exponen-mujeres-en-la-fil","status":"publish","type":"post","link":"https:\/\/redsemlac.com\/semmexico\/la-participacion-de-la-mujer-en-los-gobiernos-uno-de-los-retos-a-vencer-en-paises-de-america-latina-exponen-mujeres-en-la-fil\/","title":{"rendered":"La participaci\u00f3n de la mujer en los gobiernos, uno de los retos a vencer en pa\u00edses de Am\u00e9rica Latina. Exponen mujeres en la FIL"},"content":{"rendered":"\n<ul class=\"wp-block-list\">\n<li><strong>La violencia de g\u00e9nero debe ser una prioridad en el gobierno: Bachelet Jaira.<\/strong><\/li>\n\n\n\n<li><strong>Ejercer puestos p\u00fablicos, no es tan f\u00e1cil, los retos por ser mujer son b\u00e1rbaros.<\/strong><\/li>\n\n\n\n<li><strong>Ecos de la Feria: Los retos de la cohesi\u00f3n en Am\u00e9rica Latina se trataron con tres lideresas.<\/strong><\/li>\n<\/ul>\n\n\n\n<p class=\"wp-block-paragraph\"><strong>Libertad L\u00f3pez<\/strong><\/p>\n\n\n\n<p class=\"wp-block-paragraph\">SemM\u00e9xico, Guadalajara, Jalisco, 5 de diciembre del 2022.- Los \u201cRetos de la cohesi\u00f3n en Am\u00e9rica Latina\u201d se trataron con tres mujeres en el marco de la Feria Internacional del Libro (FIL Pensamiento).\u00a0De manera virtual la expresidenta chilena; Michelle Bachelet; Paulina Saball Astaburaga, exministra de vivienda y Urbanismo en aquel pa\u00eds y Mara Nadiezhda Robles Villase\u00f1or quien fungi\u00f3 como moderadora.<\/p>\n\n\n\n<p class=\"wp-block-paragraph\">Bachelet Jeria exresponsable mundial de ONUMujeres, de manera remota expuso los retos que asumi\u00f3 como mandataria chilena, mencion\u00f3 de manera reiterada\u00a0las cualidades que en un gobierno en LATAM deben de prevalecer.<\/p>\n\n\n\n<figure class=\"wp-block-image size-full\"><a href=\"https:\/\/redsemlac.com\/semmexico\/wp-content\/uploads\/2022\/12\/FIL-2.jpg\"><img loading=\"lazy\" decoding=\"async\" width=\"1024\" height=\"683\" src=\"https:\/\/redsemlac.com\/semmexico\/wp-content\/uploads\/2022\/12\/FIL-2.jpg\" alt=\"\" class=\"wp-image-60215\"\/><\/a><\/figure>\n\n\n\n<p class=\"wp-block-paragraph\">\u201cSi queremos atacar nuestro problema hist\u00f3rico para darle forma a una coincidencia, vamos a rescatar con fuerza, con su invitaci\u00f3n al di\u00e1logo y una revelaci\u00f3n argumentada basada en la transparencia y rendici\u00f3n de cuentas, porque s\u00f3lo se avanza en forma estable si la ciudadan\u00eda acompa\u00f1a al proceso. Y s\u00f3lo se hace eficaz cuando se da cabida a todas las capacidades\u201d.<\/p>\n\n\n\n<p class=\"wp-block-paragraph\">Mientras que la pol\u00edtica chilena, quien ha ocupado diversos cargos p\u00fabicos en distintos per\u00edodos y junto con la expresidenta Bachelet Jaira, Saball Astaburaga, explic\u00f3&nbsp;los retos que las funcionarias p\u00fablicas enfrentan por el hecho de ser mujeres.<\/p>\n\n\n\n<p class=\"wp-block-paragraph\">\u201cSomos tantas las mujeres que llegamos a ocupar cargos p\u00fablicos, en segundo lugar, no es tan f\u00e1cil, a pesar de que se diga que las mujeres somos m\u00e1s emp\u00e1ticas, no es f\u00e1cil dirigir y a la vez tener logros, no es f\u00e1cil tampoco compatibilizar la vida privada de la vida p\u00fablica y d\u00e9jenme decirles que tampoco es tan f\u00e1cil establecer v\u00ednculos de amistad, solidaridad y de apoyo y todo eso lo fuimos aprendiendo un grupo de mujeres chilenas en el ejercicio del cargo\u201d.<\/p>\n\n\n\n<p class=\"wp-block-paragraph\">La repercusi\u00f3n social vivida en el pa\u00eds andino al tener en dos per\u00edodos a una presidenta mujer,&nbsp;fue el inicio de un cambio de mentalidad.<\/p>\n\n\n\n<p class=\"wp-block-paragraph\">\u201cVuelvo a insistir que tener una presidenta mujer marc\u00f3 de una manera muy significativa las expectativas de las ni\u00f1as y las j\u00f3venes de poder ejercer cargos de poder. Pero hay que tener cuidado con aquello, porque en Chile ocurre, no s\u00e9 ac\u00e1 en M\u00e9xico, que tuvimos dos veces una presidenta mujer\u201d.<\/p>\n\n\n\n<p class=\"wp-block-paragraph\">Aunque se\u00f1al\u00f3 que esta situaci\u00f3n&nbsp;no se ve siempre reflejada en la participaci\u00f3n social&nbsp;de las mujeres en otros \u00e1mbitos.<\/p>\n\n\n\n<p class=\"wp-block-paragraph\">Finaliz\u00f3 se\u00f1alando que la violencia de g\u00e9nero que se vive en Am\u00e9rica Latina&nbsp;debe ser agenda prioritaria en los gobiernos actuales.<\/p>\n\n\n\n<p class=\"wp-block-paragraph\">Sem\/SL<\/p>\n","protected":false},"excerpt":{"rendered":"<p>La violencia de g\u00e9nero debe ser una prioridad en el gobierno: Bachelet Jaira.<\/p>\n","protected":false},"author":3,"featured_media":60216,"comment_status":"open","ping_status":"open","sticky":false,"template":"","format":"standard","meta":{"_monsterinsights_skip_tracking":false,"footnotes":""},"categories":[693,54],"tags":[],"class_list":["post-60213","post","type-post","status-publish","format-standard","has-post-thumbnail","category-693","category-mujeres"],"_links":{"self":[{"href":"https:\/\/redsemlac.com\/semmexico\/wp-json\/wp\/v2\/posts\/60213","targetHints":{"allow":["GET"]}}],"collection":[{"href":"https:\/\/redsemlac.com\/semmexico\/wp-json\/wp\/v2\/posts"}],"about":[{"href":"https:\/\/redsemlac.com\/semmexico\/wp-json\/wp\/v2\/types\/post"}],"author":[{"embeddable":true,"href":"https:\/\/redsemlac.com\/semmexico\/wp-json\/wp\/v2\/users\/3"}],"replies":[{"embeddable":true,"href":"https:\/\/redsemlac.com\/semmexico\/wp-json\/wp\/v2\/comments?post=60213"}],"version-history":[{"count":0,"href":"https:\/\/redsemlac.com\/semmexico\/wp-json\/wp\/v2\/posts\/60213\/revisions"}],"wp:featuredmedia":[{"embeddable":true,"href":"https:\/\/redsemlac.com\/semmexico\/wp-json\/wp\/v2\/media\/60216"}],"wp:attachment":[{"href":"https:\/\/redsemlac.com\/semmexico\/wp-json\/wp\/v2\/media?parent=60213"}],"wp:term":[{"taxonomy":"category","embeddable":true,"href":"https:\/\/redsemlac.com\/semmexico\/wp-json\/wp\/v2\/categories?post=60213"},{"taxonomy":"post_tag","embeddable":true,"href":"https:\/\/redsemlac.com\/semmexico\/wp-json\/wp\/v2\/tags?post=60213"}],"curies":[{"name":"wp","href":"https:\/\/api.w.org\/{rel}","templated":true}]}}