{"id":60176,"date":"2022-12-04T12:15:09","date_gmt":"2022-12-04T18:15:09","guid":{"rendered":"https:\/\/redsemlac.com\/semmexico\/?p=60176"},"modified":"2023-07-21T19:23:22","modified_gmt":"2023-07-22T00:23:22","slug":"150-canciones-para-la-prevencion-de-la-violencia-de-genero","status":"publish","type":"post","link":"https:\/\/redsemlac.com\/semmexico\/150-canciones-para-la-prevencion-de-la-violencia-de-genero\/","title":{"rendered":"150 canciones para la prevenci\u00f3n de la violencia de g\u00e9nero"},"content":{"rendered":"\n<p class=\"wp-block-paragraph\">Redacci\u00f3n<\/p>\n\n\n\n<p class=\"wp-block-paragraph\">SemM\u00e9xico\/AmecoPress, Valencia, Espa\u00f1a, 4 de diciembre, 2022.- El 28 de agosto de 1963, cantantes como Joan Baez y Bob Dylan pusieron sus voces al servicio de una causa durante una marcha en Washington: la lucha por el acceso pleno a los derechos civiles y la igualdad de grupos que no los ten\u00edan. Ahora, llevamos ya 50 a\u00f1os de m\u00fasica interpretada por mujeres y por hombres que luchan por la igualdad, la justicia y la solidaridad.<\/p>\n\n\n\n<p class=\"wp-block-paragraph\">En esta propuesta did\u00e1ctica, se presentan una serie de recursos y materiales relacionados con la utilizaci\u00f3n de las canciones como herramienta did\u00e1ctica para trabajar en el aula la igualdad y la violencia de g\u00e9nero.<\/p>\n\n\n\n<p class=\"wp-block-paragraph\">Las canciones recogidas van desde el a\u00f1o 1963 hasta la actualidad y muestran la mayor\u00eda de las preferencias musicales que tiene la juventud, seg\u00fan g\u00e9neros musicales. De este modo, la selecci\u00f3n, dirigida al profesorado de todas las etapas educativas, puede adaptarse al gusto musical de su alumnado.<\/p>\n\n\n\n<p class=\"wp-block-paragraph\">En funci\u00f3n de ello, se seleccionaron 150 canciones en las que mujeres y hombres han visibilizado y\/o reproducido: los estereotipos sexistas, la desigualdad que padecen las mujeres, la violencia de g\u00e9nero\u2026<\/p>\n\n\n\n<p class=\"wp-block-paragraph\">En definitiva, muestran una realidad donde se siguen atribuyendo roles diferentes a mujeres y a hombres, se est\u00e1 muy lejos de la corresponsabilidad, la brecha salarial se sit\u00faa en torno al 20 por ciento, el porcentaje de mujeres al frente de los diversos \u00f3rganos constitucionales es bajo y persisten m\u00faltiples manifestaciones de la violencia machista.<\/p>\n\n\n\n<p class=\"wp-block-paragraph\">Por tanto, es necesario seguir trabajando con la juventud en los conceptos asociados a la Igualdad de g\u00e9nero y los micromachismos, para que puedan en un futuro participar en la&nbsp;construcci\u00f3n de una sociedad m\u00e1s igualitaria, justa y solidaria.<\/p>\n\n\n\n<p class=\"wp-block-paragraph\">Investigaciones diversas confirman que la mayor\u00eda de los estudiantes escuchan m\u00fasica todos o casi todos los d\u00edas, y seg\u00fan crecen se identifican en un mayor grado con sus amistades a partir de sus gustos musicales. Es, por ende, un recurso diferente y \u00fatil para intercambiar con ellos.<\/p>\n","protected":false},"excerpt":{"rendered":"<p>El 28 de agosto de 1963, cantantes como Joan Baez y Bob Dylan pusieron sus voces al servicio de una causa durante una marcha en Washington: la lucha por el acceso pleno a los derechos civiles y la igualdad de grupos que no los ten\u00edan.<\/p>\n","protected":false},"author":3,"featured_media":60178,"comment_status":"open","ping_status":"open","sticky":false,"template":"","format":"standard","meta":{"_monsterinsights_skip_tracking":false,"footnotes":""},"categories":[693,45,46],"tags":[],"class_list":["post-60176","post","type-post","status-publish","format-standard","has-post-thumbnail","category-693","category-cultura","category-cultura-cultura"],"_links":{"self":[{"href":"https:\/\/redsemlac.com\/semmexico\/wp-json\/wp\/v2\/posts\/60176","targetHints":{"allow":["GET"]}}],"collection":[{"href":"https:\/\/redsemlac.com\/semmexico\/wp-json\/wp\/v2\/posts"}],"about":[{"href":"https:\/\/redsemlac.com\/semmexico\/wp-json\/wp\/v2\/types\/post"}],"author":[{"embeddable":true,"href":"https:\/\/redsemlac.com\/semmexico\/wp-json\/wp\/v2\/users\/3"}],"replies":[{"embeddable":true,"href":"https:\/\/redsemlac.com\/semmexico\/wp-json\/wp\/v2\/comments?post=60176"}],"version-history":[{"count":0,"href":"https:\/\/redsemlac.com\/semmexico\/wp-json\/wp\/v2\/posts\/60176\/revisions"}],"wp:featuredmedia":[{"embeddable":true,"href":"https:\/\/redsemlac.com\/semmexico\/wp-json\/wp\/v2\/media\/60178"}],"wp:attachment":[{"href":"https:\/\/redsemlac.com\/semmexico\/wp-json\/wp\/v2\/media?parent=60176"}],"wp:term":[{"taxonomy":"category","embeddable":true,"href":"https:\/\/redsemlac.com\/semmexico\/wp-json\/wp\/v2\/categories?post=60176"},{"taxonomy":"post_tag","embeddable":true,"href":"https:\/\/redsemlac.com\/semmexico\/wp-json\/wp\/v2\/tags?post=60176"}],"curies":[{"name":"wp","href":"https:\/\/api.w.org\/{rel}","templated":true}]}}