{"id":60165,"date":"2022-12-04T12:14:20","date_gmt":"2022-12-04T18:14:20","guid":{"rendered":"https:\/\/redsemlac.com\/semmexico\/?p=60165"},"modified":"2023-07-21T19:23:22","modified_gmt":"2023-07-22T00:23:22","slug":"amnistia-internacional-en-quintana-roo-conmino-a-presentar-resultados-y-castigar-a-los-responsables-de-la-represion-del-9-de-noviembre-de-2020","status":"publish","type":"post","link":"https:\/\/redsemlac.com\/semmexico\/amnistia-internacional-en-quintana-roo-conmino-a-presentar-resultados-y-castigar-a-los-responsables-de-la-represion-del-9-de-noviembre-de-2020\/","title":{"rendered":"Amnist\u00eda Internacional, en Quintana Roo conmin\u00f3 a presentar resultados y castigar a los responsables de la represi\u00f3n del 9 de noviembre de 2020"},"content":{"rendered":"\n<p class=\"wp-block-paragraph\">Existen solo dos carpetas por tortura, a pesar de la violaci\u00f3n a dos personas por agentes del estado, todos los responsables libres&nbsp;<\/p>\n\n\n\n<p class=\"wp-block-paragraph\">El organismo reunido con la gobernadora Mara Lezama, exigi\u00f3 agilizar las acciones de los hechos policiacos y la represi\u00f3n &nbsp;<\/p>\n\n\n\n<figure class=\"wp-block-gallery has-nested-images columns-default is-cropped wp-block-gallery-1 is-layout-flex wp-block-gallery-is-layout-flex\">\n<figure class=\"wp-block-image size-large\"><a href=\"https:\/\/redsemlac.com\/semmexico\/wp-content\/uploads\/2022\/12\/amnistia-inter-00.jpg\"><img loading=\"lazy\" decoding=\"async\" width=\"303\" height=\"166\" data-id=\"60169\" src=\"https:\/\/redsemlac.com\/semmexico\/wp-content\/uploads\/2022\/12\/amnistia-inter-00.jpg\" alt=\"\" class=\"wp-image-60169\"\/><\/a><\/figure>\n\n\n\n<figure class=\"wp-block-image size-large\"><a href=\"https:\/\/redsemlac.com\/semmexico\/wp-content\/uploads\/2022\/12\/amnistia-inter-01.jpg\"><img loading=\"lazy\" decoding=\"async\" width=\"300\" height=\"168\" data-id=\"60170\" src=\"https:\/\/redsemlac.com\/semmexico\/wp-content\/uploads\/2022\/12\/amnistia-inter-01.jpg\" alt=\"\" class=\"wp-image-60170\"\/><\/a><\/figure>\n\n\n\n<figure class=\"wp-block-image size-large\"><a href=\"https:\/\/redsemlac.com\/semmexico\/wp-content\/uploads\/2022\/12\/amnistia-inter.jpg\"><img loading=\"lazy\" decoding=\"async\" width=\"274\" height=\"184\" data-id=\"60171\" src=\"https:\/\/redsemlac.com\/semmexico\/wp-content\/uploads\/2022\/12\/amnistia-inter.jpg\" alt=\"\" class=\"wp-image-60171\"\/><\/a><\/figure>\n<\/figure>\n\n\n\n<p class=\"wp-block-paragraph\">Graciela Machuca<\/p>\n\n\n\n<p class=\"wp-block-paragraph\">SemM\u00e9xico, Canc\u00fan, Quintana Roo, 4 de diciembre, 2022.- Necesariamente Inc\u00f3moda Amnist\u00eda Internacional aclara que los avances en torno al 9-N Canc\u00fan \u201cson muy limitados\u201d; representantes de la organizaci\u00f3n exigieron justicia para v\u00edctimas.<\/p>\n\n\n\n<p class=\"wp-block-paragraph\">Se lograron integrar dos carpetas de investigaci\u00f3n por violencia sexual cometidas por polic\u00edas en Canc\u00fan; para el Derecho Internacional de los Derechos Humanos, cuando una violaci\u00f3n sexual la cometen agentes del estado, se considera como tortura.<\/p>\n\n\n\n<p class=\"wp-block-paragraph\">Un comunicado del gobierno del estado de Quintana Roo distribuido el 22 de noviembre de 2022 fue titulado de la siguiente manera: Gobierno del Estado y Amnist\u00eda Internacional trabajan juntos para llegar hasta el final con el tema del 9N.<\/p>\n\n\n\n<p class=\"wp-block-paragraph\">&nbsp;El mismo documento oficial se dice: El gobierno del estado de Quintana Roo, que encabeza Mara Lezama Espinosa, ofrece a las v\u00edctimas del 9N, y a sus representantes de Amnist\u00eda Internacional, toda la colaboraci\u00f3n y la disposici\u00f3n para llegar hasta el fondo del hecho ocurrido el 9 de noviembre de 2020.<\/p>\n\n\n\n<figure class=\"wp-block-image size-full\"><a href=\"https:\/\/redsemlac.com\/semmexico\/wp-content\/uploads\/2022\/12\/amnistia-inter-02.jpg\"><img loading=\"lazy\" decoding=\"async\" width=\"274\" height=\"184\" src=\"https:\/\/redsemlac.com\/semmexico\/wp-content\/uploads\/2022\/12\/amnistia-inter-02.jpg\" alt=\"\" class=\"wp-image-60172\"\/><\/a><\/figure>\n\n\n\n<p class=\"wp-block-paragraph\">&nbsp;La gobernadora Mara Lezama sostuvo una reuni\u00f3n con Agn\u00e9s Callamard, secretaria general de Amnist\u00eda Internacional y con Wendy Galarza, una de las v\u00edctimas del 9N, en donde se acord\u00f3 que, como primer paso, se retoman las mesas de di\u00e1logo que fueron canceladas por la pasada administraci\u00f3n estatal. Sin embargo, a esta reuni\u00f3n no fueron llamadas todas las v\u00edctimas, ni tampoco se tuvo una reuni\u00f3n previa para definir los aspectos a tratar en la referida reuni\u00f3n, como lo ha manifestado la periodista Cecilia Sol\u00eds, una de las v\u00edctimas, quien result\u00f3 con heridas de bala disparadas por la polic\u00eda municipal de Canc\u00fan, el 9 de noviembre de 2020.<\/p>\n\n\n\n<p class=\"wp-block-paragraph\">Aunque la versi\u00f3n oficial denota que fue una reuni\u00f3n de miel sobre hojuelas, la oficina de Amnist\u00eda Internacional M\u00e9xico, dio a conocer una aclaraci\u00f3n por medio de sus redes sociales de la siguiente forma: \u201cUna delegaci\u00f3n de Amnist\u00eda Internacional encabezada por Agnes Callamard, Secretaria General de Amnist\u00eda Internacional, se reuni\u00f3n con la Gobernadora de Quintana Roo, Mara Lezama, para exigir justicia para el Comit\u00e9 de V\u00edctimas #9N.\u201d<\/p>\n\n\n\n<p class=\"wp-block-paragraph\">En otra publicaci\u00f3n, tanto en Facebook como en Twitter a\u00f1ade: \u201cComo parte de la Misi\u00f3n de Alto Nivel de Agnes Callamard, Secretaria General de Amnesty International, junto a nuestra Directora Edith Olivares Ferreto, Erika Guevara Rosas Directora de Amnist\u00eda Internacional Am\u00e9ricas, y Wendy Galarza, se reunieron con la Gobernadora de #Quintana Roo, Mara Lezama, para exigir justicia para el Comit\u00e9 de Victimas del #9N. \u270a\ud83c\udffd #Canc\u00fan\u201d.<\/p>\n\n\n\n<figure class=\"wp-block-image size-full\"><a href=\"https:\/\/redsemlac.com\/semmexico\/wp-content\/uploads\/2022\/12\/amnistia-inter-03.jpg\"><img loading=\"lazy\" decoding=\"async\" width=\"750\" height=\"375\" src=\"https:\/\/redsemlac.com\/semmexico\/wp-content\/uploads\/2022\/12\/amnistia-inter-03.jpg\" alt=\"\" class=\"wp-image-60173\"\/><\/a><\/figure>\n\n\n\n<p class=\"wp-block-paragraph\">Pero el objetivo real de la reuni\u00f3n con Mara Lezama y representantes de Amnist\u00eda Internacional no se qued\u00f3 all\u00ed, sino que la oficina de prensa de la organizaci\u00f3n global recurri\u00f3 a una entrevista con la agencia espa\u00f1ola de noticias EFE, misma que le ha dado seguimiento a los hechos de represi\u00f3n del 9 de noviembre de 2020 en Canc\u00fan. Un cable de la referida agencia sostiene que Amnist\u00eda Internacional (AI) \u201cexigi\u00f3 el martes (22 de noviembre) a la gobernadora de Quintana Roo, Mara Lezama, agilizar las investigaciones contra la represi\u00f3n polic\u00edaca que hubo hace dos a\u00f1os en Canc\u00fan contra manifestantes que protestaban por el feminicidio de Bianca Alejandrina Lorenzana Alvarado, conocida como Alexis.<\/p>\n\n\n\n<p class=\"wp-block-paragraph\">La nota informativa refiere qu\u00e9 tras una reuni\u00f3n con la gobernadora, \u201cquien en aquel entonces era presidenta municipal de Benito Ju\u00e1rez, conocido como Canc\u00fan, la directora de AI para las Am\u00e9ricas, Erika Guevara-Rosas, se\u00f1al\u00f3 que los avances en las investigaciones \u201cson muy limitados\u201d. \u201cEspecialmente en lo relacionado con los mandos y los perpetradores directos de las violaciones a los derechos humanos\u201d, declar\u00f3 Erika Guevara Rosas.<\/p>\n\n\n\n<p class=\"wp-block-paragraph\">&nbsp;Seg\u00fan declaraciones a EFE, la representante de Amnist\u00eda Internacional dijo que a pesar de que el gobierno \u201cha avanzado en algunos temas, siguen siendo insuficientes, las v\u00edctimas no han sido reparadas en lo individual; pero tambi\u00e9n en lo colectivo, \u201chemos solicitado a la gobernadora que se haga una disculpa p\u00fablica sobre estos actos represivos\u201d.<\/p>\n\n\n\n<p class=\"wp-block-paragraph\">El organismo internacional tambi\u00e9n considera que la existencia de \u201cviolencia estatal\u201d y pidi\u00f3 que se determine no s\u00f3lo a la responsabilidad penal a trav\u00e9s de las investigaciones, \u201csino tambi\u00e9n la responsabilidad estatal que hay en torno a la represi\u00f3n de manifestaciones\u201d.<\/p>\n\n\n\n<p class=\"wp-block-paragraph\">&nbsp;Desde luego que Amnist\u00eda Internacional tiene claro que la Polic\u00eda Municipal de Benito Ju\u00e1rez, en ese entonces estaba bajo el mando de la hoy gobernadora, por tener el cargo de presidenta municipal.<\/p>\n\n\n\n<p class=\"wp-block-paragraph\">A las investigaciones se suman dos carpetas por tortura, luego que dos personas fueron violadas sexualmente por agentes del estado<\/p>\n\n\n\n<p class=\"wp-block-paragraph\">&nbsp;Adem\u00e1s, seg\u00fan EFE, Edith Olivares Ferreto, directora de AI M\u00e9xico, coment\u00f3 que a las denuncias interpuestas desde 2020 se agregan dos m\u00e1s por tortura sexual y una por tortura, que no se hab\u00edan podido integrar anteriormente, ya que se abrieron por abuso sexual. \u201cHubo al menos dos personas que fueron violadas por agentes del estado, violadas sexualmente por agentes del estado en la represi\u00f3n del 9 de noviembre, y en el derecho internacional de los Derechos Humanos una violaci\u00f3n cometida por un agente del estado constituye tortura sexual\u201d, detall\u00f3 Olivares Ferreto.<\/p>\n\n\n\n<p class=\"wp-block-paragraph\">De esta manera, AI logr\u00f3 que se abrieran dos carpetas por tortura y se aplicar\u00e1 el Protocolo de Estambul para proceder en las investigaciones tras los hechos en Canc\u00fan.<\/p>\n\n\n\n<p class=\"wp-block-paragraph\">&nbsp;Organismos de la ONU y de la CIDH se re\u00fanen con organizaciones civiles y representantes de estado en quito, ecuador, para discutir sobre el derecho a defender derechos humanos, entre otros<\/p>\n\n\n\n<p class=\"wp-block-paragraph\">&nbsp;Desde Quito, Ecuador, se dio a conocer este 23 de noviembre que representantes de Estado y de gobierno de Brasil, Colombia, Honduras, M\u00e9xico y Per\u00fa participaron este 21 de noviembre en un encuentro de Mecanismos Nacionales de protecci\u00f3n para personas defensoras de derechos humanos y periodistas en Am\u00e9rica Latina. La reuni\u00f3n -organizada por ONU Derechos Humanos y la Comisi\u00f3n Interamericana de Derechos Humanos (CIDH)- puso de relieve las estrategias y acciones preventivas desarrolladas por los mecanismos de protecci\u00f3n en cada pa\u00eds, con \u00e9nfasis en la implementaci\u00f3n de medidas y la atenci\u00f3n a casos colectivos. Sobre la reuni\u00f3n, el Representante Adjunto de ONU Derechos Humanos en Am\u00e9rica del Sur, Xavier Mena, record\u00f3 que \u201clos Estados tienen la obligaci\u00f3n de asegurar un entorno seguro y propicio\u201d para la labor de defensa de los derechos humanos. \u201cNo obstante, las personas defensoras y sus comunidades, siguen enfrentando riesgos y violaciones de sus derechos como resultado de dicha labor\u201d, subray\u00f3.<\/p>\n\n\n\n<p class=\"wp-block-paragraph\">Por su parte el Relator sobre Defensoras y Defensores de Derechos Humanos y Operadores de Justicia de la CIDH, Joel Hern\u00e1ndez, destac\u00f3 que \u201cestos espacios de di\u00e1logo resultan de la mayor importancia para abordar y discutir estas obligaciones y poder asegurar que a trav\u00e9s de sus acciones, los mecanismos de protecci\u00f3n contribuyan a un cumplimiento efectivo en la protecci\u00f3n de quienes defienden derechos humanos\u201d.<\/p>\n\n\n\n<p class=\"wp-block-paragraph\">Quienes integran el equipo de trabajo del Gobierno del Estado de Quintana Roo deben capacitarse en temas de derechos humanos y comprender que se trata de crear y consolidar la cultura de los derechos humanos para que pueda ser transversal y sacarla del discurso. Los hechos de represi\u00f3n del 9 de noviembre de 2020 en Benito Ju\u00e1rez, perseguir\u00e1n como un fantasma al actual gobierno de Quintana Roo, al menos que en verdad tenga un compromiso palpable por respetar lo que dice el Art\u00edculo Primero de la Constituci\u00f3n Federal.<\/p>\n","protected":false},"excerpt":{"rendered":"<p>El organismo reunido con la gobernadora Mara Lezama, exigi\u00f3 agilizar las acciones de los hechos policiacos y la represi\u00f3n \u00a0<\/p>\n","protected":false},"author":3,"featured_media":60168,"comment_status":"open","ping_status":"open","sticky":false,"template":"","format":"standard","meta":{"_monsterinsights_skip_tracking":false,"footnotes":""},"categories":[693,48],"tags":[],"class_list":["post-60165","post","type-post","status-publish","format-standard","has-post-thumbnail","category-693","category-no-mas-impunidad-no-mas-impunidad"],"_links":{"self":[{"href":"https:\/\/redsemlac.com\/semmexico\/wp-json\/wp\/v2\/posts\/60165","targetHints":{"allow":["GET"]}}],"collection":[{"href":"https:\/\/redsemlac.com\/semmexico\/wp-json\/wp\/v2\/posts"}],"about":[{"href":"https:\/\/redsemlac.com\/semmexico\/wp-json\/wp\/v2\/types\/post"}],"author":[{"embeddable":true,"href":"https:\/\/redsemlac.com\/semmexico\/wp-json\/wp\/v2\/users\/3"}],"replies":[{"embeddable":true,"href":"https:\/\/redsemlac.com\/semmexico\/wp-json\/wp\/v2\/comments?post=60165"}],"version-history":[{"count":0,"href":"https:\/\/redsemlac.com\/semmexico\/wp-json\/wp\/v2\/posts\/60165\/revisions"}],"wp:featuredmedia":[{"embeddable":true,"href":"https:\/\/redsemlac.com\/semmexico\/wp-json\/wp\/v2\/media\/60168"}],"wp:attachment":[{"href":"https:\/\/redsemlac.com\/semmexico\/wp-json\/wp\/v2\/media?parent=60165"}],"wp:term":[{"taxonomy":"category","embeddable":true,"href":"https:\/\/redsemlac.com\/semmexico\/wp-json\/wp\/v2\/categories?post=60165"},{"taxonomy":"post_tag","embeddable":true,"href":"https:\/\/redsemlac.com\/semmexico\/wp-json\/wp\/v2\/tags?post=60165"}],"curies":[{"name":"wp","href":"https:\/\/api.w.org\/{rel}","templated":true}]}}