{"id":60162,"date":"2022-12-04T11:52:57","date_gmt":"2022-12-04T17:52:57","guid":{"rendered":"https:\/\/redsemlac.com\/semmexico\/?p=60162"},"modified":"2023-07-21T19:23:22","modified_gmt":"2023-07-22T00:23:22","slug":"denuncian-activistas-de-colectiva-libres-y-combativas-violencia-contra-mujeres-que-denunciaron-agresores-en-la-uam","status":"publish","type":"post","link":"https:\/\/redsemlac.com\/semmexico\/denuncian-activistas-de-colectiva-libres-y-combativas-violencia-contra-mujeres-que-denunciaron-agresores-en-la-uam\/","title":{"rendered":"<strong>Denuncian activistas de colectiva Libres y Combativas, violencia contra mujeres que denunciaron agresores en la UAM<\/strong>"},"content":{"rendered":"\n<p class=\"wp-block-paragraph\"><strong>UAM habr\u00eda despedido a dos de sus trabajadoras tras denunciar violencia de genero ejercida por su Contralor y Abogado General<\/strong><\/p>\n\n\n\n<p class=\"wp-block-paragraph\"><strong><em>Redacci\u00f3n<\/em><\/strong><\/p>\n\n\n\n<p class=\"wp-block-paragraph\"><strong><em>SemM\u00e9xico, Ciudad de M\u00e9xico, 4 de diciembre, 2022.-<\/em><\/strong><strong>&nbsp;<\/strong>Mediante un comunicado dirigido a la opini\u00f3n p\u00fablica y a la comunidad de la Universidad Aut\u00f3noma Metropolitana, la colectiva Libres y Combativas de la UAM, denunciaron violencia contra mujeres universitarias que denunciaron agresores.<\/p>\n\n\n\n<p class=\"wp-block-paragraph\">Manifestaron que el viernes 25 de noviembre de 2022, en pleno d\u00eda de la lucha contra la violencia machista, se emiti\u00f3 un violento comunicado donde la Universidad Aut\u00f3noma Metropolitana afirm\u00f3&nbsp;desmentir categ\u00f3ricamente&nbsp;a dos mujeres que trabajaban en la Contralor\u00eda.<\/p>\n\n\n\n<p class=\"wp-block-paragraph\">Argumentaron que, seg\u00fan la Real Academia Espa\u00f1ola desmentir significa: \u201cManifestar o demostrar que alguien miente o se equivoca \u201cy categ\u00f3rica \u201cque no admite objeci\u00f3n o discusi\u00f3n\u201d, por lo que, con esa afirmaci\u00f3n, la UAM estar\u00eda llamando p\u00fablicamente mentirosas a las denunciantes que fueron&nbsp;\u201cdespedidas despu\u00e9s de denunciar violencia de g\u00e9nero\u201d,&nbsp;sin dar espacio a la objeci\u00f3n o discusi\u00f3n.<\/p>\n\n\n\n<p class=\"wp-block-paragraph\">Aclararon que, en dicho comunicado, las autoridades de la UAM, tambi\u00e9n afirmaron indebidamente que&nbsp;\u201clas dos&nbsp;rescisiones se determinaron con estricto apego a las causales previstas en la Ley Federal del Trabajo\u2026 y se cumplieron las formalidades del procedimiento.\u201d<\/p>\n\n\n\n<p class=\"wp-block-paragraph\">\u201cAnte estas afirmaciones,&nbsp;exigimos, ya que lo han hecho p\u00fablico y se han puesto a litigar en medios, sin dar espacio a las autoridades correspondientes, que ofrezcan pruebas de sus dichos, ya que determinar esas dos afirmaciones categ\u00f3ricas no le corresponde a la UAM, sino en este caso a la Junta Federal de Conciliaci\u00f3n y Arbitraje\u201d, expresaron.<\/p>\n\n\n\n<p class=\"wp-block-paragraph\">En el comunicado emitido desde la colectiva Libres y Combativas, las activistas tambi\u00e9n manifestaron que las trabajadoras, en primer lugar, hicieron de conocimiento las violencias de las que por su g\u00e9nero eran objeto, ante el Patronato de esa Universidad a qui\u00e9n por su lugar de adscripci\u00f3n es la instancia que corresponde en uno de los casos, el 1 de abril de 2022, siendo aquella despedida el 29 de abril de 2022, y en el segundo caso, habiendo &nbsp;denunciado el 8 de junio de 2022 y siendo despedida un 27 de julio de 2022, lo cual sirve como prueba para establecer que la correlaci\u00f3n entre las denuncias y el posterior despido de las compa\u00f1eras denunciantes, descartando la versi\u00f3n emitida por la autoridad en la UAM.<\/p>\n\n\n\n<p class=\"wp-block-paragraph\">Sobre el informe que la Defensor\u00eda de los Derechos Universitarios emiti\u00f3 con motivo de las quejas que recibi\u00f3 del cual la autoridad hizo p\u00fablico que en ninguna parte de ese documento&nbsp;\u201cse concluy\u00f3 que se estaban violentado sus derechos humanos y laborales\u2026\u201d, las firmantes&nbsp;exigieron&nbsp;que dicho informe sea \u00edntegramente publicado para que la opini\u00f3n p\u00fablica conozca que en el \u00faltimo p\u00e1rrafo de la p\u00e1gina 14, a la letra dice: &nbsp;\u201cFinalmente, de los elementos aqu\u00ed analizados, esta Defensor\u00eda considera que existe la presunci\u00f3n ordinaria sobre la afectaci\u00f3n de los derechos universitarios a la integridad personal, a la no discriminaci\u00f3n y al derecho a una vida libre de violencia de las mujeres de (sic) Q1,Q2,T2,T3 y T4 as\u00ed como de T1 mientras labor\u00f3 en esta Universidad.\u201d, con lo cual queda entre dicho lo expresado por la autoridad de la UAM.<\/p>\n\n\n\n<p class=\"wp-block-paragraph\">Las firmantes consideraron importante precisar que una presunci\u00f3n es un hecho que legalmente se da por cierto y est\u00e1 establecido en la Ley, y que entre esas mujeres que se enlistan en esa conclusi\u00f3n del referido informe, est\u00e1n esas dos a las que categ\u00f3ricamente llaman mentirosas.<\/p>\n\n\n\n<p class=\"wp-block-paragraph\">En el mismo comunicado, se refirieron a que la autoridad afirm\u00f3 que&nbsp;\u201ces impreciso que la UAM tenga dos recomendaciones de la CNDH por violencia de g\u00e9nero\u201d, lo cual hace constar p\u00fablicamente a su parecer que ni siquiera se han tomado el tiempo de leer la Recomendaci\u00f3n General 43\/2020 que emiti\u00f3 la CNDH y que fue dirigida, entre otros, al Rector de la UAM, que tiene por tema Violencia de G\u00e9nero y que, por supuesto, no la han puesto en pr\u00e1ctica ni trabajan intensamente para cumplirla, pues si as\u00ed fuera, estar\u00edan ahorr\u00e1ndose este comunicado, manifestaron.<\/p>\n\n\n\n<p class=\"wp-block-paragraph\">En el comunicado oficial emotivo por la UAM, la autoridad neg\u00f3 que existiera un&nbsp;\u201cmodus operandi\u201d&nbsp;para despedir de manera injustificada al personal y en cuanto al caso de la Abogac\u00eda General, aclararon nuevamente informaci\u00f3n que le corresponde aclarar a la Junta Federal de Conciliaci\u00f3n y Arbitraje. As\u00ed mismo, las firmantes consideraron que la autoridad se contradice en el \u00faltimo p\u00e1rrafo de su comunicado al decir que&nbsp;\u201cla UAM evit\u00f3 emitir comentario al respecto\u201d&nbsp;pues al emitir su Comunicado dirigi\u00e9ndose a la Opini\u00f3n P\u00fablica y a la Comunidad Universitaria, se constituy\u00f3 precisamente eso que dijeron evitar.<\/p>\n\n\n\n<p class=\"wp-block-paragraph\">La autoridad universitaria manifest\u00f3 que&nbsp;\u201cdebe considerarse que la informaci\u00f3n que se genera en estos casos tiene el car\u00e1cter de reservada\u2026 hasta que la Junta Federal de Conciliaci\u00f3n y Arbitraje emita los laudos correspondientes\u201d, por lo que las activistas cuestionaron tambi\u00e9n por qu\u00e9 exponer p\u00fablicamente su conclusi\u00f3n respecto de esa informaci\u00f3n reservada y sobre sus casos, direccionando a su favor la respuesta de la Junta Federal de Conciliaci\u00f3n y Arbitraje sin dar oportunidad a que la Junta emita su laudo de una forma libre e independiente.<\/p>\n\n\n\n<p class=\"wp-block-paragraph\">Es indignante, agregaron, que en ese comunicado la UAM se dedique a justificarse y se enfoque en que la rescisi\u00f3n laboral hacia dos mujeres se determin\u00f3 con estricto apego a la LFT y al CCT, cuando el problema de fondo, que no est\u00e1n dispuestos a reconocer y solucionar, es la violencia de g\u00e9nero que valientemente denunciaron las dos mujeres despedidas.<\/p>\n\n\n\n<p class=\"wp-block-paragraph\">Las firmantes, tambi\u00e9n exigieron&nbsp;que la UAM conozca y aplique la recomendaci\u00f3n 043\/2020 que le hizo la CNDH y lo dispuesto en el Cap\u00edtulo IV, De la Violencia Institucional, conferido en la Ley General de Acceso de las Mujeres a una Vida Libre de Violencia, ya que sus acciones y su comunicado oficial se consideran por ellas como violatorios de ambas, pues ejercen violencia institucional, que&nbsp;son los actos u omisiones de las y los servidores p\u00fablicos de cualquier orden de gobierno que discriminen o tengan como fin dilatar,&nbsp;obstaculizar&nbsp;o impedir el goce y ejercicio de los derechos humanos de las mujeres as\u00ed como su disfrute de pol\u00edticas p\u00fablicas destinadas a prevenir, atender, investigar, sancionar y erradicar los diferentes tipos de violencia.<\/p>\n\n\n\n<p class=\"wp-block-paragraph\">Desde Libres y Combativas, afirmaron,&nbsp;suscribimos este comunicado y manifestamos que es inaudito que las autoridades de la UAM sigan ocultando y solapando la violencia machista, y que esas mismas autoridades act\u00faen como juez y parte utilizando el poder de su aparato institucional, para defender a una camarilla de d\u00e9spotas abusadores frente a m\u00e1s de 12 compa\u00f1eras. &nbsp;Denunciaron \u201c\u00e9sta gala patriarcal es expuesta sin empacho en su comunicado, llamando mentirosas a las compa\u00f1eras que han sido despojadas de su fuente de ingreso sin liquidaci\u00f3n y puestas en la calle aun siendo jefas de familia, mientras ellos siguen en sus lugares de poder ejerciendo violencia en total impunidad\u201d.<\/p>\n\n\n\n<p class=\"wp-block-paragraph\">\u00bfSer\u00e1 casualidad que la Rector\u00eda General de la Universidad Aut\u00f3noma Metropolitana a cargo del Dr. Jos\u00e9 Antonio de los Reyes Heredia, defienda ferozmente al Contralor General y su camarilla?, cuestionaron.<\/p>\n\n\n\n<p class=\"wp-block-paragraph\">Es absurdo que pretendan usar el primer informe de la Defensor\u00eda para lavarse las manos, rest\u00e1ndole credibilidad al resaltar que se trata de un informe preliminar. \u00bfSer\u00e1 que est\u00e1n preparando un nuevo informe para retractarse en favor de la camarilla machista?, dijeron Libres y Combativas en su r\u00e9plica al comunicado de la UAM.<\/p>\n\n\n\n<p class=\"wp-block-paragraph\">Es por ello que denunciamos a estos energ\u00famenos, agregaron, pero tambi\u00e9n al machismo institucional ejercido por las m\u00e1ximas autoridades de la UAM quienes emitieron un comunicado con el que lanzan un s\u00f3lo mensaje: \u00abAqu\u00ed se defiende a los agresores y se revictimiza, sus denuncias no nos interesan y qui\u00e9n se atreva a denunciar se enfrentar\u00e1 a todo nuestro aparato\u00bb.<\/p>\n\n\n\n<p class=\"wp-block-paragraph\">Finalmente, calificaron que el comunicado de la UAM, expresa la hipocres\u00eda de los foros, los mo\u00f1os naranjas y toda la parafernalia seudo feminista de la instituci\u00f3n y desnuda la realidad que viven decenas de v\u00edctimas. Lamentablemente, aseguraron, est\u00e1 no es la \u00fanica vez que act\u00faan de esta forma y, al lanzar el mensaje de impunidad y respaldo con esta clase de comunicados, s\u00f3lo atizan la violencia y provocan su escalada.<\/p>\n\n\n\n<p class=\"wp-block-paragraph\">\u201c\u00a1Nosotras si les creemos! Solo juntas y organizadas podremos seguir luchando contra el machismo y la misoginia dentro de la UAM y el resto de las instituciones educativas y centros laborales.&nbsp;Suma tu denuncia, cont\u00e1ctanos y organicemos la rabia.\u201d,&nbsp;concluyeron.<\/p>\n","protected":false},"excerpt":{"rendered":"<p>UAM habr\u00eda despedido a dos de sus trabajadoras tras denunciar violencia de genero ejercida por su Contralor y Abogado General<\/p>\n","protected":false},"author":3,"featured_media":60163,"comment_status":"open","ping_status":"open","sticky":false,"template":"","format":"standard","meta":{"_monsterinsights_skip_tracking":false,"footnotes":""},"categories":[693,54],"tags":[],"class_list":["post-60162","post","type-post","status-publish","format-standard","has-post-thumbnail","category-693","category-mujeres"],"_links":{"self":[{"href":"https:\/\/redsemlac.com\/semmexico\/wp-json\/wp\/v2\/posts\/60162","targetHints":{"allow":["GET"]}}],"collection":[{"href":"https:\/\/redsemlac.com\/semmexico\/wp-json\/wp\/v2\/posts"}],"about":[{"href":"https:\/\/redsemlac.com\/semmexico\/wp-json\/wp\/v2\/types\/post"}],"author":[{"embeddable":true,"href":"https:\/\/redsemlac.com\/semmexico\/wp-json\/wp\/v2\/users\/3"}],"replies":[{"embeddable":true,"href":"https:\/\/redsemlac.com\/semmexico\/wp-json\/wp\/v2\/comments?post=60162"}],"version-history":[{"count":0,"href":"https:\/\/redsemlac.com\/semmexico\/wp-json\/wp\/v2\/posts\/60162\/revisions"}],"wp:featuredmedia":[{"embeddable":true,"href":"https:\/\/redsemlac.com\/semmexico\/wp-json\/wp\/v2\/media\/60163"}],"wp:attachment":[{"href":"https:\/\/redsemlac.com\/semmexico\/wp-json\/wp\/v2\/media?parent=60162"}],"wp:term":[{"taxonomy":"category","embeddable":true,"href":"https:\/\/redsemlac.com\/semmexico\/wp-json\/wp\/v2\/categories?post=60162"},{"taxonomy":"post_tag","embeddable":true,"href":"https:\/\/redsemlac.com\/semmexico\/wp-json\/wp\/v2\/tags?post=60162"}],"curies":[{"name":"wp","href":"https:\/\/api.w.org\/{rel}","templated":true}]}}