{"id":60128,"date":"2022-12-03T17:55:33","date_gmt":"2022-12-03T23:55:33","guid":{"rendered":"https:\/\/redsemlac.com\/semmexico\/?p=60128"},"modified":"2023-07-21T19:23:23","modified_gmt":"2023-07-22T00:23:23","slug":"medios-no-deben-hablar-de-mujeres-sino-de-su-experiencia-y-lucha-sara-lovera","status":"publish","type":"post","link":"https:\/\/redsemlac.com\/semmexico\/medios-no-deben-hablar-de-mujeres-sino-de-su-experiencia-y-lucha-sara-lovera\/","title":{"rendered":"Medios no deben hablar de mujeres, sino de su experiencia y lucha: Sara Lovera"},"content":{"rendered":"\n<p class=\"has-small-font-size wp-block-paragraph\" style=\"font-style:normal;font-weight:100\">La periodista y activista feminista, Sara Lovera L\u00f3pez, comparti\u00f3 con periodistas tlaxcaltecas. | Diana Zempoalteca<\/p>\n\n\n\n<p class=\"wp-block-paragraph\">El periodismo feminista no solo es crear espacios para hablar de mujeres, sino una nueva forma de comunicar, refiere colaboradora de OEM<\/p>\n\n\n\n<p class=\"wp-block-paragraph\">Intercambio entre colegas a convocatoria del Tribunal Superior de Justicia<\/p>\n\n\n\n<p class=\"wp-block-paragraph\">Diana Zempoalteca<br>SemM\u00e9xico\/ El Sol de Tlaxcala, Tlaxcala, 3 de diciembre, 2022.- La periodista y colaboradora de la Organizaci\u00f3n Editorial Mexicana (OEM), Sara Lovera L\u00f3pez, enfatiz\u00f3 que una tarea primordial de los medios de comunicaci\u00f3n es hablar de las experiencias y luchas de las mujeres y no solo darles espacio de difusi\u00f3n por su sexo.<\/p>\n\n\n\n<p class=\"wp-block-paragraph\">Durante su visita a Tlaxcala, para sostener una charla con comunicadores locales, sobre \u201cBuenas pr\u00e1cticas de c\u00f3mo implementar la perspectiva de g\u00e9nero en las notas period\u00edsticas\u201d, como parte de los 16 d\u00edas de activismo contra la violencia de g\u00e9nero, fue clara, dijo que a\u00fan hay mucho que aprender para hacer un periodismo en el que sean evidenciados los verdaderos retos que enfrentan las mujeres.<\/p>\n\n\n\n<figure class=\"wp-block-image size-large\"><img decoding=\"async\" src=\"https:\/\/redsemlac.com\/semmexico\/wp-content\/uploads\/2022\/12\/Screenshot_20221203_174528_com.microsoft.office.word_edit_20491245574998-1024x475.jpg\" alt=\"\" class=\"wp-image-60131\"\/><\/figure>\n\n\n\n<p class=\"has-small-font-size wp-block-paragraph\" style=\"font-style:normal;font-weight:100\">La periodista y activista feminista, Sara Lovera L\u00f3pez, comparti\u00f3 con periodistas tlaxcaltecas. | Diana Zempoalteca<\/p>\n\n\n\n<p class=\"wp-block-paragraph\">Extern\u00f3 que por a\u00f1os los medios de comunicaci\u00f3n han silenciado a las mujeres, por ello ha sido necesario que ellas se hagan escuchar, no obstante, consider\u00f3 que el periodismo feminista no solo es crear espacios para hablar de mujeres, sino una nueva forma de hacer periodismo y comunicaci\u00f3n.<\/p>\n\n\n\n<p class=\"wp-block-paragraph\"><strong>Paridad en la representaci\u00f3n, pendiente con las mujeres: Sara Lovera<\/strong><\/p>\n\n\n\n<p class=\"wp-block-paragraph\">Durante el encuentro la tambi\u00e9n activista consider\u00f3 que, para hacer un periodismo verdaderamente inclusivo, uno de los principales retos es cambiar el enfoque, dejar de reflejar en las notas, art\u00edculos, reportajes, entrevistas, entre otros g\u00e9neros el pensamiento resultado de una educaci\u00f3n machista.<\/p>\n\n\n\n<p class=\"wp-block-paragraph\">Lovera L\u00f3pez enfatiz\u00f3 que hay mucho que aprender, cambiar la mirada y el enfoque con el que las notas son escritas, dejar de pensar que crear espacios para las mujeres en los medios de comunicaci\u00f3n es generar noticias por el simple hecho de ser mujer, sin que esto genere un verdadero aporte informativo, tendencia que calific\u00f3 como \u201cmujerismo\u201d.<br><\/p>\n\n\n\n<p class=\"wp-block-paragraph\">Una de las pr\u00e1cticas que han sido recurrentes en los espacios de comunicaci\u00f3n, de acuerdo con la periodista es escribir como se piensa, lo que provoca el rezago de las mujeres en diferentes \u00e1mbitos.<\/p>\n\n\n\n<p class=\"wp-block-paragraph\">A pesar de que las mujeres representan m\u00e1s de la mitad de la poblaci\u00f3n en M\u00e9xico y de demostrar aportaci\u00f3n para el crecimiento de la econom\u00eda, educaci\u00f3n, salud, y diversos sectores, siguen siendo rezagadas y su realidad en el campo laboral deja mucho que desear, coincidieron directivas.<br><\/p>\n\n\n\n<p class=\"wp-block-paragraph\">Record\u00f3 que en M\u00e9xico hay entre 11 y 20 mujeres asesinadas todos los d\u00edas, lo que se traduce en una violencia sist\u00e9mica contra las mujeres, \u201cel otro\u201d que deseamos se debe erradicar, por ello, expres\u00f3 que es necesario hacer una labor tit\u00e1nica en materia de capacitaci\u00f3n en perspectiva de g\u00e9nero.<br><\/p>\n\n\n\n<p class=\"wp-block-paragraph\">En la charla que sostuvo con los periodistas Dolores Mercado Corona, Zurya Escamilla D\u00edaz, Marisol Fern\u00e1ndez Mu\u00f1oz y Mois\u00e9s Morales del Razo, la periodista con m\u00e1s de 50 a\u00f1os de experiencia expres\u00f3 que en todas las regiones las y los periodistas deben investigar y estudiar la condici\u00f3n de las mujeres para poder reflejarlo en sus textos y preocupaciones, en la pr\u00e1ctica.<br><\/p>\n\n\n\n<p class=\"wp-block-paragraph\">Pues de los prejuicios y la manera de ver la vida, hay una percepci\u00f3n que se plasma en las l\u00edneas que cada trabajador o trabajadora de la comunicaci\u00f3n expresa y difunde para sus lectores y lectoras, ya que traslada inconscientemente su pensamiento, sostuvo Lovera L\u00f3pez.<br><\/p>\n\n\n\n<p class=\"wp-block-paragraph\"><strong>LARGA HISTORIA DE INTERVENCI\u00d3N DE LAS MUJERES<\/strong><\/p>\n\n\n\n<p class=\"wp-block-paragraph\">Sara Lovera L\u00f3pez detall\u00f3 que la participaci\u00f3n de las mujeres ha ido creciendo lentamente, aunque han dado otra mirada a las noticias dentro de las redacciones de los medios y creado redes period\u00edsticas para visibilizar el aporte que tienen, es insuficiente.<br><\/p>\n\n\n\n<p class=\"wp-block-paragraph\">Actualmente, dijo, en los medios de comunicaci\u00f3n el 12 por ciento trabajan en las bases, es decir, editando informaci\u00f3n y solo una de tres desarrollan ampliamente la pr\u00e1ctica period\u00edstica, situaci\u00f3n que ha variado muy poco en los \u00faltimos 50 a\u00f1os.<br><\/p>\n\n\n\n<p class=\"wp-block-paragraph\">Para dar espacio de voz a las mujeres, ha sido necesario entablar una amplia relaci\u00f3n del feminismo con los medios de comunicaci\u00f3n, desde el siglo XIX, con el reto de cambiar el enfoque con el que se habla de las mujeres.<br><\/p>\n\n\n\n<p class=\"wp-block-paragraph\">Mujeres feministas han contribuido a las buenas pr\u00e1cticas period\u00edsticas, con sentido de s\u00ed, sin embargo, la mayor\u00eda de los mensajes en las noticias se sigue traduciendo en un lenguaje masculino.<\/p>\n\n\n\n<p class=\"wp-block-paragraph\">Pese a que se han generado cambios todav\u00eda existe una persistencia de los estereotipos hac\u00eda las mujeres, que cuando se sale de ellos son motivo de cr\u00edtica y de rechazo, en muchas ocasiones resultado del machismo y su pensamiento.<\/p>\n\n\n\n<figure class=\"wp-block-image size-large\"><img decoding=\"async\" src=\"https:\/\/redsemlac.com\/semmexico\/wp-content\/uploads\/2022\/12\/Screenshot_20221203_174537_com.microsoft.office.word_edit_20527146743221-1024x685.jpg\" alt=\"\" class=\"wp-image-60132\"\/><\/figure>\n\n\n\n<p class=\"wp-block-paragraph\">Esta actividad se hizo como parte de las acciones que los tres Poderes de Gobierno y organismos p\u00fablicos aut\u00f3nomos emprendieron en el marco de los \u201c16 D\u00edas de Activismo para Erradicar la Violencia contra las Mujeres\u201d, se hizo este encuentro. en el Poder Judicial del Estado.<br>En la inauguraci\u00f3n la Magistrada Presidenta del Tribunal Superior de Justicia y del Consejo de la Judicatura del Estado (TSJ-CJE), Mary Cruz Cort\u00e9s Ornelas, afirm\u00f3 que \u00e9stas acciones tienen un objetivo en com\u00fan: erradicar la violencia contra la mujer en todos los aspectos.<\/p>\n\n\n\n<figure class=\"wp-block-image size-large\"><img decoding=\"async\" src=\"https:\/\/redsemlac.com\/semmexico\/wp-content\/uploads\/2022\/12\/Screenshot_20221203_174554_com.microsoft.office.word_edit_20570326356756-1024x683.jpg\" alt=\"\" class=\"wp-image-60133\"\/><\/figure>\n\n\n\n<p class=\"wp-block-paragraph\">Por ello, reconoci\u00f3 el inter\u00e9s de periodistas tlaxcaltecas, responsables de las \u00e1reas de comunicaci\u00f3n social de instituciones p\u00fablicas, organismos p\u00fablicos aut\u00f3nomos y p\u00fablico en general, por asistir a la conferencia a fin de concientizar sobre la forma en que redactan las notas informativas, boletines o comunicados de prensa: \u201cEn el Poder Judicial trabajamos en conjunto con instituciones y sectores p\u00fablicos y privados en defensa de los Derechos Humanos de las mujeres, ni\u00f1os, ni\u00f1as, adolescentes, grupos vulnerables y en general de toda la sociedad\u201d.<br><\/p>\n\n\n\n<p class=\"wp-block-paragraph\">Asistieron la Magistrada, Marisol Barba P\u00e9rez; los Magistrados Pedro S\u00e1nchez Ortega y Enrique Acoltzi Conde; as\u00ed como la Consejera de la Judicatura, Edith Alejandra Segura Pay\u00e1n y un nutrido grupo de la Red de Mujeres Abogadas de Tlaxcala.<br><\/p>\n\n\n\n<p class=\"wp-block-paragraph\">Asimismo, la titular del Instituto Estatal de la Mujer (IEM), Margarita Cisneros Tzoni, y la Diputada Lorena Ruiz Garc\u00eda, Presidenta de la Comisi\u00f3n de Igualdad de G\u00e9nero y contra la Trata de Personas del Congreso del Estado.<\/p>\n","protected":false},"excerpt":{"rendered":"<p>La periodista y colaboradora de la Organizaci\u00f3n Editorial Mexicana (OEM), Sara Lovera L\u00f3pez, enfatiz\u00f3 que una tarea primordial de los medios de comunicaci\u00f3n es hablar de las experiencias y luchas de las mujeres<\/p>\n","protected":false},"author":3,"featured_media":60130,"comment_status":"open","ping_status":"open","sticky":false,"template":"","format":"standard","meta":{"_monsterinsights_skip_tracking":false,"footnotes":""},"categories":[693,54],"tags":[],"class_list":["post-60128","post","type-post","status-publish","format-standard","has-post-thumbnail","category-693","category-mujeres"],"_links":{"self":[{"href":"https:\/\/redsemlac.com\/semmexico\/wp-json\/wp\/v2\/posts\/60128","targetHints":{"allow":["GET"]}}],"collection":[{"href":"https:\/\/redsemlac.com\/semmexico\/wp-json\/wp\/v2\/posts"}],"about":[{"href":"https:\/\/redsemlac.com\/semmexico\/wp-json\/wp\/v2\/types\/post"}],"author":[{"embeddable":true,"href":"https:\/\/redsemlac.com\/semmexico\/wp-json\/wp\/v2\/users\/3"}],"replies":[{"embeddable":true,"href":"https:\/\/redsemlac.com\/semmexico\/wp-json\/wp\/v2\/comments?post=60128"}],"version-history":[{"count":0,"href":"https:\/\/redsemlac.com\/semmexico\/wp-json\/wp\/v2\/posts\/60128\/revisions"}],"wp:featuredmedia":[{"embeddable":true,"href":"https:\/\/redsemlac.com\/semmexico\/wp-json\/wp\/v2\/media\/60130"}],"wp:attachment":[{"href":"https:\/\/redsemlac.com\/semmexico\/wp-json\/wp\/v2\/media?parent=60128"}],"wp:term":[{"taxonomy":"category","embeddable":true,"href":"https:\/\/redsemlac.com\/semmexico\/wp-json\/wp\/v2\/categories?post=60128"},{"taxonomy":"post_tag","embeddable":true,"href":"https:\/\/redsemlac.com\/semmexico\/wp-json\/wp\/v2\/tags?post=60128"}],"curies":[{"name":"wp","href":"https:\/\/api.w.org\/{rel}","templated":true}]}}