{"id":6012,"date":"2018-11-14T18:25:38","date_gmt":"2018-11-14T18:25:38","guid":{"rendered":"https:\/\/redsemlac.com\/semmexico\/?p=6012"},"modified":"2023-07-21T14:34:14","modified_gmt":"2023-07-21T19:34:14","slug":"los-hombres-tambien-lloran","status":"publish","type":"post","link":"https:\/\/redsemlac.com\/semmexico\/los-hombres-tambien-lloran\/","title":{"rendered":"Los hombres tambi\u00e9n lloran"},"content":{"rendered":"\n<p class=\"wp-block-paragraph\">Los lleva a no gestionar sus miedos.<\/p>\n\n\n\n<h5 class=\"wp-block-heading\"> Es una creencia muy arraigada que valida la incapacidad emocional.<\/h5>\n\n\n\n<p class=\"wp-block-paragraph\"><a href=\"https:\/\/semmexico.com\/gallery-post.php?id=6361#\">Martha Barrag\u00e1n<\/a><\/p>\n\n\n\n<p class=\"wp-block-paragraph\">SemM\u00e9xico. Cd. de M\u00e9xico. 14 de noviembre de 2018.- \u201cDe nuestras vulnerabilidades vienen todas nuestras fortalezas\u201d&#8230; Sigmun Freud<\/p>\n\n\n\n<p class=\"wp-block-paragraph\">En una de las capacitaciones de g\u00e9nero que estaba dando, hab\u00eda un hombre muy atento pero escondido detr\u00e1s del asiento, not\u00e9 sus ojos h\u00famedos, y escond\u00eda el rostro entonces le pregunt\u00e9 que si estaba bien y me coment\u00f3 que ya se sent\u00eda mejor despu\u00e9s de haber escuchado lo que dije. Y justo de lo que hab\u00edamos hablado es que en la ideolog\u00eda machista se cree que los hombres deben ser fuertes y por lo tanto no deben llorar.<\/p>\n\n\n\n<p class=\"wp-block-paragraph\">Y es que cuando hablamos de las normas de lo que significa ser hombre para el patriarcado y les pregunto que se espera de un hombre, las dos primeras creencias que salen al ruedo son \u201cdeben ser fuertes\u201d y \u201clos hombres de verdad, no lloran\u201d. Es una creencia muy arraigada que valida la incapacidad emocional de los hombres por el dolor ajeno y por lo tanto la dificultad de ser emp\u00e1ticos. Y menos serlo con las mujeres que simbolizan la debilidad, entonces hacer empat\u00eda ya est\u00e1 mal y hacerlo por una mujer es peor, seg\u00fan la ideolog\u00eda patriarcal.&nbsp;<\/p>\n\n\n\n<p class=\"wp-block-paragraph\"><br>Todo lo que hacemos es entrenamiento y si a los hombres se les reprime la libertad de expresar sus sentimientos a sus anchas y como cada uno de ellos lo conciba nos deja como resultado hombres son serios problemas emocionales. El no mostrar debilidad a trav\u00e9s de las l\u00e1grimas tambi\u00e9n los lleva a no gestionar sus miedos, enfrentarlos y trascenderlos entonces en algunas ocasiones la manera de externar esa emocionalidad es mostrando \u201cfuerza\u201d es decir re-encuadran la emoci\u00f3n vulnerable en un gesto de agresividad, para hacer alarde de fuerza. Tambi\u00e9n est\u00e1 la posibilidad de usar la m\u00e1scara de la agresi\u00f3n, herramienta perfecta para que no se vean sus miedos, su tristeza, su vulnerabilidad.&nbsp;<\/p>\n\n\n\n<p class=\"wp-block-paragraph\"><br>El patriarcado hace serios da\u00f1os en el mundo emocional de los hombres ya que celebra su \u201cracionalidad\u201d como rasgo de fuerza y tambi\u00e9n muy importante de pertenencia en el clan de los machos. Esta creencia tambi\u00e9n la sostienen mujeres adoctrinadas en el sistema patriarcal y critican severamente a los hombres por llorar, les reclaman fuerza, le exigen protecci\u00f3n.&nbsp;<\/p>\n\n\n\n<p class=\"wp-block-paragraph\"><br>Es muy importante desmontar todas las creencias que han discapacitado a los hombres emocionalmente hablando. Es relevante que sean libres de expresar ternura, dulzura, amor, miedo, empat\u00eda, todas las emociones que los llevan a estados de vulnerabilidad, que entrenen la frustraci\u00f3n emocional, que sean resilientes.&nbsp;<\/p>\n\n\n\n<p class=\"wp-block-paragraph\"><br>Recuerdo dos an\u00e9cdotas, alguna vez un amigo con un puesto de poder, en una charla de bar con unos cocteles en medio se dio permiso de preguntarme si estar\u00eda mal por sentir empat\u00eda por la situaci\u00f3n de los y las trabajadoras de intendencia, \u2013 a veces hasta tengo ganas de abrazarlas\u2013, como gesto de empat\u00eda, pero me aguanto, eso s\u00ed las ayudo mucho, he cuidado que no les fallen sus prestaciones y que tengan permisos de madres o estudiantes. Sin embargo hace unos d\u00edas una de ellas me llev\u00f3 un diploma enmarcado, era el t\u00edtulo de su hija que se hab\u00eda graduado en una licenciatura y me dijo que era porque la apoy\u00e9 a\u00f1os atr\u00e1s, estaba toda la direcci\u00f3n viendo la escena y \u00a1llor\u00e9!!!<\/p>\n\n\n\n<p class=\"wp-block-paragraph\"><br>Para mi amigo hab\u00eda sido algo terrible llorar en p\u00fablico, ser emp\u00e1tico, apoyar y conmoverse por los resultados porque todas las acciones que le inspiraron para hacer lo que hizo eran tab\u00fa, significaban debilidad. Conversamos un buen rato para que se diera cuenta que justo SU VULNERABILIDAD, EMPAT\u00cdA Y SOLIDARIDAD SON SU FORTALEZA. Desde luego cualquier extremo ser\u00e1 insano, es responsabilidad personal aprender a gestionar nuestra emociones y CUESTIONAR POR QUE SOMOS COMO SOMOS, aprender de g\u00e9nero les ayudar\u00e1 a darse cuenta que no est\u00e1n mal, solo tienen creencias que no les sirven para vivir relaciones sanas, robustas, amorosas, fluidas y disfrutables.&nbsp;<\/p>\n\n\n\n<p class=\"wp-block-paragraph\"><br>Vamos adelante contra todo tipo de violencia patriarcal a favor de mujeres y hombres libres, construir nuevas masculinidades, cambiar el paradigma de lo que hasta hoy ha significado ser hombre.<\/p>\n\n\n\n<p class=\"wp-block-paragraph\"><a href=\"https:\/\/www.facebook.com\/hashtag\/amorsinviolencia?source=feed_text\" target=\"_blank\" rel=\"noreferrer noopener\">#AmorSinViolencia<\/a>&nbsp;<a href=\"https:\/\/www.facebook.com\/hashtag\/amorfeminista?source=feed_text\" target=\"_blank\" rel=\"noreferrer noopener\">#AmorFeminista<\/a>&nbsp;<a href=\"https:\/\/www.facebook.com\/hashtag\/nuevasmasculinidades?source=feed_text\" target=\"_blank\" rel=\"noreferrer noopener\">#NuevasMasculinidades<\/a><\/p>\n","protected":false},"excerpt":{"rendered":"<p>Los lleva a no gestionar sus miedos. Es una creencia muy arraigada que valida la incapacidad emocional. Martha Barrag\u00e1n SemM\u00e9xico. Cd. de M\u00e9xico. 14 de noviembre de 2018.- \u201cDe nuestras vulnerabilidades vienen todas nuestras fortalezas\u201d&#8230; Sigmun Freud En una de las capacitaciones de g\u00e9nero que estaba dando, hab\u00eda un hombre muy atento pero escondido detr\u00e1s [&hellip;]<\/p>\n","protected":false},"author":3,"featured_media":6013,"comment_status":"open","ping_status":"open","sticky":false,"template":"","format":"standard","meta":{"_monsterinsights_skip_tracking":false,"footnotes":""},"categories":[689,80,1],"tags":[],"class_list":["post-6012","post","type-post","status-publish","format-standard","has-post-thumbnail","category-689","category-martha-barragan","category-uncategorized"],"_links":{"self":[{"href":"https:\/\/redsemlac.com\/semmexico\/wp-json\/wp\/v2\/posts\/6012","targetHints":{"allow":["GET"]}}],"collection":[{"href":"https:\/\/redsemlac.com\/semmexico\/wp-json\/wp\/v2\/posts"}],"about":[{"href":"https:\/\/redsemlac.com\/semmexico\/wp-json\/wp\/v2\/types\/post"}],"author":[{"embeddable":true,"href":"https:\/\/redsemlac.com\/semmexico\/wp-json\/wp\/v2\/users\/3"}],"replies":[{"embeddable":true,"href":"https:\/\/redsemlac.com\/semmexico\/wp-json\/wp\/v2\/comments?post=6012"}],"version-history":[{"count":0,"href":"https:\/\/redsemlac.com\/semmexico\/wp-json\/wp\/v2\/posts\/6012\/revisions"}],"wp:featuredmedia":[{"embeddable":true,"href":"https:\/\/redsemlac.com\/semmexico\/wp-json\/wp\/v2\/media\/6013"}],"wp:attachment":[{"href":"https:\/\/redsemlac.com\/semmexico\/wp-json\/wp\/v2\/media?parent=6012"}],"wp:term":[{"taxonomy":"category","embeddable":true,"href":"https:\/\/redsemlac.com\/semmexico\/wp-json\/wp\/v2\/categories?post=6012"},{"taxonomy":"post_tag","embeddable":true,"href":"https:\/\/redsemlac.com\/semmexico\/wp-json\/wp\/v2\/tags?post=6012"}],"curies":[{"name":"wp","href":"https:\/\/api.w.org\/{rel}","templated":true}]}}