{"id":60117,"date":"2022-12-03T12:38:58","date_gmt":"2022-12-03T18:38:58","guid":{"rendered":"https:\/\/redsemlac.com\/semmexico\/?p=60117"},"modified":"2023-07-21T19:23:23","modified_gmt":"2023-07-22T00:23:23","slug":"dia-8-de-activismo-un-millon-344-mil-759-casos-de-violencias-registradas-en-el-banavim","status":"publish","type":"post","link":"https:\/\/redsemlac.com\/semmexico\/dia-8-de-activismo-un-millon-344-mil-759-casos-de-violencias-registradas-en-el-banavim\/","title":{"rendered":"D\u00eda 8 de activismo| Un mill\u00f3n 344 mil 759 casos de violencias registradas en el BANAVIM"},"content":{"rendered":"\n<p class=\"wp-block-paragraph\"><strong>Las violencias f\u00edsica y feminicida vulneran los derechos humanos de las mujeres<\/strong><\/p>\n\n\n\n<p class=\"wp-block-paragraph\">Elda Montiel<\/p>\n\n\n\n<p class=\"wp-block-paragraph\">SemM\u00e9xico, Cd. de M\u00e9xico, 3 de diciembre 2022.- Hablar de violencia f\u00edsica y violencia feminicida en relaci\u00f3n a las ni\u00f1as, adolescentes y mujeres es se\u00f1alar que se vulneran los derechos humanos, por lo que tenemos que prevenir, sancionar, reparar y erradicar estas violencias, se\u00f1alo la doctora Teresa Ambrosio Morales de la Federaci\u00f3n Mexicana de Universitarias (FEMU).<\/p>\n\n\n\n<p class=\"wp-block-paragraph\">Al mes de noviembre de este a\u00f1o se tienen registrados un mill\u00f3n 344 mil 759 casos registrados en el Banco Nacional de Datos e Informaci\u00f3n sobre Casos de Violencia contra las Mujeres (BANAVIM). Este dato expresado como forense puede incluirse en un protocolo mostrando que, desde un empuj\u00f3n, un pellizco, tirones de cabellos, bofetada, golpes con la mano o con objetos, es violencia, se\u00f1al\u00f3 la doctora Teresa Ambrosio Morales especialista en ciencias penales<\/p>\n\n\n\n<p class=\"wp-block-paragraph\">En el octavo d\u00eda de la campa\u00f1a de \u201cLos 16 d\u00edas de activismo contra la violencia de Genero\u201d que se difunde todos los d\u00edas a partir del 25 de noviembre y hasta el 10 de diciembre en el portal del Museo de la Mujer, la doctora Ambrosio Morales abordo el tema \u201cViolencia f\u00edsica y violencia feminicida\u201d.<\/p>\n\n\n\n<p class=\"wp-block-paragraph\">Refiri\u00f3 que la violencia f\u00edsica esta definida t\u00e9cnicamente como cualquier acto que inflige da\u00f1o no accidental, usando la fuerza f\u00edsica o alg\u00fan tipo de arma u objeto que pueda provocar o no lesiones ya sean internas, externas, o ambas, de acuerdo a la Encuesta Nacional sobre la Din\u00e1mica de las Relaciones en los Hogares (ENDIREH).<\/p>\n\n\n\n<p class=\"wp-block-paragraph\">De acuerdo al Modelo de Protocolo Latinoamericano de Investigaci\u00f3n para muertes violentas de mujeres por razones de g\u00e9nero tambi\u00e9n tiene estos indicadores forenses con relaci\u00f3n a la violencia f\u00edsica.<\/p>\n\n\n\n<p class=\"wp-block-paragraph\">Tambi\u00e9n se establece en la Ley General de Acceso a las Mujeres a una Vida Libre de Violencia, as\u00ed como se establece en los c\u00f3digos penales los tipos penales de violencia familiar en relaci\u00f3n con la violencia f\u00edsica y tambi\u00e9n lo vemos en leyes especificas en los estados del pa\u00eds.<\/p>\n\n\n\n<p class=\"wp-block-paragraph\">Refiri\u00f3 que es importante observar estos elementos dentro de los estudios que se hacen en relaci\u00f3n a los derechos humanos de las ni\u00f1as, adolescentes y mujeres, porque cuando no se trabaja de manera preventiva y no se atiende de manera puntual, se vulneran derechos humanos de las mujeres y representa una violaci\u00f3n que el Estado no debe pasar inadvertida.<\/p>\n\n\n\n<p class=\"wp-block-paragraph\">Tenemos la violencia feminicida que de acuerdo con el Articulo 21 de la Ley General de Acceso de las Mujeres a una Vida Libre de Violencia representa una violaci\u00f3n a los derechos humanos, pero tambi\u00e9n una obligaci\u00f3n del Estado porque esto puede llegar a privar de la vida a las ni\u00f1as, adolescentes y mujeres en un momento determinado, lo que genera un ambiente estructural adverso para el ejercicio de derechos y protecci\u00f3n de la seguridad de las mujeres.<\/p>\n","protected":false},"excerpt":{"rendered":"<p>Hablar de violencia f\u00edsica y violencia feminicida es muy importante en relaci\u00f3n a las ni\u00f1as, adolescentes y mujeres porque vulneran sus derechos humanos. La violencia f\u00edsica y feminicida vulneran los derechos humanos de las mujeres.<\/p>\n","protected":false},"author":3,"featured_media":60088,"comment_status":"open","ping_status":"open","sticky":false,"template":"","format":"standard","meta":{"_monsterinsights_skip_tracking":false,"footnotes":""},"categories":[670,693],"tags":[],"class_list":["post-60117","post","type-post","status-publish","format-standard","has-post-thumbnail","category-25n-2022","category-693"],"_links":{"self":[{"href":"https:\/\/redsemlac.com\/semmexico\/wp-json\/wp\/v2\/posts\/60117","targetHints":{"allow":["GET"]}}],"collection":[{"href":"https:\/\/redsemlac.com\/semmexico\/wp-json\/wp\/v2\/posts"}],"about":[{"href":"https:\/\/redsemlac.com\/semmexico\/wp-json\/wp\/v2\/types\/post"}],"author":[{"embeddable":true,"href":"https:\/\/redsemlac.com\/semmexico\/wp-json\/wp\/v2\/users\/3"}],"replies":[{"embeddable":true,"href":"https:\/\/redsemlac.com\/semmexico\/wp-json\/wp\/v2\/comments?post=60117"}],"version-history":[{"count":0,"href":"https:\/\/redsemlac.com\/semmexico\/wp-json\/wp\/v2\/posts\/60117\/revisions"}],"wp:featuredmedia":[{"embeddable":true,"href":"https:\/\/redsemlac.com\/semmexico\/wp-json\/wp\/v2\/media\/60088"}],"wp:attachment":[{"href":"https:\/\/redsemlac.com\/semmexico\/wp-json\/wp\/v2\/media?parent=60117"}],"wp:term":[{"taxonomy":"category","embeddable":true,"href":"https:\/\/redsemlac.com\/semmexico\/wp-json\/wp\/v2\/categories?post=60117"},{"taxonomy":"post_tag","embeddable":true,"href":"https:\/\/redsemlac.com\/semmexico\/wp-json\/wp\/v2\/tags?post=60117"}],"curies":[{"name":"wp","href":"https:\/\/api.w.org\/{rel}","templated":true}]}}