{"id":60111,"date":"2022-12-03T11:39:13","date_gmt":"2022-12-03T17:39:13","guid":{"rendered":"https:\/\/redsemlac.com\/semmexico\/?p=60111"},"modified":"2023-07-21T19:23:23","modified_gmt":"2023-07-22T00:23:23","slug":"acuerdo-por-la-igualdad-entre-hombres-y-mujeres-de-amlo-entre-buenos-deseos-y-dura-realidad","status":"publish","type":"post","link":"https:\/\/redsemlac.com\/semmexico\/acuerdo-por-la-igualdad-entre-hombres-y-mujeres-de-amlo-entre-buenos-deseos-y-dura-realidad\/","title":{"rendered":"Acuerdo por la Igualdad entre Hombres y Mujeres de AMLO: entre Buenos Deseos y Dura Realidad"},"content":{"rendered":"\n<p class=\"wp-block-paragraph\">Despu\u00e9s de cuatro a\u00f1os del actual gobierno federal, esta obligado revisar si los seis objetivos del Acuerdo firmado en 2019 por el Presidente, se est\u00e1n cumpliendo<\/p>\n\n\n\n<p class=\"wp-block-paragraph\">No hay inclusi\u00f3n, no se sabe sobre el respeto de derechos y si mejor\u00f3 la calidad de vida de las mujeres y la de las zonas m\u00e1s marginadas de M\u00e9xico<\/p>\n\n\n\n<p class=\"wp-block-paragraph\"><strong><em>Alma Vidrio<\/em><\/strong><\/p>\n\n\n\n<p class=\"wp-block-paragraph\">SemM\u00e9xico\/LaCostillaRota, Ciudad de M\u00e9xico, 3 de diciembre, 2022.- Al amparo del Plan Nacional de Desarrollo del actual gobierno, el 21 de noviembre de 2019, el Presidente de M\u00e9xico, Andr\u00e9s Manuel L\u00f3pez Obrador, la otrora Secretaria de Gobernaci\u00f3n Olga S\u00e1nchez Cordero, y la Presidenta de Inmujeres Nadine Gasman, firmaron el \u201c<strong><em>Acuerdo por la Igualdad entre Mujeres y Hombres<\/em><\/strong>\u201d, con el cual se reconoce que se debe respetar el derecho que las mujeres tenemos a nuestras libertades, pero tambi\u00e9n que nuestra participaci\u00f3n es indispensable para el crecimiento, desarrollo y la consolidaci\u00f3n de la democracia del pa\u00eds.<\/p>\n\n\n\n<p class=\"wp-block-paragraph\">En ese entonces, el Presidente declar\u00f3 que: \u201cPor lo que a nosotros corresponde, no va a haber en este gobierno discriminaci\u00f3n. No vamos a apostar por la desigualdad, vamos a garantizar derechos como est\u00e1n establecidos en la Constituci\u00f3n y no habr\u00e1 machismo\u201d.<\/p>\n\n\n\n<p class=\"wp-block-paragraph\">Conforme a los&nbsp;<strong>ideales<\/strong>&nbsp;del gobierno de la llamada Cuarta Transformaci\u00f3n, que son justicia, honestidad, transparencia y lucha contra la desigualdad, el&nbsp;<strong>Acuerdo<\/strong>&nbsp;establece los siguientes seis objetivos con la finalidad de mejorar la condici\u00f3n de vida de las personas m\u00e1s desfavorecidas:<\/p>\n\n\n\n<ol class=\"wp-block-list\" type=\"1\"><li>Las mujeres y ni\u00f1as m\u00e1s pobres y discriminadas deben incluirse en la 4\u00aa. Transformaci\u00f3n y en el desarrollo del pa\u00eds.<\/li><li>Debe haber m\u00e1s trabajo formal, mejores condiciones y m\u00e1s derechos para las mujeres.<\/li><li>Las mujeres y ni\u00f1as han de tener acceso a la Educaci\u00f3n y se deben respetar sus derechos, no deben ser violentadas y deben tener paz y seguridad, con la finalidad de que su bienestar est\u00e9 garantizado.<\/li><li>Las familias y centros de trabajo han de compartir los trabajos de cuidado para que las mujeres tengan tiempo para ellas mismas.<\/li><li>Las mujeres deben tener acceso a mejores servicios de salud a lo largo de toda su vida.<\/li><li>Se debe promover que las mujeres y ni\u00f1as siempre tengan igualdad de derechos y oportunidades.<\/li><\/ol>\n\n\n\n<p class=\"wp-block-paragraph\">Despu\u00e9s de cuatro a\u00f1os del gobierno de la 4T, es&nbsp;<strong>obligado<\/strong>&nbsp;revisar si los seis objetivos del Acuerdo se est\u00e1n cumpliendo en lo referente al aumento de la inclusi\u00f3n, el reconocimiento y respeto de derechos y si han mejorado la calidad de vida de las mujeres de todas las edades y de las zonas m\u00e1s marginadas de M\u00e9xico.<\/p>\n\n\n\n<p class=\"wp-block-paragraph\">Todos los Programas Sociales que exist\u00edan hasta antes del 1\u00ba. de diciembre de 2018, ten\u00edan como objetivos fundamentales apoyar y mejorar la condici\u00f3n de millones de mujeres y sus familias. Estos Programas ten\u00edan problemas y fallas que deb\u00edan corregirse; sin embargo,&nbsp;en los primeros meses de 2019 se tom\u00f3 la decisi\u00f3n de CANCELARLOS a\u00fan antes de que se propusiera realizar el&nbsp;<strong>Acuerdo<\/strong>.<\/p>\n\n\n\n<p class=\"wp-block-paragraph\"><em>\u201cUn ser que a\u00fan no acaba de ser,<\/em><\/p>\n\n\n\n<p class=\"wp-block-paragraph\"><em>no la remota rosa angelical que lo poetas cantaron.<\/em><\/p>\n\n\n\n<p class=\"wp-block-paragraph\"><em>No la maldita bruja que los inquisidores quemaron.<\/em><\/p>\n\n\n\n<p class=\"wp-block-paragraph\"><em>No la temida y deseada prostituta.<\/em><\/p>\n\n\n\n<p class=\"wp-block-paragraph\"><em>No la madre bendita.<\/em><\/p>\n\n\n\n<p class=\"wp-block-paragraph\"><em>No la marchita y burada solterona.<\/em><\/p>\n\n\n\n<p class=\"wp-block-paragraph\"><em>No la obligada a ser buena.<\/em><\/p>\n\n\n\n<p class=\"wp-block-paragraph\"><em>No la obligada a ser mala.<\/em><\/p>\n\n\n\n<p class=\"wp-block-paragraph\"><em>No la que vive porque la dejan vivir,<\/em><\/p>\n\n\n\n<p class=\"wp-block-paragraph\"><em>No la que debe decir siempre que s\u00ed.<\/em><\/p>\n\n\n\n<p class=\"wp-block-paragraph\"><em>Un ser que trata de saber qui\u00e9n es,<\/em><\/p>\n\n\n\n<p class=\"wp-block-paragraph\"><em>y la que empieza a existir\u201d.<\/em><\/p>\n\n\n\n<p class=\"wp-block-paragraph\"><em><u>Ala\u00edde Foppa, Ciudad de M\u00e9xico 1972<\/u><\/em><em><\/em><\/p>\n\n\n\n<p class=\"wp-block-paragraph\"><strong>Estancias Infantiles<\/strong><\/p>\n\n\n\n<p class=\"wp-block-paragraph\">El primer Programa Social que se&nbsp;<strong>DEROG\u00d3 fue el&nbsp;<em>\u201cPrograma de Apoyo para el Bienestar de los Ni\u00f1os, Hijos de Madres Trabajadoras<\/em>\u201d<\/strong>, conocido como Programa de Estancias Infantiles, que finaliz\u00f3 el 28 de febrero de 2019. Estaba dirigido a madres, padres solos, tutores o principales cuidadores que trabajan, buscan empleo y\/o estudian que no rebasan la&nbsp;<em><u>L\u00ednea de Bienestar<\/u><\/em>* y no tienen acceso a los servicios de cuidado y atenci\u00f3n infantiles de las instituciones p\u00fablicas de seguridad social.<\/p>\n\n\n\n<p class=\"wp-block-paragraph\"><em><u>(*L\u00ednea de Bienestar<\/u><\/em><em>: La poblaci\u00f3n que est\u00e1 por debajo de la L\u00ednea de Bienestar no tiene ingresos suficientes para satisfacer sus necesidades b\u00e1sicas de alimentaci\u00f3n, bienes y servicios.)<\/em><\/p>\n\n\n\n<p class=\"wp-block-paragraph\">Las justificaciones para terminarlo fueron que exist\u00edan irregularidades como la existencia de \u201cni\u00f1os fantasma\u201d, \u201cdesv\u00edo de recursos\u201d debido a que las personas que administraban las guarder\u00edas se quedan con ese dinero, y que 2 de cada 3 estancias no ten\u00edan permisos para funcionar. Se dijo que hab\u00eda un mill\u00f3n de pruebas documentadas, pero hasta la fecha no se ha presentado ninguna.<\/p>\n\n\n\n<p class=\"wp-block-paragraph\">El programa que lo \u201csustituy\u00f3\u201d es el \u201cPrograma de Apoyo para el Bienestar de las Ni\u00f1as y los Ni\u00f1os, Hijos de Madres Trabajadoras\u201d. A diferencia del anterior, hay infinidad de mujeres que no saben de su existencia porque no tiene difusi\u00f3n alguna, tampoco protocolos de operaci\u00f3n, objetivos ni reglas claras para integrar beneficiarias. La Auditor\u00eda Superior de la Federaci\u00f3n (ASF) y el Consejo Nacional de Evaluaci\u00f3n de la Pol\u00edtica de Desarrollo Social (CONEVAL) han detectado que se entregan recursos a personas ya fallecidas, a gente que no tienen documentos de identidad (credencial del INE, etc.), y no hay una cantidad exacta de las personas favorecidas.<\/p>\n\n\n\n<p class=\"wp-block-paragraph\">Las consecuencias por la desaparici\u00f3n de este Programa han sido negativas en todos los aspectos porque quienes se beneficiaban del Programa anterior estuvieron en riesgo de perder trabajos y\/o estudios, o se restringi\u00f3 su acceso al mercado laboral e, incluso, tuvieron que renunciar por no tener acceso a servicios de atenci\u00f3n y cuidados infantiles; adem\u00e1s, se increment\u00f3 el desempleo porque gran n\u00famero de las estancias existentes cerraron debido a que depend\u00edan del apoyo federal.<\/p>\n\n\n\n<p class=\"wp-block-paragraph\">En lo referente a los infantes, a ellos se les&nbsp;<strong>priv\u00f3&nbsp;<\/strong>de alimentos nutritivos, de apoyo para su desarrollo psicomotor y la convivencia con ni\u00f1as y ni\u00f1os de su edad, que son indispensables para su vida futura en infinidad de aspectos. Asimismo, se increment\u00f3 la&nbsp;<strong>violencia<\/strong>, e incluso,&nbsp;<strong>abuso infantil<\/strong>&nbsp;de sus cuidadores hacia ellos.<\/p>\n\n\n\n<p class=\"wp-block-paragraph\">La CANCELACI\u00d3N del Programa de Estancias Infantiles ha sido por dem\u00e1s REGRESIVO ya que PROFUNDIZA la desigualdad de g\u00e9nero y la discriminaci\u00f3n en el pa\u00eds, porque regres\u00f3 la violencia estructural contra mujeres sobre todo en los sectores m\u00e1s desfavorecidos debido a que ya no pudieron seguir trabajando y\/o estudiando por cuidar a de hijos, o tuvieron que limitar sus labores porque los llevan a sus lugares de trabajo.<\/p>\n\n\n\n<p class=\"wp-block-paragraph\"><strong>Refugios para Mujeres Maltratadas<\/strong><\/p>\n\n\n\n<p class=\"wp-block-paragraph\">La violencia contra las mujeres de todas las edades y niveles sociales tiene un gran impacto en la sociedad, pero tambi\u00e9n m\u00faltiples consecuencias f\u00edsicas, psicol\u00f3gicas, sexuales, e incluso mortales, que afectan familias, comunidades y a todo el pa\u00eds.<\/p>\n\n\n\n<p class=\"wp-block-paragraph\">El 14 de febrero el Presidente Andr\u00e9s Manuel L\u00f3pez Obrador firm\u00f3 la Circular Uno para \u201c\u2026&nbsp;<strong><em>suspender la convocatoria p\u00fablica para la asignaci\u00f3n de subsidios para la PRESTACI\u00d3N DE SERVICIOS DE REFUGIO PARA MUJERES, SUS HIJAS E HIJOS, QUE VIVEN EN VIOLENCIA EXTREMA<\/em><\/strong><em>&nbsp;y, en su caso, a sus centros de atenci\u00f3n externa 2019<\/em>\u201d, sin justificaci\u00f3n alguna, a pesar de que en 2018 el Congreso hab\u00eda autorizado m\u00e1s de 346 millones de pesos del Presupuesto de Egresos de la Federaci\u00f3n para ese rubro.<\/p>\n\n\n\n<p class=\"wp-block-paragraph\">Esta Circular se CONTRAPONE a la&nbsp;<strong>Ley General de Acceso de las Mujeres a una Vida Libre de Violencia<\/strong>&nbsp;del 1\u00ba. de febrero de 2007, la cual establece que el Estado tiene la obligaci\u00f3n de crear albergues y refugios para las mujeres que sean v\u00edctimas de la violencia a la que est\u00e9n expuestas. Sin embargo, la decisi\u00f3n del actual gobierno VULNERA LOS DERECHOS DE LAS MUJERES A UNA VIDA LIBRE DE VIOLENCIA y, adem\u00e1s, tambi\u00e9n atenta contra los tratados internacionales sobre este flagelo.<\/p>\n\n\n\n<p class=\"wp-block-paragraph\">Al inicio de 2019, la&nbsp;<strong><em><u>Red Nacional de Refugios<\/u><\/em>,&nbsp;<\/strong>creada en 1999, representaba el 70% de este tipo de albergues, y el reclamo de ese entonces, y de hoy en d\u00eda, es porque LOS REFUGIOS RESTITUYEN DERECHOS, EMPODERAN y, adem\u00e1s, PREVIENEN FEMINICIDIOS. Pero este gobierno ni oye, ni escucha, ni entiende ya que asume que la labor de los refugios es meramente asistencial, cuando en realidad su labor se apoyaba y ayudada a las v\u00edctimas desde todos \u00e1mbitos posibles, empezando por el aspecto psicol\u00f3gico.<\/p>\n\n\n\n<p class=\"wp-block-paragraph\">Seg\u00fan el Presidente, el incremento de la violencia contra las mujeres y los feminicidios se dan por la \u201cp\u00e9rdida de valores\u201d, cuando en realidad el aumento no es sino el resultado directo del crecimiento de la inseguridad ocasionada por el dr\u00e1stico aumento de la impunidad y permisividad en muchos delitos, lo que hace imposible que infinidad de v\u00edctimas obtengan justicia y que, en particular las mujeres, sean objetivos f\u00e1ciles de la materializaci\u00f3n de un odio sist\u00e9mico derivado del machismo.<\/p>\n\n\n\n<p class=\"wp-block-paragraph\">Los n\u00fameros son fr\u00edos y NO mienten. El n\u00famero de&nbsp;<strong>feminicidios<\/strong>&nbsp;en este gobierno ha ido en aumento: en 2019 hubo 615, en 2020, 621, en 2021, 699 y de enero a octubre de 2022, 790.<\/p>\n\n\n\n<p class=\"wp-block-paragraph\"><strong>Trata de personas<\/strong><\/p>\n\n\n\n<p class=\"wp-block-paragraph\">La \u201cLey General para Prevenir, Sancionar y Erradicar los Delitos en Materia de Trata de Personas y para la Protecci\u00f3n y Asistencia a las V\u00edctimas de estos Delitos\u201d establece que la&nbsp;<strong>trata de personas<\/strong>&nbsp;se refiere a las acciones u omisiones dolosas para captar, enganchar, transportar, transferir, retener, entregar, recibir, o alojar a una o varias personas con fines de explotaci\u00f3n con infinidad de prop\u00f3sitos que incluyen prostituci\u00f3n y pornograf\u00eda infantil, trabajos o servicios forzosos, explotaci\u00f3n laboral, mendicidad forzosa uso de menores de 18 a\u00f1os en actividades delictivas, adopci\u00f3n ilegal y matrimonio forzoso, el cual impulsa la violencia de g\u00e9nero porque es parte de la cultura patriarcal que est\u00e1 muy arraigada en varias zonas del pa\u00eds.<\/p>\n\n\n\n<p class=\"wp-block-paragraph\">Las v\u00edctimas de este flagelo son ni\u00f1as, ni\u00f1os y adolescentes, y mujeres de hasta 35 a\u00f1os de edad de&nbsp;<strong>grupos vulnerables<\/strong>&nbsp;<strong>econ\u00f3micamente<\/strong>&nbsp;que viven en situaci\u00f3n de pobreza extrema y con muchas necesidades y carencias y, por ello no se les respetan ni siquiera sus derechos humanos m\u00e1s elementales.<\/p>\n\n\n\n<p class=\"wp-block-paragraph\">Desgraciadamente, en M\u00e9xico entre los factores que han provocado que en los \u00faltimos tres a\u00f1os&nbsp;<strong>este delito<\/strong>&nbsp;aumente en todas sus modalidades est\u00e1n:<\/p>\n\n\n\n<ul class=\"wp-block-list\"><li>El confinamiento por la pandemia del covid-19, debido a que el aumento del uso del internet, redes sociales y juegos virtuales propici\u00f3 que grupos criminales engancharan a menores de entre 11 y 17 a\u00f1os;<\/li><li>&nbsp;<\/li><li>La \u201cestrategia\u201d de seguridad de \u201cAbrazos, no Balazos\u201d que ha permitido el crecimiento descontrolado de la criminalidad y la delincuencia en todos los \u00e1mbitos.<\/li><li>&nbsp;<\/li><li>A diferencia de los gobiernos anteriores, el gobierno actual no ha puesto en marcha ning\u00fan programa que prevenga, sancione y erradique los delitos de la trata de personas.<\/li><li>Se redujo dr\u00e1sticamente el presupuesto para los funcionarios que investigan y persiguen las variantes de este crimen.<\/li><\/ul>\n\n\n\n<p class=\"wp-block-paragraph\">Ya sea por miedo, por necesidad, o porque se sabe que es probable que no se haga justicia, la cifra negra de casos que no se denuncian debe ser enorme. De acuerdo con informaci\u00f3n de&nbsp;<em>Hispanics in Philanthropy<\/em>, de 2016 a 2018 hubo 300 denuncias, pero de 2019 a 2021 se registraron 550.<\/p>\n\n\n\n<p class=\"wp-block-paragraph\"><strong>C\u00e1ncer de mama y salud reproductiva<\/strong><\/p>\n\n\n\n<p class=\"wp-block-paragraph\"><strong>El c\u00e1ncer de mama representa la primera causa de muerte por c\u00e1ncer en las mujeres en M\u00e9xico,&nbsp;<\/strong>&nbsp;lo cual se puede atribuir principalmente a dos causas: la tardanza al buscar atenci\u00f3n m\u00e9dica la cual puede explicarse por la falta de cultura de la prevenci\u00f3n y porque en el sistema de salud del gobierno actual hay demoras en la realizaci\u00f3n de diagn\u00f3sticos, y\/o por la carencia de los medicamentos oncol\u00f3gicos e insumos necesarios gratuitos o accesibles para realizar quimioterapias y radioterapias para la atenci\u00f3n de dicha enfermedad. En tanto que de 2015 a 2018 los decesos por esta enfermedad no rebasaban los 7 mil por a\u00f1o, de 2019 a 2021, los fallecimientos aumentaron a casi 8 mil por a\u00f1o (*INEGI a\u00fan no tiene el n\u00famero de muertes en 2022).<\/p>\n\n\n\n<p class=\"wp-block-paragraph\">El&nbsp;<strong>Art\u00edculo 4\u00ba<\/strong>. de la Constituci\u00f3n, p\u00e1rrafo IV establece que \u201c<em><u>Toda persona tiene derecho a la protecci\u00f3n de la salud\u2026<\/u>\u201d<\/em>. Sin embargo, en enero de 2020, el gobierno actual lo QUEBRANT\u00d3 cuando dio por TERMINADA la Comisi\u00f3n Nacional de Protecci\u00f3n Social en Salud, conocida como&nbsp;<strong>Seguro Popular<\/strong>&nbsp;y, por consiguiente, los convenios con ONGs que recib\u00edan recursos para otorgar servicios de salud, tambi\u00e9n finalizaron. Este fue el caso del convenio que exist\u00eda con la \u201cFundaci\u00f3n de C\u00e1ncer de Mama\u201d, FUCAM, que ha ocasionado que las mujeres de los grupos socioecon\u00f3micos m\u00e1s marginados del pa\u00eds que se atend\u00edan en la Fundaci\u00f3n, ahora tengan innumerables problemas para poder costear y concluir sus tratamientos.<\/p>\n\n\n\n<p class=\"wp-block-paragraph\">Aunado a lo anterior, el presupuesto para el \u201cPrograma de Salud Materna, Sexual y Reproductiva\u201d ha ido en descenso desde 2017 y, a partir de 2019, parte de los recursos autorizados no se ejercen; en el primer trimestre de 2022 se debieron utilizar 794 millones de pesos, pero s\u00f3lo se usaron 321 millones, y se ha reducido el personal de las diferentes \u00e1reas de salud de la mujer.<\/p>\n\n\n\n<p class=\"wp-block-paragraph\">El Presupuesto de Egresos de la Federaci\u00f3n 2023 apenas destina 2 mil 115 millones 941 mil 499 pesos, lo cual est\u00e1 por debajo de los recursos que se otorgaban para este rubro antes de la pandemia del covid-19.<\/p>\n\n\n\n<p class=\"wp-block-paragraph\"><strong>Escuelas de Tiempo Completo<\/strong><\/p>\n\n\n\n<p class=\"wp-block-paragraph\">En 2007 inici\u00f3 el Programa de Escuelas de Tiempo Completo en 500 escuelas del pa\u00eds. Para el ciclo escolar 2020-2021, este programa estaba en 27,067 escuelas y atend\u00eda a aproximadamente 3 millones de ni\u00f1as y ni\u00f1os de educaci\u00f3n primaria. El objetivo principal era reducir la brecha educativa y aumentar la equidad del sistema educativo.<\/p>\n\n\n\n<p class=\"wp-block-paragraph\">Durante los 15 a\u00f1os que estuvo vigente, mejor\u00f3 el rendimiento escolar, redujo el rezago educativo en las zonas m\u00e1s desfavorecidas y propici\u00f3 que se incrementara 5.5% la participaci\u00f3n de las mujeres en el mercado laboral.<\/p>\n\n\n\n<p class=\"wp-block-paragraph\">Adem\u00e1s, este Programa establec\u00eda que deb\u00eda haber una \u201ccoordinaci\u00f3n escolar de alimentaci\u00f3n\u201d que organizaba, los servicios de alimentaci\u00f3n de la escuela con directivos, maestros y familias, para que los infantes tuvieran una alimentaci\u00f3n favoreciera su desarrollo y aprendizaje. En las zonas de alta marginaci\u00f3n, el DIF repart\u00eda desayunos escolares para ni\u00f1as, ni\u00f1os y adolescentes de 3 a 15 a\u00f1os.<\/p>\n\n\n\n<p class=\"wp-block-paragraph\">Sin embargo, el 28 de febrero de este a\u00f1o (2022), la Secretar\u00eda de Educaci\u00f3n inform\u00f3 la CANCELACI\u00d3N de las Escuelas de Tiempo Completo con la justificaci\u00f3n y\/o argumento de que hab\u00eda pr\u00e1cticas de corrupci\u00f3n. El gobierno federal se comprometi\u00f3 a dar pruebas de este hecho, pero, hasta ahora, no han entregado ninguna evidencia de ello.<\/p>\n\n\n\n<p class=\"wp-block-paragraph\">La ELIMINACI\u00d3N de las Escuelas de Tiempo Completo es OTRO RETROCESO en todos aspectos porque&nbsp;<strong>atenta<\/strong>&nbsp;gravemente contra las aspiraciones de equidad y justicia social debido a que, sobre todo en las comunidades m\u00e1s marginadas, vuelve a crecer la brecha educativa y, nuevamente, limita que las madres se vean obligadas a reducir sus horas laborales.<\/p>\n\n\n\n<p class=\"wp-block-paragraph\">Despu\u00e9s de su cancelaci\u00f3n oficial, 14 entidades que informaron que mantendr\u00edan este Programa con recursos propios; Baja California, Baja California Sur, CDMX, Colima, Chihuahua, Estado de M\u00e9xico, Guanajuato, Michoac\u00e1n, Nuevo Le\u00f3n, Puebla, Quer\u00e9taro, San Luis Potos\u00ed, Tamaulipas y Yucat\u00e1n.<\/p>\n\n\n\n<p class=\"wp-block-paragraph\"><strong>No se cumplieron los objetivos del acuerdo y, al contrario, se emprendieron acciones para desmantelar lo construido.<\/strong><\/p>\n\n\n\n<p class=\"wp-block-paragraph\">Hay infinidad de problemas que exist\u00edan antes de diciembre de 2018, y los programas y acuerdos que exist\u00edan comenzaban a rendir frutos en infinidad de \u00e1reas: laboral, salud, educaci\u00f3n; pero adem\u00e1s comenzaban a crear conciencia para apoyar e impulsar la equidad de g\u00e9nero y promover el respeto a los derechos humanos m\u00e1s elementales y, as\u00ed se iniciaba el camino hacia la emancipaci\u00f3n, aumentaba y mejoraba la autoestima de millones de mujeres, sobre todo de las zonas m\u00e1s marginadas del pa\u00eds.<\/p>\n\n\n\n<p class=\"wp-block-paragraph\">En tan s\u00f3lo 4 a\u00f1os, como pa\u00eds y como sociedad, el RETROCESO que ha causado la DEROGACI\u00d3N de estos programas, y otros m\u00e1s, y la RETENCI\u00d3N de recursos que, en el caso de la Red de Refugios, ya se hab\u00edan autorizado, EXHIBEN a un gobierno MIS\u00d3GINO que considera a la mujer como un objeto que se utiliza para cuidar, limpiar, tener hijos, etc., y no como lo que \u00c9S: un ser humano que es imprescindible en todos los \u00e1mbitos de la sociedad.<\/p>\n\n\n\n<p class=\"wp-block-paragraph\">\u201cEl camino al infierno est\u00e1 lleno de buenas intenciones\u201d: al final del d\u00eda, el&nbsp;<strong>Acuerdo por la Igualdad entre Mujeres y Hombres<\/strong>&nbsp;fue s\u00f3lo un listado de buenos deseos porque desde febrero de 2019 comenz\u00f3 la suspensi\u00f3n y la violaci\u00f3n de nuestros derechos como PERSONAS, consagrados en la Constituci\u00f3n Pol\u00edtica del pa\u00eds, lo que ha dado como resultado que se nos siga minimizando, reduciendo y violentando, al grado que las desapariciones de mujeres s\u00f3lo se investigan si su caso se hace medi\u00e1tico, y que la cantidad de 11 feminicidios diarios sea peor que indignante, indolente y malvado, porque para el gobierno actual las mujeres NO <strong>SOMOS IMPORTANTES<\/strong>.<\/p>\n\n\n\n<p class=\"wp-block-paragraph\">Es claro que ninguno de los objetivos del Acuerdo para la Igualdad signado en 2019 se cumpli\u00f3 y, al contrario, se emprendieron acciones para desmantelar lo construido.<\/p>\n\n\n\n<p class=\"wp-block-paragraph\">Las mujeres estamos obligadas a hacer un reclamo por la VIOLACI\u00d3N e INCUMPLIMIENTO del ACUERDO, pero tambi\u00e9n EXIGIMOS que quienes lo proyectaron, lo redactaron, lo firmaron y se comprometieron a llevarlo a cabo, rindan cuentas y expliquen la raz\u00f3n por la cual, despu\u00e9s de cuatro a\u00f1os de gobierno, ES LETRA MUERTA, porque las consecuencias de su incumplimiento han sido catastr\u00f3ficas. El actual Presidente, Andr\u00e9s Manuel L\u00f3pez Obrador y la otrora Secretaria de Gobernaci\u00f3n, Olga S\u00e1nchez Cordero, deben responder, pero tambi\u00e9n deben ser sancionados POR INCUMPLIMIENTO Y\/U OMISI\u00d3N de lo acordado.<\/p>\n\n\n\n<p class=\"has-small-font-size wp-block-paragraph\">Foto gob.mx<\/p>\n\n\n\n<p class=\"has-small-font-size wp-block-paragraph\">Fuentes:<\/p>\n\n\n\n<ul class=\"has-small-font-size wp-block-list\"><li>Firma del Acuerdo por la Igualdad entre Mujeres y Hombres. Comisi\u00f3n Nacional para Prevenir y Erradicar la Violencia contra las Mujeres. 21 de noviembre, 2019<\/li><li>\u201c\u00bfQu\u00e9 comemos?\u201d, ITESO, Universidad Jesuita de Guadalajara<\/li><li>\u201cEl programa de cuidado infantil en M\u00e9xico, un fracaso lleno de irregularidades\u201d, por Ana Alicia Osorio para DaliaEmpower, 25 de octubre, 2022<\/li><li>\u201cCancelaci\u00f3n de estancias infantiles\u2026\u201d, Redacci\u00f3n de Animal Pol\u00edtico, 10 de junio, 2019<\/li><li>\u201cL\u00f3pez Obrador limita las ayudas a menores y mujeres v\u00edctimas de maltrato\u201d por Luis Pablo Beauregard para El Pa\u00eds, 4 de marzo, 2019<\/li><li>\u201cEn el M\u00e9xico de AMLO no existimos las mexicanas\u2026\u201d por Berenice Chavarr\u00eda Tenorio, 1\u00ba. de septiembre, 2022<\/li><li>\u201cEnga\u00f1oso que feminicidios en M\u00e9xico bajaran en gobierno de AMLO\u201d por Deyra Guerrero para Verificado, 11 de octubre, 2022<\/li><li>\u201cLa trata de personas en M\u00e9xico: un crimen que va en aumento\u201d, Expansi\u00f3n Pol\u00edtica, 30 de julio, 2022<\/li><li>\u201cLa trata crece en M\u00e9xico, junto con el desconocimiento oficial del problema\u201d, por Melissa Galv\u00e1n para Expansi\u00f3n Pol\u00edtica, 30 de julio, 2021<\/li><li>\u201cC\u00e1ncer de mama aumenta en M\u00e9xico\u201d por Wendy Herrera para Serendipia, 19 de octubre, 2022<\/li><li>\u201cPresupuesto 2013; insuficiente en salud sexual, materna y reproductiva\u2026\u201d por Diana Hern\u00e1ndez G\u00f3mez, 20 de septiembre, 2022<\/li><li>\u201cAMLO recorta presupuestos y apoyos para atenci\u00f3n de c\u00e1ncer de mama\u201d por Diana Hern\u00e1ndez G\u00f3mez, 28 de octubre, 2022<\/li><li>\u201cConoce m\u00e1s sobre las Escuelas de Tiempo Completo\u201d, Secretar\u00eda de Educaci\u00f3n P\u00fablica, 4 de enero, 2016<\/li><li>\u201cCierre de escuelas de tiempo completo, impacto directo para madres trabajadoras\u201d por Blanca Ju\u00e1rez para El Economista, 11 de abril, 2022<\/li><li>\u201cCancelar Escuelas de Tiempo Completo; un castigo a sus beneficiarios\u201d por Edgar Velasco para ITESO, Universidad Jesuita de Guadalajara, 14 de marzo, 2022<\/li><\/ul>\n","protected":false},"excerpt":{"rendered":"<p>No hay\u00a0inclusi\u00f3n, no se sabe sobre el respeto de derechos y si mejor\u00f3 la calidad de vida de las mujeres y la de las zonas m\u00e1s marginadas de M\u00e9xico<\/p>\n","protected":false},"author":3,"featured_media":60112,"comment_status":"open","ping_status":"open","sticky":false,"template":"","format":"standard","meta":{"_monsterinsights_skip_tracking":false,"footnotes":""},"categories":[693,54],"tags":[],"class_list":["post-60111","post","type-post","status-publish","format-standard","has-post-thumbnail","category-693","category-mujeres"],"_links":{"self":[{"href":"https:\/\/redsemlac.com\/semmexico\/wp-json\/wp\/v2\/posts\/60111","targetHints":{"allow":["GET"]}}],"collection":[{"href":"https:\/\/redsemlac.com\/semmexico\/wp-json\/wp\/v2\/posts"}],"about":[{"href":"https:\/\/redsemlac.com\/semmexico\/wp-json\/wp\/v2\/types\/post"}],"author":[{"embeddable":true,"href":"https:\/\/redsemlac.com\/semmexico\/wp-json\/wp\/v2\/users\/3"}],"replies":[{"embeddable":true,"href":"https:\/\/redsemlac.com\/semmexico\/wp-json\/wp\/v2\/comments?post=60111"}],"version-history":[{"count":0,"href":"https:\/\/redsemlac.com\/semmexico\/wp-json\/wp\/v2\/posts\/60111\/revisions"}],"wp:featuredmedia":[{"embeddable":true,"href":"https:\/\/redsemlac.com\/semmexico\/wp-json\/wp\/v2\/media\/60112"}],"wp:attachment":[{"href":"https:\/\/redsemlac.com\/semmexico\/wp-json\/wp\/v2\/media?parent=60111"}],"wp:term":[{"taxonomy":"category","embeddable":true,"href":"https:\/\/redsemlac.com\/semmexico\/wp-json\/wp\/v2\/categories?post=60111"},{"taxonomy":"post_tag","embeddable":true,"href":"https:\/\/redsemlac.com\/semmexico\/wp-json\/wp\/v2\/tags?post=60111"}],"curies":[{"name":"wp","href":"https:\/\/api.w.org\/{rel}","templated":true}]}}