{"id":60108,"date":"2022-12-03T11:29:31","date_gmt":"2022-12-03T17:29:31","guid":{"rendered":"https:\/\/redsemlac.com\/semmexico\/?p=60108"},"modified":"2023-07-21T19:23:23","modified_gmt":"2023-07-22T00:23:23","slug":"sedena-debe-informar-el-numero-de-carpetas-de-investigacion-por-denuncias-contra-militares-inai","status":"publish","type":"post","link":"https:\/\/redsemlac.com\/semmexico\/sedena-debe-informar-el-numero-de-carpetas-de-investigacion-por-denuncias-contra-militares-inai\/","title":{"rendered":"SEDENA DEBE INFORMAR EL N\u00daMERO DE CARPETAS DE INVESTIGACI\u00d3N POR DENUNCIAS CONTRA MILITARES: INAI"},"content":{"rendered":"\n<p class=\"wp-block-paragraph\">Hasta 2021, 308 militares fueron acusados de delinquir y violar derechos humanos; cinco fueron sentenciados y 10 procesados, afirm\u00f3 el Comisionado Adri\u00e1n Alcal\u00e1<\/p>\n\n\n\n<p class=\"wp-block-paragraph\">La Sedena respondi\u00f3 a la persona solicitante que no encontr\u00f3 documentos sobre lo requerido<\/p>\n\n\n\n<p class=\"wp-block-paragraph\">Redacci\u00f3n<\/p>\n\n\n\n<p class=\"wp-block-paragraph\">SemM\u00e9xico, Ciudad de M\u00e9xico, 3 de diciembre, 2022.-&nbsp; El Instituto Nacional de Transparencia, Acceso a la Informaci\u00f3n y Protecci\u00f3n de Datos Personales (INAI) instruy\u00f3 a la Secretar\u00eda de la Defensa Nacional (Sedena) hacer una nueva b\u00fasqueda e informar sobre n\u00famero de carpetas de investigaci\u00f3n por denuncias en contra de sus elementos por delitos como maltrato a detenidos, pillaje, devastaci\u00f3n, contrabando, saqueo y violencia contra las personas.<\/p>\n\n\n\n<p class=\"wp-block-paragraph\">Asimismo, deber\u00e1 buscar informaci\u00f3n sobre sentencias condenatorias en contra de militares y el n\u00famero de carpetas de investigaci\u00f3n que se han judicializado por los delitos se\u00f1alados.<\/p>\n\n\n\n<p class=\"wp-block-paragraph\">\u201cDiversos informes de organizaci\u00f3n de la sociedad civil, han apuntado que el sistema de justicia militar mexicano est\u00e1 muy lejos de cumplir con la obligaci\u00f3n principal de impartir justicia en casos de abusos de militares contra personal de la sociedad civil, circunstancia que tambi\u00e9n se agrava un poco m\u00e1s ante la falta de transparencia de este sistema en particular, es decir, el sistema de justicia militar (\u2026)\u201d.<\/p>\n\n\n\n<p class=\"wp-block-paragraph\">Al presentar el caso ante el Pleno, el Comisionado Adri\u00e1n Alcal\u00e1 M\u00e9ndez refiri\u00f3 que la Sedena ten\u00eda conocimiento de militares acusados de cometer delitos y violaciones a derechos humanos.<\/p>\n\n\n\n<p class=\"wp-block-paragraph\">\u201cAl 09 de noviembre del a\u00f1o 2021, la Sedena ten\u00eda conocimiento de 308 militares acusados de cometer diversos delitos y perpetrar violaciones a derechos humanos. De estos, \u00fanicamente cinco fueron sentenciados, 10 procesados y para los dem\u00e1s se archiv\u00f3 el caso; en relaci\u00f3n con lo anterior, los \u00faltimos d\u00edas, la filtraci\u00f3n masiva de correos electr\u00f3nicos por parte de la Sedena, realizada por el grupo de hackers Guacamaya, ha dejado ver la impunidad en la comisi\u00f3n de delitos, aparentemente cometidos por elementos de esta instituci\u00f3n del Estado Mexicano\u201d, indic\u00f3.<\/p>\n\n\n\n<p class=\"wp-block-paragraph\">Record\u00f3 que, ante la violencia que ha vivido nuestro pa\u00eds en las \u00faltimas d\u00e9cadas, el Ej\u00e9rcito Mexicano ha asumido labores de seguridad p\u00fablica, lo que ha generado que sus elementos sean desplazados a las calles y mantengan mayor contacto con la poblaci\u00f3n; a eso se suma, dijo, que entre 2006 y 2019, la Comisi\u00f3n Nacional de los Derechos Humanos emiti\u00f3 174 recomendaciones que involucran a la Sedena en actos de tortura, desapariciones forzadas, violaciones y ejecuciones, entre otros delitos.<\/p>\n\n\n\n<p class=\"wp-block-paragraph\">Alcal\u00e1 M\u00e9ndez record\u00f3 tambi\u00e9n que Human Rights Watch document\u00f3 que los militares mexicanos que cometen delitos y violaciones graves de derechos humanos no est\u00e1n siendo debidamente investigados y sancionados, en gran parte debido a que la mayor\u00eda de los casos no son investigados y juzgados mediante un sistema de justicia militar que, seg\u00fan dicha organizaci\u00f3n, carece de garant\u00edas b\u00e1sicas de independencia y de imparcialidad.<\/p>\n\n\n\n<p class=\"wp-block-paragraph\">Al respecto, un particular solicit\u00f3 el n\u00famero de carpetas de investigaci\u00f3n por denuncias en contra de elementos, por los delitos de maltrato a prisioneros, detenidos o presos y heridos; y pillaje, devastaci\u00f3n, merodeo, apropiaci\u00f3n de bot\u00edn, contrabando, saqueo y violencia contra las personas, desglosando la informaci\u00f3n por mes y a\u00f1o en el que se presentaron las denuncias; as\u00ed como el n\u00famero de carpetas de investigaci\u00f3n que se han judicializado, por los delitos referidos; y el n\u00famero de sentencias condenatorias en contra de los militares por los delitos indicados.<\/p>\n\n\n\n<p class=\"wp-block-paragraph\">La Sedena respondi\u00f3 a la persona solicitante que no encontr\u00f3 documentos de lo requerido, por lo que \u00e9sta interpuso un recurso de revisi\u00f3n que atendi\u00f3 la ponencia del Comisionado Adri\u00e1n Alcal\u00e1, la cual concluy\u00f3 que dicha dependencia omiti\u00f3 hacer una b\u00fasqueda amplia y exhaustiva de la informaci\u00f3n requerida en sus archivos y as\u00ed aplicar el principio de m\u00e1xima publicidad.<\/p>\n\n\n\n<p class=\"wp-block-paragraph\">Por unanimidad, el Pleno del INAI revoc\u00f3 la respuesta de la Sedena y le orden\u00f3 hacer una nueva b\u00fasqueda exhaustiva, con un criterio amplio, de la informaci\u00f3n que le fue requerida, en la totalidad de unidades administrativas que sean competentes, como lo son el Tribunal Superior Militar, la Fiscal\u00eda General de Justicia Militar, la Defensor\u00eda de Oficio Militar, la Contralor\u00eda General, la Direcci\u00f3n General de Derechos Humanos y la Unidad de Asuntos Jur\u00eddicos.<\/p>\n\n\n\n<p class=\"wp-block-paragraph\">Finalmente, se puntualiz\u00f3 que esta nueva b\u00fasqueda no podr\u00e1 limitarse a la denominaci\u00f3n de carpetas de investigaci\u00f3n, sino a cualquier documento que d\u00e9 cuenta de las investigaciones realizadas por el sujeto obligado, con independencia de la forma en que se nombre a dichos documentos, pues no es procedente exigir a la persona solicitante que conozca la denominaci\u00f3n precisa de la informaci\u00f3n que resulta de su inter\u00e9s.<\/p>\n","protected":false},"excerpt":{"rendered":"<p>Hasta 2021, 308 militares fueron acusados de delinquir y violar derechos humanos; cinco fueron sentenciados y 10 procesados, afirm\u00f3 el Comisionado Adri\u00e1n Alcal\u00e1<\/p>\n","protected":false},"author":3,"featured_media":60109,"comment_status":"open","ping_status":"open","sticky":false,"template":"","format":"standard","meta":{"_monsterinsights_skip_tracking":false,"footnotes":""},"categories":[693,51],"tags":[],"class_list":["post-60108","post","type-post","status-publish","format-standard","has-post-thumbnail","category-693","category-ejecutivo"],"_links":{"self":[{"href":"https:\/\/redsemlac.com\/semmexico\/wp-json\/wp\/v2\/posts\/60108","targetHints":{"allow":["GET"]}}],"collection":[{"href":"https:\/\/redsemlac.com\/semmexico\/wp-json\/wp\/v2\/posts"}],"about":[{"href":"https:\/\/redsemlac.com\/semmexico\/wp-json\/wp\/v2\/types\/post"}],"author":[{"embeddable":true,"href":"https:\/\/redsemlac.com\/semmexico\/wp-json\/wp\/v2\/users\/3"}],"replies":[{"embeddable":true,"href":"https:\/\/redsemlac.com\/semmexico\/wp-json\/wp\/v2\/comments?post=60108"}],"version-history":[{"count":0,"href":"https:\/\/redsemlac.com\/semmexico\/wp-json\/wp\/v2\/posts\/60108\/revisions"}],"wp:featuredmedia":[{"embeddable":true,"href":"https:\/\/redsemlac.com\/semmexico\/wp-json\/wp\/v2\/media\/60109"}],"wp:attachment":[{"href":"https:\/\/redsemlac.com\/semmexico\/wp-json\/wp\/v2\/media?parent=60108"}],"wp:term":[{"taxonomy":"category","embeddable":true,"href":"https:\/\/redsemlac.com\/semmexico\/wp-json\/wp\/v2\/categories?post=60108"},{"taxonomy":"post_tag","embeddable":true,"href":"https:\/\/redsemlac.com\/semmexico\/wp-json\/wp\/v2\/tags?post=60108"}],"curies":[{"name":"wp","href":"https:\/\/api.w.org\/{rel}","templated":true}]}}