{"id":60104,"date":"2022-12-02T18:19:12","date_gmt":"2022-12-03T00:19:12","guid":{"rendered":"https:\/\/redsemlac.com\/semmexico\/?p=60104"},"modified":"2023-07-21T19:23:23","modified_gmt":"2023-07-22T00:23:23","slug":"en-guerrero-capacitan-a-mujeres-que-ostentan-cargos-de-eleccion-popular-en-los-ayuntamientos-y-cabildos","status":"publish","type":"post","link":"https:\/\/redsemlac.com\/semmexico\/en-guerrero-capacitan-a-mujeres-que-ostentan-cargos-de-eleccion-popular-en-los-ayuntamientos-y-cabildos\/","title":{"rendered":"En Guerrero capacitan a mujeres que ostentan cargos de elecci\u00f3n popular en los ayuntamientos y cabildos"},"content":{"rendered":"\n<ul class=\"wp-block-list\"><li><strong>La capacitaci\u00f3n fue dise\u00f1ada para otorgar herramientas de manera regional, dirigida a quienes integran los ayuntamientos, los cabildos de cada regi\u00f3n.<\/strong><\/li><\/ul>\n\n\n\n<p class=\"wp-block-paragraph\"><strong>Josefina Aguilar Pastor<\/strong><\/p>\n\n\n\n<p class=\"wp-block-paragraph\">Chilpancingo, Guerrero, 2 de diciembre de 2022.- Ante la proximidad del proceso electoral que habr\u00e1 de iniciar el a\u00f1o pr\u00f3ximo, el Instituto Electoral y de Participaci\u00f3n Ciudadana (IEPC), promueve la capacitaci\u00f3n de mujeres que ostentan cargos de elecci\u00f3n popular en los ayuntamientos y cabildos a fin de prevenir la violencia pol\u00edtica en contra de las mujeres en raz\u00f3n de g\u00e9nero.<\/p>\n\n\n\n<p class=\"wp-block-paragraph\">En el marco de los 16 d\u00edas de activismo que realiza el IEPC, imparti\u00f3 el taller \u201cMecanismos de prevenci\u00f3n, atenci\u00f3n y seguimiento a la violencia pol\u00edtica contra las mujeres en raz\u00f3n de g\u00e9nero\u201c, a mujeres electas de ayuntamientos de la zona norte, dentro de las acciones de prevenci\u00f3n de la violencia pol\u00edtica.<\/p>\n\n\n\n<p class=\"wp-block-paragraph\">La capacitaci\u00f3n, se llev\u00f3 a cabo en las instalaciones del Tecnol\u00f3gico Nacional de M\u00e9xico, en la ciudad de Iguala.<\/p>\n\n\n\n<p class=\"wp-block-paragraph\">La consejera electoral y presidenta de la Comisi\u00f3n Especial de Igualdad de G\u00e9nero y No Discriminaci\u00f3n, Cinthya Citlali D\u00edaz Fuentes, precis\u00f3 que dicha capacitaci\u00f3n forma parte de las acciones que realizan en el IEPC, desde dos ejes; el primero, del compromiso con la capacitaci\u00f3n para el fortalecimiento del liderazgo de las mujeres, y segundo, dentro de las actividades de la Red de Mujeres Electas, en coordinaci\u00f3n con la Asociaci\u00f3n Mexicana de Consejeras y ex Consejeras Electorales.<\/p>\n\n\n\n<figure class=\"wp-block-image size-full\"><a href=\"https:\/\/redsemlac.com\/semmexico\/wp-content\/uploads\/2022\/12\/317722295_662224762220540_6715121159712102825_n.jpg\"><img loading=\"lazy\" decoding=\"async\" width=\"1024\" height=\"683\" src=\"https:\/\/redsemlac.com\/semmexico\/wp-content\/uploads\/2022\/12\/317722295_662224762220540_6715121159712102825_n.jpg\" alt=\"\" class=\"wp-image-60105\"\/><\/a><\/figure>\n\n\n\n<p class=\"wp-block-paragraph\">Agreg\u00f3 que dicha capacitaci\u00f3n fue dise\u00f1ada para otorgar herramientas de manera regional, dirigida a quienes integran los ayuntamientos, los cabildos de cada regi\u00f3n.<\/p>\n\n\n\n<p class=\"wp-block-paragraph\">Como parte de la Red de Mujeres Electas, a\u00f1adi\u00f3 D\u00edaz Fuentes, realizaron reuniones virtuales con mujeres que en este momento ocupan un cargo de elecci\u00f3n popular, a quienes les propusieron, a trav\u00e9s de un formato de consentimiento, formar parte de esta agrupaci\u00f3n.<\/p>\n\n\n\n<p class=\"wp-block-paragraph\">Esto, al coincidir en que solo unidas, fortaleci\u00e9ndose unas a otras, podr\u00e1n cosechar los frutos que se encuentran a su disipaci\u00f3n, \u201cnunca es deseable vivir la violencia, sin embrago es una realidad que las mujeres que hemos salido de los espacios privados y que ocupamos espacios en la vida p\u00fablica, nos estamos enfrentando a esta violencia pol\u00edtica en raz\u00f3n de g\u00e9nero\u201d, apunt\u00f3.<\/p>\n\n\n\n<p class=\"wp-block-paragraph\">La presidenta de la Comisi\u00f3n Especial de Igualdad de G\u00e9nero y No Discriminaci\u00f3n del IEPC, invit\u00f3 a las mujeres con alg\u00fan cargo p\u00fablico que a\u00fan no se incorporado a la Red de Mujeres Electas, a sumarse y puedan contar con las herramientas que a trav\u00e9s de esta organizaci\u00f3n les pueden otorgar, para enfrentar situaciones como la violencia pol\u00edtica en raz\u00f3n de g\u00e9nero.<\/p>\n\n\n\n<p class=\"wp-block-paragraph\">&nbsp;\u201cEn el IEPC, tenemos el compromiso de velar por esta violencia pol\u00edtica en contra de las mujeres, que nunca es deseable que se viva pero que \u2013insisti\u00f3- es una realidad\u201d.<\/p>\n\n\n\n<p class=\"wp-block-paragraph\">Para ello, coment\u00f3 que la interior del \u00f3rgano electoral, han reformado el reglamento de quejas y denuncias, dise\u00f1ando un reglamento espec\u00edfico para atender la&nbsp; violencia pol\u00edtica en contra de las mujeres en raz\u00f3n de g\u00e9nero, as\u00ed como un protocolo especial para quienes laboran en el instituto electoral y est\u00e9n viviendo este tipo de violencia, puedan saber los pasos a seguir para enfrentarla y denunciarla.<\/p>\n\n\n\n<p class=\"wp-block-paragraph\">Asimismo, D\u00edaz Fuentes comparti\u00f3 que han redise\u00f1ado sus programas para poder trabajar en la prevenci\u00f3n de la violencia pol\u00edtica, de cara al 2023, en que inicia el proceso electoral&nbsp; y cuenten con lo necesario para prevenirla.<\/p>\n","protected":false},"excerpt":{"rendered":"<p>La capacitaci\u00f3n fue dise\u00f1ada para otorgar herramientas de manera regional, dirigida a quienes integran los ayuntamientos, los cabildos de cada regi\u00f3n.<\/p>\n","protected":false},"author":3,"featured_media":60106,"comment_status":"open","ping_status":"open","sticky":false,"template":"","format":"standard","meta":{"_monsterinsights_skip_tracking":false,"footnotes":""},"categories":[693,51],"tags":[],"class_list":["post-60104","post","type-post","status-publish","format-standard","has-post-thumbnail","category-693","category-ejecutivo"],"_links":{"self":[{"href":"https:\/\/redsemlac.com\/semmexico\/wp-json\/wp\/v2\/posts\/60104","targetHints":{"allow":["GET"]}}],"collection":[{"href":"https:\/\/redsemlac.com\/semmexico\/wp-json\/wp\/v2\/posts"}],"about":[{"href":"https:\/\/redsemlac.com\/semmexico\/wp-json\/wp\/v2\/types\/post"}],"author":[{"embeddable":true,"href":"https:\/\/redsemlac.com\/semmexico\/wp-json\/wp\/v2\/users\/3"}],"replies":[{"embeddable":true,"href":"https:\/\/redsemlac.com\/semmexico\/wp-json\/wp\/v2\/comments?post=60104"}],"version-history":[{"count":0,"href":"https:\/\/redsemlac.com\/semmexico\/wp-json\/wp\/v2\/posts\/60104\/revisions"}],"wp:featuredmedia":[{"embeddable":true,"href":"https:\/\/redsemlac.com\/semmexico\/wp-json\/wp\/v2\/media\/60106"}],"wp:attachment":[{"href":"https:\/\/redsemlac.com\/semmexico\/wp-json\/wp\/v2\/media?parent=60104"}],"wp:term":[{"taxonomy":"category","embeddable":true,"href":"https:\/\/redsemlac.com\/semmexico\/wp-json\/wp\/v2\/categories?post=60104"},{"taxonomy":"post_tag","embeddable":true,"href":"https:\/\/redsemlac.com\/semmexico\/wp-json\/wp\/v2\/tags?post=60104"}],"curies":[{"name":"wp","href":"https:\/\/api.w.org\/{rel}","templated":true}]}}