{"id":60101,"date":"2022-12-02T17:34:35","date_gmt":"2022-12-02T23:34:35","guid":{"rendered":"https:\/\/redsemlac.com\/semmexico\/?p=60101"},"modified":"2023-07-21T19:23:24","modified_gmt":"2023-07-22T00:23:24","slug":"lisbeth-aurelia-jimenez-aguirre-nueva-presidenta-del-poder-judicial-y-del-consejo-de-la-judicatura-de-veracruz","status":"publish","type":"post","link":"https:\/\/redsemlac.com\/semmexico\/lisbeth-aurelia-jimenez-aguirre-nueva-presidenta-del-poder-judicial-y-del-consejo-de-la-judicatura-de-veracruz\/","title":{"rendered":"Lisbeth Aurelia Jim\u00e9nez Aguirre nueva presidenta del Poder Judicial y del Consejo de la Judicatura de Veracruz"},"content":{"rendered":"\n<ul class=\"wp-block-list\"><li><strong>En su discurso inicial, refrendo su compromiso en combatir la corrupci\u00f3n.<\/strong><\/li><li><strong>Tiene experiencia en <\/strong><strong>materia penal tanto en procedimiento ordinario como acusatorio.<\/strong><strong><\/strong><\/li><\/ul>\n\n\n\n<p class=\"wp-block-paragraph\"><strong>Micaela M\u00e1rquez<\/strong><\/p>\n\n\n\n<p class=\"wp-block-paragraph\">SemM\u00e9xico, Ciudad de M\u00e9xico, 2 de diciembre del 2022.- &nbsp;Este viernes fue elegida la magistrada Lisbeth Aurelia Jim\u00e9nez Aguirre como nueva titular del Poder Judicial &nbsp;y del Consejo de la Judicatura de Veracruz.<\/p>\n\n\n\n<p class=\"wp-block-paragraph\">Los magistrados y las magistradas en sesi\u00f3n del pleno decidieron por mayor\u00eda de votos que la magistrada este al frente del Poder Judicial durante el periodo 2022-2025, con la posibilidad de reelegirse por una sola ocasi\u00f3n.<\/p>\n\n\n\n<p class=\"wp-block-paragraph\">En su primer mensaje la magistrada asegur\u00f3 que combatir\u00e1 la corrupci\u00f3n y fomentar\u00e1 la profesionalizaci\u00f3n y la modernizaci\u00f3n en la instituci\u00f3n. \u201cMi compromiso es con la sociedad veracruzana y con la instituci\u00f3n que me ha dado tanto\u201d, dijo.<\/p>\n\n\n\n<p class=\"wp-block-paragraph\">Afirm\u00f3 que seguir\u00e1 la l\u00ednea de austeridad marcada por el presidente Andr\u00e9s Manuel L\u00f3pez Obrador y el gobernador de Veracruz, Cuitl\u00e1huac Garc\u00eda Jim\u00e9nez.<\/p>\n\n\n\n<p class=\"wp-block-paragraph\">Y agradeci\u00f3 al personal del Poder Judicial por la labor que realizan cada d\u00eda para cumplir con la impartici\u00f3n de justicia.<\/p>\n\n\n\n<p class=\"wp-block-paragraph\">La magistrada Lisbeth Aurelia Jim\u00e9nez Aguirre fung\u00eda como presidenta de la Primera Sala Penal, es licenciada en Derecho por la Universidad Veracruzana y cuenta con postgrado en Derecho Procesal Penal.<\/p>\n\n\n\n<p class=\"wp-block-paragraph\">Su experiencia en materia penal tanto en procedimiento ordinario como acusatorio es de mas de 23 a\u00f1os. &nbsp;<\/p>\n","protected":false},"excerpt":{"rendered":"<p>En su discurso inicial, refrendo su compromiso en combatir la corrupci\u00f3n.<\/p>\n","protected":false},"author":3,"featured_media":60102,"comment_status":"open","ping_status":"open","sticky":false,"template":"","format":"standard","meta":{"_monsterinsights_skip_tracking":false,"footnotes":""},"categories":[693,51],"tags":[],"class_list":["post-60101","post","type-post","status-publish","format-standard","has-post-thumbnail","category-693","category-ejecutivo"],"_links":{"self":[{"href":"https:\/\/redsemlac.com\/semmexico\/wp-json\/wp\/v2\/posts\/60101","targetHints":{"allow":["GET"]}}],"collection":[{"href":"https:\/\/redsemlac.com\/semmexico\/wp-json\/wp\/v2\/posts"}],"about":[{"href":"https:\/\/redsemlac.com\/semmexico\/wp-json\/wp\/v2\/types\/post"}],"author":[{"embeddable":true,"href":"https:\/\/redsemlac.com\/semmexico\/wp-json\/wp\/v2\/users\/3"}],"replies":[{"embeddable":true,"href":"https:\/\/redsemlac.com\/semmexico\/wp-json\/wp\/v2\/comments?post=60101"}],"version-history":[{"count":0,"href":"https:\/\/redsemlac.com\/semmexico\/wp-json\/wp\/v2\/posts\/60101\/revisions"}],"wp:featuredmedia":[{"embeddable":true,"href":"https:\/\/redsemlac.com\/semmexico\/wp-json\/wp\/v2\/media\/60102"}],"wp:attachment":[{"href":"https:\/\/redsemlac.com\/semmexico\/wp-json\/wp\/v2\/media?parent=60101"}],"wp:term":[{"taxonomy":"category","embeddable":true,"href":"https:\/\/redsemlac.com\/semmexico\/wp-json\/wp\/v2\/categories?post=60101"},{"taxonomy":"post_tag","embeddable":true,"href":"https:\/\/redsemlac.com\/semmexico\/wp-json\/wp\/v2\/tags?post=60101"}],"curies":[{"name":"wp","href":"https:\/\/api.w.org\/{rel}","templated":true}]}}