{"id":60097,"date":"2022-12-02T16:08:33","date_gmt":"2022-12-02T22:08:33","guid":{"rendered":"https:\/\/redsemlac.com\/semmexico\/?p=60097"},"modified":"2023-07-21T19:23:24","modified_gmt":"2023-07-22T00:23:24","slug":"fiscalia-de-guerrero-continua-violentando-los-derechos-de-mujer-indigena-su-audiencia-vuelve-aplazarse","status":"publish","type":"post","link":"https:\/\/redsemlac.com\/semmexico\/fiscalia-de-guerrero-continua-violentando-los-derechos-de-mujer-indigena-su-audiencia-vuelve-aplazarse\/","title":{"rendered":"Fiscal\u00eda de Guerrero contin\u00faa violentando los derechos de mujer ind\u00edgena; su audiencia vuelve aplazarse"},"content":{"rendered":"\n<ul class=\"wp-block-list\"><li><strong>Acusada de homicidio en raz\u00f3n de parentesco y encarcelada desde hace cuatro a\u00f1os con prisi\u00f3n preventiva.<\/strong><\/li><li><strong>El representante de la fiscal\u00eda no present\u00f3 a un experto, la audiencia se pospuso.<\/strong><\/li><\/ul>\n\n\n\n<p class=\"wp-block-paragraph\"><strong>Josefina Aguilar Pastor<\/strong><\/p>\n\n\n\n<p class=\"wp-block-paragraph\">SemM\u00e9xico, Chilpancingo, Guerrero, 2 de diciembre del 2022.- Una vez m\u00e1s fueron violentados los derechos humanos de Aurelia Garc\u00eda Cruce\u00f1o, mujer ind\u00edgena acusada de homicidio en raz\u00f3n de parentesco y encarcelada desde hace cuatro a\u00f1os con prisi\u00f3n preventiva, lo anterior al diferir lo que ser\u00eda la \u00faltima audiencia de deshago de pruebas, la raz\u00f3n, &nbsp;el representante de la fiscal\u00eda, no iba preparado con un experto para conocer un testimonio de descargo.<\/p>\n\n\n\n<p class=\"wp-block-paragraph\">Con retraso de una hora, la audiencia se desarrollar\u00eda este jueves, en la sala 2, del juzgado de Iguala, pero fue pospuesta \u201cpor cuestiones de log\u00edstica\u201d, explic\u00f3 la jueza.<\/p>\n\n\n\n<p class=\"wp-block-paragraph\">Poco antes de las 4 de la tarde, el abogado de la fiscal\u00eda, solicit\u00f3 un receso de 10 minutos que se tradujo en 40; antes la misma jueza, habr\u00eda advertido que a las 6, suspender\u00eda por una hora, pues ten\u00eda una audiencia de termino que deb\u00eda atender.&nbsp;<\/p>\n\n\n\n<p class=\"wp-block-paragraph\">De las siete pruebas que se desahogar\u00edan solo pudieron ser dos, el testimonio de la t\u00eda de Aurelia y el perito en criminal\u00edstica, testigos presentados por la Fiscal\u00eda General del Estado (FGE), inform\u00f3 la abogada defensora de Aurelia, Ver\u00f3nica Garz\u00f3n Bonetti.<\/p>\n\n\n\n<p class=\"wp-block-paragraph\">A la 8 de la noche, cuando lleg\u00f3 el momento de presentar los testigos de descargo de la defensa de Aurelia, el param\u00e9dico que la atendi\u00f3 cuando fue encontrada desangr\u00e1ndose, y quien fue el que llam\u00f3 la ambulancia, el representante de la FGE solicit\u00f3 diferir la audiencia, ya que no iban preparados con un experto en medicina forense que lo pueda asistir, esto a pesar de que desde hace un mes, tuvo conocimiento de la presentaci\u00f3n de dicho testigo.<\/p>\n\n\n\n<p class=\"wp-block-paragraph\">A pesar de la oposici\u00f3n de la defensa, la jueza Mariela Soraya Alfaro Zapata, acept\u00f3 diferir la audiencia, para el pr\u00f3ximo 8 de diciembre, bajo los argumentos de que la ley lo permite, y no hacerlo dejar\u00eda en la indefensi\u00f3n y en un estado de desventaja la fiscal\u00eda.<\/p>\n\n\n\n<p class=\"wp-block-paragraph\">&nbsp;\u201cA una fiscal\u00eda&nbsp; que tiene todo los recursos, ante Aurelia, mujer ind\u00edgena&nbsp; privada del a libertad\u201d, explic\u00f3 la abogada.&nbsp;<\/p>\n\n\n\n<p class=\"wp-block-paragraph\">Esta decisi\u00f3n fue calificada por la defensa de Aurelia, como fatal y hace evidente la ineficacia de la fiscal\u00eda, &nbsp;no le importa Aurelia, que no les importa el respeto a los derechos humanos, &nbsp;y la falta de perspectiva de g\u00e9nero e interculturalidad.<\/p>\n\n\n\n<p class=\"wp-block-paragraph\">Tambi\u00e9n demuestra, que la FGE, trata a toda costa de arreglar en el camino, este caso fabricado desde el inicio, evidencia que todo est\u00e1 mal y buscan la manera de limpiar su imagen, \u201chasta el final es grav\u00edsimo\u201d, asent\u00f3 Garz\u00f3n Bonetti.<\/p>\n\n\n\n<h2 class=\"wp-block-heading\"><strong>La Protesta<\/strong><\/h2>\n\n\n\n<p class=\"wp-block-paragraph\">Previo a la audiencia, representantes del observatorio de Violencia contra las Mujeres Guerrero (OVMG), de la Red Guerrerense por los derechos de las Mujeres (RGDM) y del Instituto Mexicano de Derechos Humanos y Democracia, en las afueras del palacio de justicia de Iguala, exigieron justicia para Aurelia.<\/p>\n\n\n\n<p class=\"wp-block-paragraph\">Mostraron lonas con la fotograf\u00eda de Aurelia y la leyenda; \u201cel parto fortuito no es homicidio\u201d.&nbsp;<\/p>\n\n\n\n<figure class=\"wp-block-image size-large\"><a href=\"https:\/\/redsemlac.com\/semmexico\/wp-content\/uploads\/2022\/12\/IMG_20221201_125031-scaled.jpg\"><img decoding=\"async\" src=\"https:\/\/redsemlac.com\/semmexico\/wp-content\/uploads\/2022\/12\/IMG_20221201_125031-1024x768.jpg\" alt=\"\" class=\"wp-image-60099\"\/><\/a><\/figure>\n\n\n\n<p class=\"wp-block-paragraph\">&nbsp;\u201cLo que queremos es justicia para Aurelia, que no se sigan creando falsos casos en contra de las mueres de Guerrero por ser ind\u00edgenas por ser pobres, marginadas y hablar una lengua ind\u00edgena creemos que Aurelia es inocente. El Estado le quit\u00f3 su proyecto de vida, ni una presa m\u00e1s&nbsp; pro abortar en Guerrero ni en M\u00e9xico, ni el mundo por una vida libre de violencia para las mujeres\u201d, exigieron.<\/p>\n","protected":false},"excerpt":{"rendered":"<p>Acusada de homicidio en raz\u00f3n de parentesco y encarcelada desde hace cuatro a\u00f1os con prisi\u00f3n preventiva.<\/p>\n","protected":false},"author":3,"featured_media":60098,"comment_status":"open","ping_status":"open","sticky":false,"template":"","format":"standard","meta":{"_monsterinsights_skip_tracking":false,"footnotes":""},"categories":[693,47,48],"tags":[],"class_list":["post-60097","post","type-post","status-publish","format-standard","has-post-thumbnail","category-693","category-no-mas-impunidad","category-no-mas-impunidad-no-mas-impunidad"],"_links":{"self":[{"href":"https:\/\/redsemlac.com\/semmexico\/wp-json\/wp\/v2\/posts\/60097","targetHints":{"allow":["GET"]}}],"collection":[{"href":"https:\/\/redsemlac.com\/semmexico\/wp-json\/wp\/v2\/posts"}],"about":[{"href":"https:\/\/redsemlac.com\/semmexico\/wp-json\/wp\/v2\/types\/post"}],"author":[{"embeddable":true,"href":"https:\/\/redsemlac.com\/semmexico\/wp-json\/wp\/v2\/users\/3"}],"replies":[{"embeddable":true,"href":"https:\/\/redsemlac.com\/semmexico\/wp-json\/wp\/v2\/comments?post=60097"}],"version-history":[{"count":0,"href":"https:\/\/redsemlac.com\/semmexico\/wp-json\/wp\/v2\/posts\/60097\/revisions"}],"wp:featuredmedia":[{"embeddable":true,"href":"https:\/\/redsemlac.com\/semmexico\/wp-json\/wp\/v2\/media\/60098"}],"wp:attachment":[{"href":"https:\/\/redsemlac.com\/semmexico\/wp-json\/wp\/v2\/media?parent=60097"}],"wp:term":[{"taxonomy":"category","embeddable":true,"href":"https:\/\/redsemlac.com\/semmexico\/wp-json\/wp\/v2\/categories?post=60097"},{"taxonomy":"post_tag","embeddable":true,"href":"https:\/\/redsemlac.com\/semmexico\/wp-json\/wp\/v2\/tags?post=60097"}],"curies":[{"name":"wp","href":"https:\/\/api.w.org\/{rel}","templated":true}]}}