{"id":60078,"date":"2022-12-02T10:28:26","date_gmt":"2022-12-02T16:28:26","guid":{"rendered":"https:\/\/redsemlac.com\/semmexico\/?p=60078"},"modified":"2023-07-21T19:23:24","modified_gmt":"2023-07-22T00:23:24","slug":"dia-8-tratamiento-integral-a-la-violencia-de-genero-luces-del-codigo-penal","status":"publish","type":"post","link":"https:\/\/redsemlac.com\/semmexico\/dia-8-tratamiento-integral-a-la-violencia-de-genero-luces-del-codigo-penal\/","title":{"rendered":"D\u00eda 8| Tratamiento integral a la violencia de g\u00e9nero: luces del C\u00f3digo Penal"},"content":{"rendered":"\n<p class=\"wp-block-paragraph\"><strong>Lisandra Fari\u00f1as<\/strong>&nbsp;<\/p>\n\n\n\n<p class=\"wp-block-paragraph\">SemM\u00e9xico\/SEMlac, La Habana, Cuba, 2 de diciembre del 2022.- Aunque el C\u00f3digo Penal que acaba de entrar en vigor es considerado un paso important\u00edsimo y una herramienta \u00fatil en la visibilizaci\u00f3n y el tratamiento legal a la violencia de g\u00e9nero, para la doctora en Ciencias Jur\u00eddicas Arl\u00edn P\u00e9rez Duharte, abogada penalista y profesora titular de Derecho Procesal Penal de la Universidad de La Habana, la sociedad todav\u00eda requiere una ley integral de violencia, para la cual necesita crear una cultura jur\u00eddica de aplicaci\u00f3n e interpretaci\u00f3n con enfoque de g\u00e9nero.<\/p>\n\n\n\n<p class=\"wp-block-paragraph\"><strong><em>\u00bfD\u00f3nde radican las principales ganancias de este c\u00f3digo respecto al anterior, en relaci\u00f3n con la violencia de g\u00e9nero?<\/em><\/strong><\/p>\n\n\n\n<p class=\"wp-block-paragraph\">El nuevo C\u00f3digo Penal, que acaba de entrar en vigor, es un c\u00f3digo con importantes cambios, que apuestan por los derechos, las garant\u00edas y, sobre todo, por una mayor protecci\u00f3n a los bienes y las relaciones que los cubanos y las cubanas han deseado en los \u00faltimos tiempos.<\/p>\n\n\n<div class=\"wp-block-image\">\n<figure class=\"alignright size-full is-resized\"><a href=\"https:\/\/redsemlac.com\/semmexico\/wp-content\/uploads\/2022\/12\/DIA-8.gif\"><img loading=\"lazy\" decoding=\"async\" src=\"https:\/\/redsemlac.com\/semmexico\/wp-content\/uploads\/2022\/12\/DIA-8.gif\" alt=\"\" class=\"wp-image-60079\" width=\"236\" height=\"352\"\/><\/a><\/figure>\n<\/div>\n\n\n<p class=\"wp-block-paragraph\">En lo que est\u00e1 vinculado a la violencia de g\u00e9nero, lo primero a resaltar es que se hace visible la problem\u00e1tica de g\u00e9nero en el C\u00f3digo Penal. Ya no tiene que ser inferida, no tiene que ser interpretada ni tiene que ser asumida por la visi\u00f3n del int\u00e9rprete, el juzgador, el operador jur\u00eddico, sino que ya est\u00e1 plasmada y en relaci\u00f3n con la violencia familiar.<\/p>\n\n\n\n<p class=\"wp-block-paragraph\">Es decir, la y el legislador escogi\u00f3 unir, tanto en las instituciones de la parte general del C\u00f3digo como en los delitos, la expresi\u00f3n de agravar de manera considerable las consecuencias penales cuando son una derivaci\u00f3n de la violencia de g\u00e9nero o de la violencia familiar. Eso es un punto importante.<\/p>\n\n\n\n<p class=\"wp-block-paragraph\">Lo otro a destacar es exactamente que dota, tanto a la parte general, donde est\u00e1n las reglas de aplicaci\u00f3n iniciales a los delitos; como a la parte especial, donde est\u00e1n configuradas las figuras delictivas, de muchos elementos relativos a la violencia de g\u00e9nero y la violencia familiar.<\/p>\n\n\n\n<p class=\"wp-block-paragraph\"><strong><em>\u00bfPodr\u00eda hablarse de un complemento entre el C\u00f3digo de las Familias y el C\u00f3digo Penal en materia de herramientas legales para enfrentar las violencias machistas?<\/em><\/strong><\/p>\n\n\n\n<p class=\"wp-block-paragraph\">Yo creo que no es un complemento. El ordenamiento jur\u00eddico es sist\u00e9mico, org\u00e1nico, coherente y, por lo tanto, tiene que haber una relaci\u00f3n arm\u00f3nica y no de suplantaci\u00f3n entre las diferentes normas. L\u00f3gicamente, todas deben estar en sinton\u00eda con la Constituci\u00f3n de la Rep\u00fablica.<\/p>\n\n\n\n<p class=\"wp-block-paragraph\">Lo que s\u00ed hay es coherencia, bastante. Siempre quedan algunas lagunas, fisuras que ya expertos y expertas han ido marcando desde ahora, como pudimos constatar recientemente en el Congreso Abogac\u00eda 2022, donde se debati\u00f3 sobre violencia de g\u00e9nero en el nuevo entorno cubano y se hac\u00eda relaci\u00f3n a cuestiones donde el C\u00f3digo Penal no exactamente logr\u00f3 sinton\u00eda con el C\u00f3digo de las Familias.<\/p>\n\n\n\n<p class=\"wp-block-paragraph\">Pero, ciertamente, hay un complemento en la terminolog\u00eda. De hecho, el C\u00f3digo Penal tiene ahora un glosario de t\u00e9rminos que es parte de la ley, donde hay temas que vienen del C\u00f3digo de las Familias, como apoyo, responsabilidad parental y violencia de g\u00e9nero, y esas categor\u00edas est\u00e1n a su vez en el C\u00f3digo Penal.<\/p>\n\n\n\n<p class=\"wp-block-paragraph\">Es decir, hablar de la mejor mirada al delito de abandono es una mirada en coherencia con el C\u00f3digo de las Familias; hablar de las personas menores de edad, de las que est\u00e1n en situaci\u00f3n de discapacidad\u2026 Hay una expresi\u00f3n muy interesante entre las sanciones accesorias que hoy tiene el nuevo C\u00f3digo Penal, que son una derivaci\u00f3n de las obligaciones y deberes que nacen en el C\u00f3digo de las Familias, asociadas a la responsabilidad parental, la tutela, los apoyos\u2026 y ah\u00ed hay una coherencia entre ambas normas.<\/p>\n\n\n\n<p class=\"wp-block-paragraph\"><strong><em>El debate social sobre el tema divide a las personas entre quienes consideran que a\u00fan se requiere de una ley espec\u00edfica contra la violencia de g\u00e9nero y quienes piensan que lo legislado es suficiente. \u00bfC\u00f3mo lo valora?<\/em><\/strong><\/p>\n\n\n\n<p class=\"wp-block-paragraph\">La ley integral de violencia seguir\u00e1 siendo un tema pendiente, un punto en la agenda de alcanzar un escal\u00f3n superior. Pero lo legislado es un paso important\u00edsimo, pues se hace todav\u00eda m\u00e1s visible este tipo de violencia; es m\u00e1s exigente para el juzgador, para el int\u00e9rprete, voltear la mirada hacia este punto, porque hay reglas de adecuaci\u00f3n, hay nuevos delitos, el asesinato a mujeres por motivo de g\u00e9nero, asuntos vinculados a la denuncia y vamos a tener que aprender a crear una cultura jur\u00eddica de aplicaci\u00f3n e interpretaci\u00f3n con enfoque de g\u00e9nero.<\/p>\n\n\n\n<p class=\"wp-block-paragraph\">Y eso creo que primero hab\u00eda que aprenderlo, para que realmente esa ley integral con la que tanto se ha so\u00f1ado, por la que tanto se ha apostado, buscando precisamente una mirada de integralidad, de integraci\u00f3n, de respuesta integral e integrada, se cumpla; porque hoy tener una ley de g\u00e9nero, ahora mismo, a m\u00ed me quedar\u00eda todav\u00eda la duda de si estar\u00edamos preparados para aplicarla.<\/p>\n\n\n\n<p class=\"wp-block-paragraph\">Creo que a lo mejor corresponde a un tiempo despu\u00e9s de que estas normas que acaban de salir hayan dotado de pr\u00e1ctica, de cultura, de mirada de g\u00e9nero al que, definitivamente, las tiene que interpretar y aplicar; y apostar porque realmente la violencia de g\u00e9nero tenga la salida que legalmente merece y que nuestra sociedad necesita.<\/p>\n\n\n\n<p class=\"wp-block-paragraph\"><a href=\"mailto:lisycolor5@gmail.com\">lisycolor5@gmail.com<\/a> &nbsp;\/ Foto: SEMlac-Cuba<\/p>\n\n\n\n<p class=\"wp-block-paragraph\">SEM\/MG<\/p>\n","protected":false},"excerpt":{"rendered":"<p> Aunque el C\u00f3digo Penal que acaba de entrar en vigor es considerado un paso important\u00edsimo y una herramienta \u00fatil en la visibilizaci\u00f3n y el tratamiento legal a la violencia de g\u00e9nero<\/p>\n","protected":false},"author":3,"featured_media":60080,"comment_status":"open","ping_status":"open","sticky":false,"template":"","format":"standard","meta":{"_monsterinsights_skip_tracking":false,"footnotes":""},"categories":[670,693],"tags":[],"class_list":["post-60078","post","type-post","status-publish","format-standard","has-post-thumbnail","category-25n-2022","category-693"],"_links":{"self":[{"href":"https:\/\/redsemlac.com\/semmexico\/wp-json\/wp\/v2\/posts\/60078","targetHints":{"allow":["GET"]}}],"collection":[{"href":"https:\/\/redsemlac.com\/semmexico\/wp-json\/wp\/v2\/posts"}],"about":[{"href":"https:\/\/redsemlac.com\/semmexico\/wp-json\/wp\/v2\/types\/post"}],"author":[{"embeddable":true,"href":"https:\/\/redsemlac.com\/semmexico\/wp-json\/wp\/v2\/users\/3"}],"replies":[{"embeddable":true,"href":"https:\/\/redsemlac.com\/semmexico\/wp-json\/wp\/v2\/comments?post=60078"}],"version-history":[{"count":0,"href":"https:\/\/redsemlac.com\/semmexico\/wp-json\/wp\/v2\/posts\/60078\/revisions"}],"wp:featuredmedia":[{"embeddable":true,"href":"https:\/\/redsemlac.com\/semmexico\/wp-json\/wp\/v2\/media\/60080"}],"wp:attachment":[{"href":"https:\/\/redsemlac.com\/semmexico\/wp-json\/wp\/v2\/media?parent=60078"}],"wp:term":[{"taxonomy":"category","embeddable":true,"href":"https:\/\/redsemlac.com\/semmexico\/wp-json\/wp\/v2\/categories?post=60078"},{"taxonomy":"post_tag","embeddable":true,"href":"https:\/\/redsemlac.com\/semmexico\/wp-json\/wp\/v2\/tags?post=60078"}],"curies":[{"name":"wp","href":"https:\/\/api.w.org\/{rel}","templated":true}]}}