{"id":60064,"date":"2022-12-01T18:20:17","date_gmt":"2022-12-02T00:20:17","guid":{"rendered":"https:\/\/redsemlac.com\/semmexico\/?p=60064"},"modified":"2023-07-21T19:23:25","modified_gmt":"2023-07-22T00:23:25","slug":"pobreza-y-la-violencia-profundizan-la-brecha-historica-de-desigualdad-en-mujeres","status":"publish","type":"post","link":"https:\/\/redsemlac.com\/semmexico\/pobreza-y-la-violencia-profundizan-la-brecha-historica-de-desigualdad-en-mujeres\/","title":{"rendered":"<strong>Pobreza y la violencia profundizan la brecha hist\u00f3rica de desigualdad en mujeres<\/strong>"},"content":{"rendered":"\n<ul class=\"wp-block-list\"><li><strong>Afirma Salom\u00f3n Jara que no tolerar\u00e1 la violencia feminicida ni que persista la impunidad.<\/strong><\/li><li><strong>Murat dejo obras inconclusas y una deuda de 20 mil 600 mdp.<\/strong><\/li><\/ul>\n\n\n\n<p class=\"wp-block-paragraph\"><strong>Soledad Jarqu\u00edn Edgar<\/strong><\/p>\n\n\n\n<p class=\"wp-block-paragraph\">SemM\u00e9xico, Oaxaca, 1 de diciembre del 2021.- El gobernador Salom\u00f3n Jara Cruz afirm\u00f3 que una de las gu\u00edas de su gobierno ser\u00e1 la perspectiva de g\u00e9nero, donde dos de cada tres mujeres viven en pobreza.<\/p>\n\n\n\n<p class=\"wp-block-paragraph\">Ante miles de personas reunidas en el auditorio Guelaguetza, el mandatario quien asumi\u00f3 hoy la gubernatura de Oaxaca, apunt\u00f3 que lamenta que la pobreza combinada con factores como la etnia, escolaridad, edad y violencia, profundizan la brecha hist\u00f3rica de desigualdad.<\/p>\n\n\n\n<p class=\"wp-block-paragraph\">Por ello, apunt\u00f3 que la transformaci\u00f3n de Oaxaca no ser\u00e1 real si no se logra la igualdad sustantiva que les permita a las mujeres tener autonom\u00eda, mejores oportunidades y una vida libre de violencia.<\/p>\n\n\n\n<p class=\"wp-block-paragraph\">Luego enfatiz\u00f3: \u201cperm\u00edtanme ser muy claro en lo siguiente, mi gobierno no tolerar\u00e1 la violencia feminicida ni permitir\u00e1 que persista la impunidad\u201d.<\/p>\n\n\n\n<p class=\"wp-block-paragraph\">Para lo cual dijo que impulsar\u00e1 acciones concretas de prevenci\u00f3n y apoyo a las autoridades ministeriales y jurisdiccionales para que las investigaciones se fortalezcan y deriven en sanciones para los perpetradores.<\/p>\n\n\n\n<p class=\"wp-block-paragraph\">Se refiri\u00f3 a los ejes prioritarios de las pol\u00edticas p\u00fablicas que agrupan las iniciativas que sustentan el cambio profundo que promover\u00e1 en su gobierno que inicia este 1 de diciembre y que concluir\u00e1 hasta el 30 de noviembre de 2028.<\/p>\n\n\n\n<p class=\"wp-block-paragraph\"><br>Una de ellas, dijo, ser\u00e1 luchar contra la desigualdad, sembrar la paz, combatir la corrupci\u00f3n y establecer mecanismos de protecci\u00f3n a las mujeres y erradicar todas las formas de violencia institucional.<\/p>\n\n\n\n<p class=\"wp-block-paragraph\">En ese mismo orden de ideas propuso un nuevo contrato social para la convivencia pac\u00edfica y segura, la profundizaci\u00f3n democr\u00e1tica, la lucha contra la corrupci\u00f3n, la soluci\u00f3n de conflictos, el respeto y promoci\u00f3n de la cultura de los pueblos y comunidades desde una perspectiva intercultural.<\/p>\n\n\n\n<p class=\"wp-block-paragraph\">Y, un tercer eje, es nueva perspectiva de la relaci\u00f3n entre Estado y sociedad a trav\u00e9s de las instituciones y pol\u00edticas que articulen nuevos v\u00ednculos y rescaten valores tradicionales comunitarios.<\/p>\n\n\n\n<p class=\"wp-block-paragraph\"><strong>Murat dejo obras inconclusas y una deuda de 20 mil 600 mdp<\/strong><\/p>\n\n\n\n<p class=\"wp-block-paragraph\">En su discurso de 16 p\u00e1ginas, Jara Cruz dijo que la ineptitud, la soberbia, la prepotencia, la mentira y la simulaci\u00f3n, fueron del sello de la administraci\u00f3n saliente.<\/p>\n\n\n\n<p class=\"wp-block-paragraph\">En materia de deuda p\u00fablica, Ulises Ru\u00edz, quien fuera gobernador de Oaxaca entre 2004-2010, hered\u00f3 a Gabino Cu\u00e9 (gobernador entre 2010-2016) una deuda de seis mil millones. Deuda que en ese sexenio increment\u00f3 hasta 15 mil 594 millones.<\/p>\n\n\n\n<p class=\"wp-block-paragraph\">Ahora, estamos conociendo que la deuda p\u00fablica se ha incrementado a m\u00e1s de 20 mil 600 millones; adem\u00e1s, los servicios financieros, es decir, el costo de la deuda, es uno de los m\u00e1s caros de todo el pa\u00eds, porque no se cubrieron los compromisos existentes.<\/p>\n\n\n\n<p class=\"wp-block-paragraph\">Dijo que el anterior gobierno -a cargo de Alejandro Murat- se manipul\u00f3 la informaci\u00f3n con la intenci\u00f3n de ocultar obras de infraestructura deficiente, inconclusa o que constituyen grandes elefantes blancos.<\/p>\n\n\n\n<p class=\"wp-block-paragraph\"><strong>Jara Cruz explic\u00f3 que no se puede tapar el sol con un dedo:<\/strong><\/p>\n\n\n\n<p class=\"wp-block-paragraph\">El Centro de Convenciones o Foro Huatulco (cuya primera etapa cost\u00f3 m\u00e1s de 32 millones de pesos), la Casa de Alas (con un costo de m\u00e1s de 160 millones de pesos) y el Centro Cultural \u00c1lvaro Carrillo (con un costo de m\u00e1s de 527 millones de pesos), proyectos inaugurados recientemente, de manera apresurada y sin haber cumplido con el cien de su avance f\u00edsico. &nbsp;<\/p>\n\n\n\n<p class=\"wp-block-paragraph\">\u201cEstas obras constituyen hermosos cascarones que muestran de cuerpo entero un legado de proyectos inconclusos, sobrevaluados y mal hechos\u201d, dijo el gobernador Jara Cruz.<\/p>\n\n\n\n<p class=\"wp-block-paragraph\">Tambi\u00e9n inform\u00f3 de la pretensi\u00f3n de heredar al nuevo gobierno un incremento de plazas basificadas \u201cque representa un inaceptable incremento del gasto del gobierno cercano al 37 por ciento\u201d, lo que dijo no va aceptar. \u201cQuisieron pasarse de listos dos pol\u00edticos del PRI. Vendieron plazas de a 100 mil, 150 mil y hasta 200 mil pesos\u201d, expuso y aclar\u00f3 que no dar\u00e1 sus nombres porque tendr\u00e1 que ser judicializado.<\/p>\n\n\n\n<p class=\"wp-block-paragraph\">En cambio expuso que han dise\u00f1ado una propuesta de reestructuraci\u00f3n administrativa que nos permitir\u00e1 ahorrar m\u00e1s de 100 millones de pesos anuales, eliminando duplicidad de funciones y \u00e1reas innecesarias o espacios creados exclusivamente para pago de favores pol\u00edticos.<\/p>\n\n\n\n<p class=\"wp-block-paragraph\">Adicionalmente, instrumentaremos una pol\u00edtica de austeridad que, siguiendo el ejemplo y las directrices del gobierno federal, nos permitir\u00e1 reducir gastos, erradicar los privilegios y eliminar los lujos de la clase pol\u00edtica tradicional.<\/p>\n\n\n\n<p class=\"wp-block-paragraph\">Despu\u00e9s, el gobernador y sus invitadas e invitados, entre ellos Claudia Sheinbaum caminaron desde el auditorio Guelaguetza hasta el palacio de Gobierno, donde tom\u00f3 protesta de ley a las y los nuevos servidores p\u00fablicos.<\/p>\n\n\n\n<p class=\"wp-block-paragraph\">SEM\/sj\/MG<\/p>\n\n\n\n<figure class=\"wp-block-gallery has-nested-images columns-default is-cropped wp-block-gallery-1 is-layout-flex wp-block-gallery-is-layout-flex\">\n<figure class=\"wp-block-image size-large\"><a href=\"https:\/\/redsemlac.com\/semmexico\/wp-content\/uploads\/2022\/12\/pob-violencia-02.jpg\"><img loading=\"lazy\" decoding=\"async\" width=\"685\" height=\"469\" data-id=\"60067\" src=\"https:\/\/redsemlac.com\/semmexico\/wp-content\/uploads\/2022\/12\/pob-violencia-02.jpg\" alt=\"\" class=\"wp-image-60067\"\/><\/a><\/figure>\n\n\n\n<figure class=\"wp-block-image size-large\"><a href=\"https:\/\/redsemlac.com\/semmexico\/wp-content\/uploads\/2022\/12\/pob-violencia-03.jpg\"><img loading=\"lazy\" decoding=\"async\" width=\"706\" height=\"519\" data-id=\"60066\" src=\"https:\/\/redsemlac.com\/semmexico\/wp-content\/uploads\/2022\/12\/pob-violencia-03.jpg\" alt=\"\" class=\"wp-image-60066\"\/><\/a><\/figure>\n<\/figure>\n\n\n<div class=\"wp-block-image\">\n<figure class=\"aligncenter size-full\"><a href=\"https:\/\/redsemlac.com\/semmexico\/wp-content\/uploads\/2022\/12\/pob-violencia-04.jpg\"><img loading=\"lazy\" decoding=\"async\" width=\"685\" height=\"309\" src=\"https:\/\/redsemlac.com\/semmexico\/wp-content\/uploads\/2022\/12\/pob-violencia-04.jpg\" alt=\"\" class=\"wp-image-60068\"\/><\/a><\/figure>\n<\/div>","protected":false},"excerpt":{"rendered":"<p>El gobernador Salom\u00f3n Jara Cruz afirm\u00f3 que una de las gu\u00edas de su gobierno ser\u00e1 la perspectiva de g\u00e9nero, donde dos de cada tres mujeres viven en pobreza.<\/p>\n","protected":false},"author":3,"featured_media":60065,"comment_status":"open","ping_status":"open","sticky":false,"template":"","format":"standard","meta":{"_monsterinsights_skip_tracking":false,"footnotes":""},"categories":[693,51],"tags":[],"class_list":["post-60064","post","type-post","status-publish","format-standard","has-post-thumbnail","category-693","category-ejecutivo"],"_links":{"self":[{"href":"https:\/\/redsemlac.com\/semmexico\/wp-json\/wp\/v2\/posts\/60064","targetHints":{"allow":["GET"]}}],"collection":[{"href":"https:\/\/redsemlac.com\/semmexico\/wp-json\/wp\/v2\/posts"}],"about":[{"href":"https:\/\/redsemlac.com\/semmexico\/wp-json\/wp\/v2\/types\/post"}],"author":[{"embeddable":true,"href":"https:\/\/redsemlac.com\/semmexico\/wp-json\/wp\/v2\/users\/3"}],"replies":[{"embeddable":true,"href":"https:\/\/redsemlac.com\/semmexico\/wp-json\/wp\/v2\/comments?post=60064"}],"version-history":[{"count":0,"href":"https:\/\/redsemlac.com\/semmexico\/wp-json\/wp\/v2\/posts\/60064\/revisions"}],"wp:featuredmedia":[{"embeddable":true,"href":"https:\/\/redsemlac.com\/semmexico\/wp-json\/wp\/v2\/media\/60065"}],"wp:attachment":[{"href":"https:\/\/redsemlac.com\/semmexico\/wp-json\/wp\/v2\/media?parent=60064"}],"wp:term":[{"taxonomy":"category","embeddable":true,"href":"https:\/\/redsemlac.com\/semmexico\/wp-json\/wp\/v2\/categories?post=60064"},{"taxonomy":"post_tag","embeddable":true,"href":"https:\/\/redsemlac.com\/semmexico\/wp-json\/wp\/v2\/tags?post=60064"}],"curies":[{"name":"wp","href":"https:\/\/api.w.org\/{rel}","templated":true}]}}