{"id":60050,"date":"2022-12-01T16:31:20","date_gmt":"2022-12-01T22:31:20","guid":{"rendered":"https:\/\/redsemlac.com\/semmexico\/?p=60050"},"modified":"2023-07-21T19:23:25","modified_gmt":"2023-07-22T00:23:25","slug":"silvia-cherem-periodista-y-escritora-reconocida-como-mujer-del-ano-2022","status":"publish","type":"post","link":"https:\/\/redsemlac.com\/semmexico\/silvia-cherem-periodista-y-escritora-reconocida-como-mujer-del-ano-2022\/","title":{"rendered":"<strong>Silvia Cherem, periodista y escritora, reconocida como Mujer del A\u00f1o 2022<\/strong>"},"content":{"rendered":"\n<ul class=\"wp-block-list\"><li><strong>Con una larga trayectoria como periodista y escritora se ha especializado en la entrevista profunda con importantes personalidades del \u00e1mbito cultural, pol\u00edtico y social. Tambi\u00e9n ha realizado reportajes y cr\u00f3nicas.<\/strong><\/li><\/ul>\n\n\n\n<p class=\"wp-block-paragraph\"><strong>Micaela M\u00e1rquez<\/strong><\/p>\n\n\n\n<p class=\"wp-block-paragraph\">SemM\u00e9xico, Ciudad de M\u00e9xico, 1 de diciembre del 2022.- La periodista y escritora Silvia Cherem Sacal ser\u00e1 reconocida el pr\u00f3ximo 5 de diciembre como la Mujer del A\u00f1o 2022 por el Patronato Nacional de la Mujer del A\u00f1o.<\/p>\n\n\n\n<p class=\"wp-block-paragraph\">Con una larga trayectoria como periodista y escritora se ha especializado en la entrevista profunda con importantes personalidades del \u00e1mbito cultural, pol\u00edtico y social. Tambi\u00e9n ha realizado reportajes y cr\u00f3nicas.<\/p>\n\n\n\n<p class=\"wp-block-paragraph\">Entre sus entrevistas se encuentra entre otros la de Octavio Paz, Leonora Carrington, Teodoro Gonzales de Le\u00f3n, Juan Soriano, Vicente Rojo, Vicente Le\u00f1ero, Alberto Gironella, Jos\u00e9 Luis Cuevas, Francisco Toledo. Tambi\u00e9n ha entrevistado a personalidades internacionales como Shimon Perez, Nadine Gordiner, Oscar Arias y Elie Wiesel.<\/p>\n\n\n\n<p class=\"wp-block-paragraph\">Es autora de libros como \u201cEntre la historia y la memoria 2000\u201d; \u201cLa educaci\u00f3n en M\u00e9xico (2007)\u201d, \u201cEsperanza Iris traici\u00f3n a cielo abierto (2018)\u201d; \u201cIsrael a cuatro voces (2013)\u201d y \u201cEse Instante con siete reimpresiones\u201d, galardonado por el International Latino Book Award como el libro m\u00e1s inspirador de 2021.<\/p>\n\n\n\n<p class=\"wp-block-paragraph\">Es Premio Nacional de Periodismo 2005 en categor\u00eda de Cr\u00f3nica. Medalla Liderazgo de An\u00e1huac en Comunicaci\u00f3n, Premio Instituto Cultural M\u00e9xico Israel, Premio Mujer Maguen David, y una de \u201cLas mujeres que Mueven a M\u00e9xico\u201d seleccionadas por L\u00b4Oreal y la embajada de Francia en M\u00e9xico.<\/p>\n\n\n\n<p class=\"wp-block-paragraph\">Durante la pandemia como presidenta del international Women\u00b4s F\u00f3rum capitulo M\u00e9xico fortaleci\u00f3 el grupo con zooms con m\u00e1s de 100 eventos. Organiz\u00f3 el 30 aniversario, public\u00f3 un libre e instauro la Presea luz Lajous.<\/p>\n\n\n\n<p class=\"wp-block-paragraph\">La ceremonia se llevar\u00e1 a cabo en el Museo de Antropolog\u00eda en la Ciudad de M\u00e9xico donde se le entregara la medalla tradicional.<\/p>\n\n\n\n<p class=\"wp-block-paragraph\">SEM\/MG<\/p>\n","protected":false},"excerpt":{"rendered":"<p>Con una larga trayectoria como periodista y escritora se ha especializado en la entrevista profunda con importantes personalidades del \u00e1mbito cultural, pol\u00edtico y social. Tambi\u00e9n ha realizado reportajes y cr\u00f3nicas.<\/p>\n","protected":false},"author":3,"featured_media":60051,"comment_status":"open","ping_status":"open","sticky":false,"template":"","format":"standard","meta":{"_monsterinsights_skip_tracking":false,"footnotes":""},"categories":[693,54],"tags":[],"class_list":["post-60050","post","type-post","status-publish","format-standard","has-post-thumbnail","category-693","category-mujeres"],"_links":{"self":[{"href":"https:\/\/redsemlac.com\/semmexico\/wp-json\/wp\/v2\/posts\/60050","targetHints":{"allow":["GET"]}}],"collection":[{"href":"https:\/\/redsemlac.com\/semmexico\/wp-json\/wp\/v2\/posts"}],"about":[{"href":"https:\/\/redsemlac.com\/semmexico\/wp-json\/wp\/v2\/types\/post"}],"author":[{"embeddable":true,"href":"https:\/\/redsemlac.com\/semmexico\/wp-json\/wp\/v2\/users\/3"}],"replies":[{"embeddable":true,"href":"https:\/\/redsemlac.com\/semmexico\/wp-json\/wp\/v2\/comments?post=60050"}],"version-history":[{"count":0,"href":"https:\/\/redsemlac.com\/semmexico\/wp-json\/wp\/v2\/posts\/60050\/revisions"}],"wp:featuredmedia":[{"embeddable":true,"href":"https:\/\/redsemlac.com\/semmexico\/wp-json\/wp\/v2\/media\/60051"}],"wp:attachment":[{"href":"https:\/\/redsemlac.com\/semmexico\/wp-json\/wp\/v2\/media?parent=60050"}],"wp:term":[{"taxonomy":"category","embeddable":true,"href":"https:\/\/redsemlac.com\/semmexico\/wp-json\/wp\/v2\/categories?post=60050"},{"taxonomy":"post_tag","embeddable":true,"href":"https:\/\/redsemlac.com\/semmexico\/wp-json\/wp\/v2\/tags?post=60050"}],"curies":[{"name":"wp","href":"https:\/\/api.w.org\/{rel}","templated":true}]}}