{"id":60046,"date":"2022-12-01T16:18:26","date_gmt":"2022-12-01T22:18:26","guid":{"rendered":"https:\/\/redsemlac.com\/semmexico\/?p=60046"},"modified":"2023-07-21T19:23:25","modified_gmt":"2023-07-22T00:23:25","slug":"opinion-y-la-meningitis-bien-gracias","status":"publish","type":"post","link":"https:\/\/redsemlac.com\/semmexico\/opinion-y-la-meningitis-bien-gracias\/","title":{"rendered":"<strong>Opini\u00f3n| Y la meningitis: \u00a1Bien gracias!<\/strong>"},"content":{"rendered":"\n<ul class=\"wp-block-list\"><li><strong>El mes de mayo de este a\u00f1o 2022, fue el punto de partida de otra tragedia de muerte en M\u00e9xico.<\/strong><\/li><\/ul>\n\n\n\n<p class=\"wp-block-paragraph\"><strong>Norma Meraz<\/strong><\/p>\n\n\n\n<p class=\"wp-block-paragraph\">SemM\u00e9xico\/almomento, Ciudad de M\u00e9xico, 1 de diciembre del 2022.- En este caso, no se trata de masacres o enfrentamientos entre el crimen organizado y el ej\u00e9rcito, se trata de un caso de salud p\u00fablica: la muerte por meningitis.<\/p>\n\n\n\n<p class=\"wp-block-paragraph\">Han tenido que transcurrir siete meses para que la Secretaria de Salud Federal, voltee a ver el grav\u00edsimo problema de la meningitis que se present\u00f3 en el estado de Durango.<\/p>\n\n\n\n<p class=\"wp-block-paragraph\">La meningitis es una inflamaci\u00f3n de las tres membranas que cubren y protegen el cerebro y la m\u00e9dula espinal. Esta inflamaci\u00f3n puede ser causada por una infecci\u00f3n viral, bacteriana o f\u00fangica.<\/p>\n\n\n\n<p class=\"wp-block-paragraph\">Esta infecci\u00f3n por causa viral se presenta en M\u00e9xico, con mayor frecuencia en menores de edad y los casos deben tratarse de manera urgente o la enferma o enfermo mueren.<\/p>\n\n\n\n<p class=\"wp-block-paragraph\">Por infecci\u00f3n bacteriana, los casos son mucho menores en n\u00famero y cuando es meningitis f\u00fangica, se trata de casos rar\u00edsimos; como el que ahora nos ocupa.<\/p>\n\n\n\n<p class=\"wp-block-paragraph\">Este tipo de meningitis causada por un hongo, es la que ha cobrado la vida de 17 mujeres y un hombre, adem\u00e1s de tener hospitalizados a 69 personas que hoy se debaten entre la vida y la muerte por el ingreso de este hongo que viaj\u00f3 directamente al sistema nervioso central.<\/p>\n\n\n\n<p class=\"wp-block-paragraph\">\u00bfQue c\u00f3mo se origin\u00f3 esta tragedia? \u00bfY por qu\u00e9 en su gran mayor\u00eda fueron mujeres las afectadas?<\/p>\n\n\n\n<p class=\"wp-block-paragraph\">Se trata de mujeres que acudieron a dar a luz en cuatro hospitales privados y les aplicaron un bloqueo con anestesia con fecha de caducidad vencida.<\/p>\n\n\n\n<p class=\"wp-block-paragraph\">Hasta donde se sabe, este f\u00e1rmaco fue sustra\u00eddo de los inventarios de la Secretar\u00eda de Salud del Estado y quienes lo robaron, cambiaron las etiquetas y a\u00f1adieron fecha de caducidad posterior a la que originalmente ten\u00eda el lote. Estas personas lo vendieron a un precio menor a estos cuatro hospitales privados, argumentando que, estaban pr\u00f3ximos a caducar y como no se iban a utilizar, se los ofrec\u00edan; as\u00ed llegaron a estas cl\u00ednicas donde atienden principalmente mujeres parturientas.<\/p>\n\n\n\n<p class=\"wp-block-paragraph\">El hombre que muri\u00f3 a causa de la aplicaci\u00f3n de este anest\u00e9sico fue porque se trat\u00f3 de una cirug\u00eda urgente de huesos.<\/p>\n\n\n\n<p class=\"wp-block-paragraph\">Las m\u00e9dicas y m\u00e9dicos que atienden casos de meningitis, no saben bien a bien c\u00f3mo evoluciona esta enfermedad pues no conoc\u00edan este hongo, es muy raro y no existen datos suficientes a cerca de su comportamiento.<\/p>\n\n\n\n<p class=\"wp-block-paragraph\">El tratamiento de otras meningitis son atendidas con antimic\u00f3ticos como el Clotrimazol y la Anfotericina B, entre otros siete m\u00e1s que existen, pero quienes llegan a subsistir, padecer\u00e1n severas secuelas para siempre pues como apuntamos, el hongo afecta al sistema nervioso central.<\/p>\n\n\n\n<p class=\"wp-block-paragraph\">La Secretaria de Salud de Durango, a cargo de la doctora Irasema Kondo, env\u00edo muestras de este hongo, a la COFEPRIS para buscar apoyo en sus investigadores, sin embargo hasta hoy, no hay respuesta o explicaci\u00f3n alguna por parte del doctor Hugo L\u00f3pez Gatell, responsable de esa instituci\u00f3n.<\/p>\n\n\n\n<p class=\"wp-block-paragraph\">En todo este caso, queda otra l\u00ednea por investigar y es; quien o quienes sustrajeron los anest\u00e9sicos caducos mismos que no tienen otro nombre m\u00e1s que criminales.<\/p>\n\n\n\n<p class=\"wp-block-paragraph\">\u00a1A ver si en lugar de hacer tanto aspaviento y alarde a la egoteca del presidente Andr\u00e9s Manuel L\u00f3pez Obrador con su caminata de acarreadas y acarreados, pongan su atenci\u00f3n en casos como el antes descrito!<\/p>\n\n\n\n<p class=\"wp-block-paragraph\">\u00a1Digamos la Verdad!<\/p>\n","protected":false},"excerpt":{"rendered":"<p>El mes de mayo de este a\u00f1o 2022, fue el punto de partida de otra tragedia de muerte en M\u00e9xico.<\/p>\n","protected":false},"author":3,"featured_media":60048,"comment_status":"open","ping_status":"open","sticky":false,"template":"","format":"standard","meta":{"_monsterinsights_skip_tracking":false,"footnotes":""},"categories":[693,82,110,35],"tags":[],"class_list":["post-60046","post","type-post","status-publish","format-standard","has-post-thumbnail","category-693","category-la-opinion","category-la-opinion-columnas","category-opinion"],"_links":{"self":[{"href":"https:\/\/redsemlac.com\/semmexico\/wp-json\/wp\/v2\/posts\/60046","targetHints":{"allow":["GET"]}}],"collection":[{"href":"https:\/\/redsemlac.com\/semmexico\/wp-json\/wp\/v2\/posts"}],"about":[{"href":"https:\/\/redsemlac.com\/semmexico\/wp-json\/wp\/v2\/types\/post"}],"author":[{"embeddable":true,"href":"https:\/\/redsemlac.com\/semmexico\/wp-json\/wp\/v2\/users\/3"}],"replies":[{"embeddable":true,"href":"https:\/\/redsemlac.com\/semmexico\/wp-json\/wp\/v2\/comments?post=60046"}],"version-history":[{"count":0,"href":"https:\/\/redsemlac.com\/semmexico\/wp-json\/wp\/v2\/posts\/60046\/revisions"}],"wp:featuredmedia":[{"embeddable":true,"href":"https:\/\/redsemlac.com\/semmexico\/wp-json\/wp\/v2\/media\/60048"}],"wp:attachment":[{"href":"https:\/\/redsemlac.com\/semmexico\/wp-json\/wp\/v2\/media?parent=60046"}],"wp:term":[{"taxonomy":"category","embeddable":true,"href":"https:\/\/redsemlac.com\/semmexico\/wp-json\/wp\/v2\/categories?post=60046"},{"taxonomy":"post_tag","embeddable":true,"href":"https:\/\/redsemlac.com\/semmexico\/wp-json\/wp\/v2\/tags?post=60046"}],"curies":[{"name":"wp","href":"https:\/\/api.w.org\/{rel}","templated":true}]}}