{"id":59992,"date":"2022-12-01T09:31:28","date_gmt":"2022-12-01T15:31:28","guid":{"rendered":"https:\/\/redsemlac.com\/semmexico\/?p=59992"},"modified":"2023-07-21T19:23:28","modified_gmt":"2023-07-22T00:23:28","slug":"red-estatal-de-promotoras-comunitarias-en-bolivia","status":"publish","type":"post","link":"https:\/\/redsemlac.com\/semmexico\/red-estatal-de-promotoras-comunitarias-en-bolivia\/","title":{"rendered":"<strong>Red estatal de promotoras comunitarias en Bolivia<\/strong>"},"content":{"rendered":"\n<ul class=\"wp-block-list\"><li><strong>Las lideresas Gladys Bol\u00edvar Baltazar y Toribia Flores Willca han sido invitadas por Alianza por la Solidaridad para participar en el encuentro \u201cVisibles de Sur a Norte: Mujeres liderando la agenda de cambio\u201d.<\/strong><\/li><\/ul>\n\n\n\n<p class=\"wp-block-paragraph\"><strong>Gloria L\u00f3pez<\/strong><\/p>\n\n\n\n<p class=\"wp-block-paragraph\">SemM\u00e9xico\/AmecoPress, Madrid, Espa\u00f1a, 1 de diciembre del 2022.- Gladys Bol\u00edvar Baltazar se convirti\u00f3 en lideresa hace 10 a\u00f1os cuando cre\u00f3 el \u201cClub de Madres Barrial\u201d en Bolivia, para ayudar a otras mujeres a formarse y conocer sus derechos. Hoy forma parte de una red estatal de promotoras comunitarias municipales, una figura legal recogida en la Constituci\u00f3n de Bolivia cuya finalidad es la de constituir una red de apoyo y protecci\u00f3n a mujeres que viven cualquier situaci\u00f3n de violencia. \u201cSomos mujeres comunes y corrientes de barrios que informamos y acompa\u00f1amos a las mujeres para hacer las denuncias.\u201d<\/p>\n\n\n\n<p class=\"wp-block-paragraph\">La violencia de g\u00e9nero y en concreto la violencia sexual contra mujeres y ni\u00f1as en Bolivia alcanza cifras espeluznantes. Se contabilizan 28 casos de violencia sexual por d\u00eda, m\u00e1s de uno por hora. Seg\u00fan un estudio realizado por UNICEF, al menos 7,5 de cada 10 mujeres sufren alg\u00fan hecho de violencia a lo largo de su vida, mientras que m\u00e1s de 100 mujeres en promedio son asesinadas cada a\u00f1o por su condici\u00f3n de mujer. Adem\u00e1s, seg\u00fan datos de la Coordinadora de la Mujer y la Fiscal\u00eda General del Estado de Bolivia los datos de feminicidios en los hogares se han incrementado un 30 por ciento respecto al a\u00f1o anterior.<\/p>\n\n\n\n<p class=\"wp-block-paragraph\">En el a\u00f1o 2013, tras una intensa lucha de las organizaciones de mujeres se logr\u00f3 aprobar la Ley 348 para garantizar a las mujeres una vida libre de violencias. A pesar de esta cobertura legal, la falta de conocimiento por parte de la poblaci\u00f3n general, la naturalizaci\u00f3n de la violencia, la insuficiencia de recursos, la escasa formaci\u00f3n y tambi\u00e9n ausencia de inter\u00e9s de las autoridades, genera una brecha entre los avances normativos y su implementaci\u00f3n. Por eso es necesario la existencia de la figura de las promotoras comunitarias: \u201cNosotras nos ocupamos de apoyar a las v\u00edctimas y fiscalizamos la ley para que se cumpla, vamos a las instancias de denuncia de violencia y vemos por qu\u00e9 no se ha tomado la denuncia, por qu\u00e9 no se investiga, por qu\u00e9 no se est\u00e1 protegiendo a las mujeres.\u201d<\/p>\n\n\n\n<p class=\"wp-block-paragraph\">Para realizar este importante trabajo, las mujeres han de formarse durante cinco a\u00f1os en distintos \u00e1mbitos -derechos humanos, atenci\u00f3n a v\u00edctimas, tener empat\u00eda y sororidad, conocer la ley 348 en su totalidad- y pasar un examen realizado por el Ministerio de Educaci\u00f3n. Casi todas las integrantes de la red son mujeres que han sido maltratadas. \u201cEs una forma de sanar las heridas mientras te formas y ayudando a otras mujeres que est\u00e1n en la misma situaci\u00f3n\u201d. \u201cAdem\u00e1s, sus hijos y sus maridos nos ven y se empiezan a unir a nosotras, tienen sus grupos de masculinidad, aunque todav\u00eda son pocos. Han visto que en alg\u00fan momento han tratado de apartarnos de nuestra labor activista, pero como no lo han logrado, ahora se est\u00e1n uniendo\u201d.<\/p>\n\n\n\n<p class=\"wp-block-paragraph\">Para muchas mujeres acceder a la justicia es dif\u00edcil. \u201cMuchas no tienen recursos ni para ir a denunciar. Desde algunos lugares hacerlo puede suponer tres o cuatro horas de caminata cargadas con sus beb\u00e9s hasta el centro policial m\u00e1s cercano. Los hombres las controlan y no las dejan ir a denunciar\u201d. Adem\u00e1s, \u201cen las comunidades, las normas se desconocen y la violencia est\u00e1 naturalizada\u201d.<\/p>\n\n\n\n<p class=\"wp-block-paragraph\">\u201cLa normalidad es que las mujeres sufran gritos, insultos, pu\u00f1etazos y patadas. Las organizaciones sociales son las que impulsan las leyes y animan a las mujeres a no aceptar la violencia, a denunciar, a pedir que se cumplan las leyes. La mayor\u00eda de las veces, ni las autoridades dan credibilidad cuando las v\u00edctimas denuncian y las culpan a ellas\u201d.<\/p>\n\n\n\n<p class=\"wp-block-paragraph\"><strong>Violencia pol\u00edtica<\/strong><\/p>\n\n\n\n<p class=\"wp-block-paragraph\">Gladys Bol\u00edvar Baltazar est\u00e1 en Madrid junto a otra lideresa, Toribia Flores Willca. Ambas han sido invitadas por Alianza por la Solidaridad, en el marco del 25 de noviembre, D\u00eda Internacional de la Eliminaci\u00f3n de la Violencia contra las Mujeres, y de cara al proyecto \u201cGarantizando el ejercicio del derecho a una vida libre de violencias de las mujeres desde el empoderamiento personal, social, econ\u00f3mico y pol\u00edtico en La Paz y Chuquisaca\u201d, con el objetivo de llevar a cabo acciones de sensibilizaci\u00f3n en las Comunidades de Madrid y Valencia.<\/p>\n\n\n\n<figure class=\"wp-block-image size-full\"><a href=\"https:\/\/redsemlac.com\/semmexico\/wp-content\/uploads\/2022\/12\/red-bolivia-02.jpg\"><img loading=\"lazy\" decoding=\"async\" width=\"598\" height=\"441\" src=\"https:\/\/redsemlac.com\/semmexico\/wp-content\/uploads\/2022\/12\/red-bolivia-02.jpg\" alt=\"\" class=\"wp-image-59993\"\/><\/a><\/figure>\n\n\n\n<p class=\"wp-block-paragraph\">Justo en los d\u00edas de la visita y la realizaci\u00f3n de esta entrevista el tema de la violencia y acoso que reciben las mujeres que participan en la vida pol\u00edtica est\u00e1 en el centro de la agenda medi\u00e1tica en Espa\u00f1a, con motivo de los insultos desde la propia tribuna del Congreso a la ministra de Igualdad, Irene Montero. En pa\u00edses como Bolivia, el asesinato de la concejala aimara Juana Quispe en 2012 termin\u00f3 por impulsar la promulgaci\u00f3n de la Ley N\u00ba 243 contra el Acoso y la Violencia Pol\u00edtica contra las Mujeres, convirtiendo al pa\u00eds en el primero en tipificar y vetar esta discriminaci\u00f3n. En efecto, desde enero a septiembre de 2018 se han registrado un total de 71 denuncias por acoso y violencia pol\u00edtica en todo el pa\u00eds; pero, seg\u00fan explica Gladys, \u201cdesde que se aprobara la normativa solo ha habido dos sentencias ejecutadas\u201d.<\/p>\n\n\n\n<p class=\"wp-block-paragraph\">Y es que la naturalizaci\u00f3n de la violencia contra las mujeres impregna todos los \u00e1mbitos, tambi\u00e9n el del activismo y la participaci\u00f3n pol\u00edtica. \u201cHemos avanzado en el acceso a la educaci\u00f3n, las mujeres ya estamos en la universidad, pero todav\u00eda no alcanzamos la paridad y cuando una adolescente se queda embarazada, por ejemplo, se acab\u00f3 todo\u201d, explica la lideresa, antes de describir las resistencias y el acoso que tienen que enfrentar las mujeres en el entorno m\u00e1s inmediato cuando deciden participar en el espacio p\u00fablico: \u201clos propios maridos y las familias nos critican por participar en reuniones con hombres, nos atacan especialmente cuando asumimos un cargo y esta violencia puede llegar a ser f\u00edsica e incluso llegar al feminicidio\u201d.<\/p>\n\n\n\n<p class=\"wp-block-paragraph\">\u201cA pesar de la existencia de la ley, para una mujer es muy dif\u00edcil estar en los espacios de poder. Nos han preparado para estar en la casa, ser obedientes, no generar conflictos, as\u00ed que no quieres ocupar cargos en ninguna organizaci\u00f3n, tenemos baja autoestima. Tenemos que enfrentarnos al entorno, a las familias. Y cuando entras, los hombres tambi\u00e9n nos presionan para que abandonemos los cargos y nos presionan con violencia\u201d.<\/p>\n\n\n\n<p class=\"wp-block-paragraph\">Pero las cosas est\u00e1n cambiando. Gladys, que no tuvo acceso a la educaci\u00f3n en su ni\u00f1ez, estudia, poco a poco, una carrera universitaria y se ocupa de que sus hijas puedan ir a la universidad. Se ha cualificado en distintas materias, ayuda a muchas mujeres, es defensora de los derechos humanos y con su acci\u00f3n construye un tejido social de mujeres activas que fueron decisivas en momentos complicados como la pandemia y que hoy son una red de cuidados que las sostiene. Es una referencia y no es la \u00fanica.<\/p>\n\n\n\n<p class=\"wp-block-paragraph\">Fotos: AmecoPress<\/p>\n\n\n\n<p class=\"wp-block-paragraph\">SEM\/MG<\/p>\n","protected":false},"excerpt":{"rendered":"<p>Las lideresas Gladys Bol\u00edvar Baltazar y Toribia Flores Willca han sido invitadas por Alianza por la Solidaridad para participar en el encuentro \u201cVisibles de Sur a Norte: Mujeres liderando la agenda de cambio\u201d.<\/p>\n","protected":false},"author":3,"featured_media":59994,"comment_status":"open","ping_status":"open","sticky":false,"template":"","format":"standard","meta":{"_monsterinsights_skip_tracking":false,"footnotes":""},"categories":[693,53],"tags":[],"class_list":["post-59992","post","type-post","status-publish","format-standard","has-post-thumbnail","category-693","category-internacional"],"_links":{"self":[{"href":"https:\/\/redsemlac.com\/semmexico\/wp-json\/wp\/v2\/posts\/59992","targetHints":{"allow":["GET"]}}],"collection":[{"href":"https:\/\/redsemlac.com\/semmexico\/wp-json\/wp\/v2\/posts"}],"about":[{"href":"https:\/\/redsemlac.com\/semmexico\/wp-json\/wp\/v2\/types\/post"}],"author":[{"embeddable":true,"href":"https:\/\/redsemlac.com\/semmexico\/wp-json\/wp\/v2\/users\/3"}],"replies":[{"embeddable":true,"href":"https:\/\/redsemlac.com\/semmexico\/wp-json\/wp\/v2\/comments?post=59992"}],"version-history":[{"count":0,"href":"https:\/\/redsemlac.com\/semmexico\/wp-json\/wp\/v2\/posts\/59992\/revisions"}],"wp:featuredmedia":[{"embeddable":true,"href":"https:\/\/redsemlac.com\/semmexico\/wp-json\/wp\/v2\/media\/59994"}],"wp:attachment":[{"href":"https:\/\/redsemlac.com\/semmexico\/wp-json\/wp\/v2\/media?parent=59992"}],"wp:term":[{"taxonomy":"category","embeddable":true,"href":"https:\/\/redsemlac.com\/semmexico\/wp-json\/wp\/v2\/categories?post=59992"},{"taxonomy":"post_tag","embeddable":true,"href":"https:\/\/redsemlac.com\/semmexico\/wp-json\/wp\/v2\/tags?post=59992"}],"curies":[{"name":"wp","href":"https:\/\/api.w.org\/{rel}","templated":true}]}}