{"id":59974,"date":"2022-11-30T17:43:15","date_gmt":"2022-11-30T23:43:15","guid":{"rendered":"https:\/\/redsemlac.com\/semmexico\/?p=59974"},"modified":"2023-07-21T19:23:28","modified_gmt":"2023-07-22T00:23:28","slug":"pendiente-amlo-acusa-influyentismo-de-autoridades-de-oaxaca-en-caso-de-justicia","status":"publish","type":"post","link":"https:\/\/redsemlac.com\/semmexico\/pendiente-amlo-acusa-influyentismo-de-autoridades-de-oaxaca-en-caso-de-justicia\/","title":{"rendered":"Pendiente AMLO acusa \u201cinfluyentismo\u201d de autoridades de Oaxaca en caso de justicia"},"content":{"rendered":"\n<ul class=\"wp-block-list\"><li><strong>Estar\u00e9 al pendiente, para que no salgan los responsables.&nbsp;<\/strong><\/li><li><strong>No quieren castigar a los responsables de violaciones de derechos humanos.<\/strong><\/li><\/ul>\n\n\n\n<p class=\"wp-block-paragraph\"><strong>Soledad Jarqu\u00edn Edgar<\/strong><\/p>\n\n\n\n<p class=\"wp-block-paragraph\">SemM\u00e9xico, Ciudad de M\u00e9xico, 30 de noviembre del 2022.- El presidente Andr\u00e9s Manuel L\u00f3pez Obrador afirm\u00f3 que est\u00e1 atento a lo que est\u00e1 pasando en Oaxaca, donde \u201cautoridades locales y juzgados, de influyentismo, que no se quiere castigar a responsables de violaciones a derechos humanos\u201d.<\/p>\n\n\n\n<p class=\"wp-block-paragraph\">Y aunque no dio ning\u00fan nombre su intervenci\u00f3n en la conferencia de prensa de esta ma\u00f1ana se da a unas horas de la suspensi\u00f3n de la audiencia de lectura en contra de los&nbsp; y las presuntas responsables del delito de lesa humanidad de desaparici\u00f3n forzada de la activista y defensora de derechos humanos Claudia Uruchurtu y que involucra a la expresidenta municipal de Nochixtl\u00e1n, municipio de la regi\u00f3n mixteca.<\/p>\n\n\n\n<p class=\"wp-block-paragraph\">\u201cEstamos pendientes&nbsp; y constantemente atentos para que no salgan (de prisi\u00f3n) responsables de cr\u00edmenes porque se puede detener y salir libres\u201d, dijo compara domo con el caso de la Barbie, Edgar Vald\u00e9s Villarreal.<\/p>\n\n\n\n<p class=\"wp-block-paragraph\">El veredicto final condenatorio o absolutorio ser\u00e1 dado a conocer la tarde de este jueves 1 diciembre, seg\u00fan inform\u00f3 la jueza Mar\u00eda Teresa Quevedo S\u00e1nchez.<\/p>\n\n\n\n<figure class=\"wp-block-video\"><video controls src=\"blob:https:\/\/redsemlac.com\/semmexico\/edbaf35d-ee88-47c2-980c-187da284f371\"><\/video><\/figure>\n\n\n\n<p class=\"wp-block-paragraph\">Claudia Uruchurtu fue desaparecida el 26 de marzo del 2021, luego de asistir a un mitin frente&nbsp; palacio municipal, aquella tarde noche. Uruchurtu hab\u00eda documentado anomal\u00edas en el ejercicio presupuestal de la exmun\u00edcipe de Morena Lizbeth V. H. quien entonces buscaba ser reelecta.<\/p>\n\n\n\n<p class=\"wp-block-paragraph\">SEM\/sj\/MG<\/p>\n","protected":false},"excerpt":{"rendered":"<p>Estar\u00e9 al pendiente, para que no salgan los responsables.\u00a0<\/p>\n","protected":false},"author":3,"featured_media":59975,"comment_status":"open","ping_status":"open","sticky":false,"template":"","format":"standard","meta":{"_monsterinsights_skip_tracking":false,"footnotes":""},"categories":[693,51],"tags":[],"class_list":["post-59974","post","type-post","status-publish","format-standard","has-post-thumbnail","category-693","category-ejecutivo"],"_links":{"self":[{"href":"https:\/\/redsemlac.com\/semmexico\/wp-json\/wp\/v2\/posts\/59974","targetHints":{"allow":["GET"]}}],"collection":[{"href":"https:\/\/redsemlac.com\/semmexico\/wp-json\/wp\/v2\/posts"}],"about":[{"href":"https:\/\/redsemlac.com\/semmexico\/wp-json\/wp\/v2\/types\/post"}],"author":[{"embeddable":true,"href":"https:\/\/redsemlac.com\/semmexico\/wp-json\/wp\/v2\/users\/3"}],"replies":[{"embeddable":true,"href":"https:\/\/redsemlac.com\/semmexico\/wp-json\/wp\/v2\/comments?post=59974"}],"version-history":[{"count":0,"href":"https:\/\/redsemlac.com\/semmexico\/wp-json\/wp\/v2\/posts\/59974\/revisions"}],"wp:featuredmedia":[{"embeddable":true,"href":"https:\/\/redsemlac.com\/semmexico\/wp-json\/wp\/v2\/media\/59975"}],"wp:attachment":[{"href":"https:\/\/redsemlac.com\/semmexico\/wp-json\/wp\/v2\/media?parent=59974"}],"wp:term":[{"taxonomy":"category","embeddable":true,"href":"https:\/\/redsemlac.com\/semmexico\/wp-json\/wp\/v2\/categories?post=59974"},{"taxonomy":"post_tag","embeddable":true,"href":"https:\/\/redsemlac.com\/semmexico\/wp-json\/wp\/v2\/tags?post=59974"}],"curies":[{"name":"wp","href":"https:\/\/api.w.org\/{rel}","templated":true}]}}