{"id":59972,"date":"2022-11-30T17:39:50","date_gmt":"2022-11-30T23:39:50","guid":{"rendered":"https:\/\/redsemlac.com\/semmexico\/?p=59972"},"modified":"2023-07-21T19:23:28","modified_gmt":"2023-07-22T00:23:28","slug":"bellas-y-airosas-los-xv-anos-de-a-las-mujeres-de-aida-suarez","status":"publish","type":"post","link":"https:\/\/redsemlac.com\/semmexico\/bellas-y-airosas-los-xv-anos-de-a-las-mujeres-de-aida-suarez\/","title":{"rendered":"Bellas y Airosas| Los XV a\u00f1os de \u201cA las mujeres\u201d de A\u00edda Su\u00e1rez"},"content":{"rendered":"\n<p class=\"wp-block-paragraph\"><strong>Elvira Hern\u00e1ndez Carballido<\/strong><\/p>\n\n\n\n<p class=\"wp-block-paragraph\">SemM\u00e9xico, Pachuca, Hidalgo, 30 de noviembre del 2022.- \u00bfC\u00f3mo han pasado ya quince a\u00f1os? Se pregunta A\u00edda Su\u00e1rez sorprendida, pero al mismo tiempo orgullosa y feliz. Por supuesto, era necesario festejarlos. Si bien ella naci\u00f3 en Puebla, lleva toda una vida en el estado de Hidalgo donde durante la d\u00e9cada de los ochenta se convirti\u00f3 en una de las primeras reporteras de la entidad. Su sensibilidad y compromiso, la hizo apoyar la primera gran movilizaci\u00f3n de mujeres en la ciudad de Pachuca, pues public\u00f3 un desplegado apoyando a Carmen Rinc\u00f3n, una mujer que hab\u00eda sufrido violencia obst\u00e9trica y exig\u00eda justicia.<\/p>\n\n\n\n<p class=\"wp-block-paragraph\">Desde ese momento, se interes\u00f3 en aproximarse al feminismo, aprovech\u00f3 los talleres impartidos por Sara Lovera, fue ah\u00ed donde la conoc\u00ed, recuerdo que hasta me entrevist\u00f3. Cuando decid\u00ed radicar en la Bellairosa, part\u00ed con la certeza de que ya ten\u00eda una aliada en esa regi\u00f3n.<\/p>\n\n\n\n<p class=\"wp-block-paragraph\">Es as\u00ed como en 2004 esta amistad empez\u00f3 a fortalecerse, conferencias, presentaciones editoriales y ahora una entrevista de mi parte. Decid\u00ed que la voz de A\u00edda deb\u00eda formar parte de mi libro \u201cBellas y Airosas: Mujeres en Hidalgo\u201d.<\/p>\n\n\n\n<p class=\"wp-block-paragraph\">Admir\u00e9 m\u00e1s su trayectoria y jur\u00e9 ser su aliada cuando publicara una revista que estaba planeando sacar. Es as\u00ed como desde hace 15 a\u00f1os he tenido un espacio en \u201cA las mujeres\u201d. \u00bfC\u00f3mo no festejarlo con ella? Y esta atrevida fundadora decidi\u00f3 hacerlo en este 2022 por medio de dos momentos significativos:<\/p>\n\n\n\n<ul class=\"wp-block-list\"><li>Un programa de radio con doble revoltura de emociones.<\/li><li>Una noche de gala con aplausos y entrega de un reconocimiento.<\/li><\/ul>\n\n\n\n<p class=\"wp-block-paragraph\">Fue as\u00ed como el viernes 25 de noviembre, cautivas en una cabina de radio, seis aliadas nos unimos a la voz privilegiada de nuestra querida fundadora para reiterar el cari\u00f1o, la admiraci\u00f3n y agradecer el espacio compartido.<\/p>\n\n\n\n<p class=\"wp-block-paragraph\">Las sensaciones oscilaban entre la melancol\u00eda y la alegr\u00eda, ya que ese d\u00eda se transmit\u00eda por \u00faltima vez en esa frecuencia, 98.1 FM, ante el cierre de Hidalgo Radio. Coincidimos en que se cerraba un ciclo radiof\u00f3nico, pero que se ten\u00eda la esperanza que surgir\u00eda otro escenario sonoro.<\/p>\n\n\n\n<p class=\"wp-block-paragraph\">La primera en tomar la palabra fue A\u00edda Su\u00e1rez que evoc\u00f3 con nostalgia todo lo que se hab\u00eda vivido en esas instalaciones, pero a la vez su tono se transform\u00f3 en orgullo amoroso al recordar el primer momento en que decidi\u00f3 fundar la revista. Record\u00f3 que una de las grandes c\u00f3mplices de eso que parec\u00eda solamente un sue\u00f1o editorial fue la querida Dolores Michel+, y poco a poco se sumaron m\u00e1s compa\u00f1eras y conocidas que lograron la edici\u00f3n del primer n\u00famero en 2007. Siempre es admirable reiterar la manera en que, de mano en mano, acudiendo a cualquier evento cultural o pol\u00edtico, promoviendo con decisi\u00f3n, A\u00edda empez\u00f3 a posicionar su revista. Su esfuerzo vali\u00f3 la pena y por ello ahora la publicaci\u00f3n est\u00e1 celebrando hoy como quincea\u00f1era feliz.<\/p>\n\n\n\n<p class=\"wp-block-paragraph\">Por su parte, la escritora Mar\u00eda Elena Ortega comparti\u00f3 que despu\u00e9s de su jubilaci\u00f3n empez\u00f3 a dedicarse totalmente a la literatura, dio a conocer su primer libro de cuentos en 2019 y as\u00ed recibi\u00f3 la invitaci\u00f3n para colaborar en otra publicaci\u00f3n que A\u00edda dirig\u00eda en El Sol de Hidalgo, el suplemento cultural \u201cIntervalo\u201d. Fue de esa forma como empez\u00f3 a escribir microrrelatos, que despu\u00e9s fueron publicados en otro libro. Cuando ese espacio desapareci\u00f3, sin pensarlo dos veces acept\u00f3 la invitaci\u00f3n de escribir ahora en \u201cA las Mujeres\u201d, donde cada mes regala historia sorprendentes y emotivas.<\/p>\n\n\n\n<p class=\"wp-block-paragraph\">Me toc\u00f3 ser la segunda en hablar y reiter\u00e9 mi cari\u00f1o por nuestra querida amiga, mi total admiraci\u00f3n porque es una tenaz emprendedora que he visto en acci\u00f3n, una mujer decidida y creativa, que con el paso del tiempo cre\u00f3 Alas Medios, donde adem\u00e1s de la revista, surgi\u00f3 el programa de radio con el mismo nombre de la publicaci\u00f3n impresa, adem\u00e1s de aprovechar todas las redes sociales.<\/p>\n\n\n\n<p class=\"wp-block-paragraph\">En tanto, Susana Alquicirez reconoci\u00f3 que la relaci\u00f3n empez\u00f3 por cuestiones de publicidad y de difundir su compromiso con el yoga, pero despu\u00e9s acept\u00f3 el reto de compartir su pasi\u00f3n y su conocimiento sobre el tema, por lo que ya lleva tambi\u00e9n mucho tiempo compartiendo sus reflexiones al respecto.<\/p>\n\n\n\n<p class=\"wp-block-paragraph\">La Chef Cecilia Maya habl\u00f3 con todos los sabores y delicias que comparte cada mes en la revista y celebr\u00f3 que en la publicaci\u00f3n se comparta tambi\u00e9n la importancia de la cocina, no como una obligaci\u00f3n sino como una creaci\u00f3n donde es un gozo preparar alimentos, pensar mil cosas e imaginar otras m\u00e1s, y despu\u00e9s saborear nuestra propia creaci\u00f3n.<\/p>\n\n\n\n<p class=\"wp-block-paragraph\">La mirada transparente de M\u00f3nica Ortega delat\u00f3 su honestidad y sencillas al asegurar lo mucho que disfruta escribir en la revista desde la comunicaci\u00f3n y la psicoterapia.<\/p>\n\n\n\n<p class=\"wp-block-paragraph\">El \u00fanico hombre del equipo, Carlos Sevilla, tambi\u00e9n se mostr\u00f3 agradecido, y todas coincidimos que sus fotograf\u00edas dan un toque especial a nuestra publicaci\u00f3n.<\/p>\n\n\n\n<p class=\"wp-block-paragraph\">Alegres y melanc\u00f3licas despedimos al \u00faltimo programa de Alas Radio, pero nos preparamos para en la noche celebrar a nuestra quincea\u00f1era impresa.<\/p>\n\n\n\n<p class=\"wp-block-paragraph\">Fue as\u00ed como entre trajes de gala, flores y aplausos, en un bello sal\u00f3n de fiestas, m\u00fasica y suspiros, A\u00edda Su\u00e1rez nuevamente agradeci\u00f3 el apoyo de sus amigas que junto con ella han creado un grupo solidario y comprometido que cada mes hace posible \u201cA las Mujeres\u201d.<\/p>\n\n\n\n<p class=\"wp-block-paragraph\">Esa noche se entreg\u00f3 un reconocimiento especial a Carmen Rinc\u00f3n, pionera del feminismo en Hidalgo, quien adem\u00e1s fue portada de este n\u00famero de aniversario, una admirable hidalguense que ha luchado contra la violencia obst\u00e9trica.<\/p>\n\n\n\n<p class=\"wp-block-paragraph\">Larga vida a la revista \u201cA las Mujeres\u201d.<\/p>\n\n\n\n<p class=\"wp-block-paragraph\">Gracias A\u00edda Su\u00e1rez por este espacio pionero en Hidalgo que da voz a las mujeres de esta bella y airosa regi\u00f3n. Tus palabras en el editorial de este n\u00famero de aniversario redondean perfecto esta fiesta:<\/p>\n\n\n\n<pre class=\"wp-block-verse\">\u00a1Cumplimos 15 a\u00f1os! Revista A las Mujeres est\u00e1 de aniversario en este noviembre de 2022. Hemos sobrevivido a todas las dificultades, incluso a casi tres a\u00f1os de pandemia como todos los sectores.\r\nHoy celebramos con la entrega del Reconocimiento Alas que nace para conocer la labor que realizan mujeres en pro de los derechos humanos de nosotras.\r\nY el primer reconocimiento se entrega a Carmen Rinc\u00f3n, qu\u00edmica, que hace 35 a\u00f1os en su primer parto sufri\u00f3 violencia obst\u00e9trica, muri\u00f3 su primera hija y la dejaron est\u00e9ril. Carmen inici\u00f3 una lucha por los derechos reproductivos de las mujeres y, sin saberlo, el movimiento feminista en Pachuca, capital del estado de Hidalgo.\r\nCon buenas, mejores, regulares y a veces dif\u00edciles situaciones se escriben estos 15 a\u00f1os de un esfuerzo editorial mensual que llega a ti.\r\nGracias a todo el equipo que forma parte, a nuestros patrocinadores y a usted que nos lee.\r\nNos acompa\u00f1an con sus colaboraciones: Elvira Hern\u00e1ndez Carballido, Cecilia Maya, Mar\u00eda Elena Ortega y M\u00f3nica Ortega. Enrique Garnica, en el dise\u00f1o, Carlos E. Sevilla en la fotograf\u00eda y video.\r\nCorra la voz porque revista \u201cA las Mujeres\u201d de Grupo Alas Medios est\u00e1 cumpliendo \u00a115 a\u00f1os!\r\nGracias. Gracias. Gracias.\r\nA\u00edda Su\u00e1rez.\r\n\r\n<\/pre>\n","protected":false},"excerpt":{"rendered":"<p> \u00bfC\u00f3mo han pasado ya quince a\u00f1os? Se pregunta A\u00edda Su\u00e1rez sorprendida, pero al mismo tiempo orgullosa y feliz. <\/p>\n","protected":false},"author":3,"featured_media":31337,"comment_status":"open","ping_status":"open","sticky":false,"template":"","format":"standard","meta":{"_monsterinsights_skip_tracking":false,"footnotes":""},"categories":[693,201,202,35],"tags":[],"class_list":["post-59972","post","type-post","status-publish","format-standard","has-post-thumbnail","category-693","category-bellas-y-airosas","category-elvira-hernandez-carballido","category-opinion"],"_links":{"self":[{"href":"https:\/\/redsemlac.com\/semmexico\/wp-json\/wp\/v2\/posts\/59972","targetHints":{"allow":["GET"]}}],"collection":[{"href":"https:\/\/redsemlac.com\/semmexico\/wp-json\/wp\/v2\/posts"}],"about":[{"href":"https:\/\/redsemlac.com\/semmexico\/wp-json\/wp\/v2\/types\/post"}],"author":[{"embeddable":true,"href":"https:\/\/redsemlac.com\/semmexico\/wp-json\/wp\/v2\/users\/3"}],"replies":[{"embeddable":true,"href":"https:\/\/redsemlac.com\/semmexico\/wp-json\/wp\/v2\/comments?post=59972"}],"version-history":[{"count":0,"href":"https:\/\/redsemlac.com\/semmexico\/wp-json\/wp\/v2\/posts\/59972\/revisions"}],"wp:featuredmedia":[{"embeddable":true,"href":"https:\/\/redsemlac.com\/semmexico\/wp-json\/wp\/v2\/media\/31337"}],"wp:attachment":[{"href":"https:\/\/redsemlac.com\/semmexico\/wp-json\/wp\/v2\/media?parent=59972"}],"wp:term":[{"taxonomy":"category","embeddable":true,"href":"https:\/\/redsemlac.com\/semmexico\/wp-json\/wp\/v2\/categories?post=59972"},{"taxonomy":"post_tag","embeddable":true,"href":"https:\/\/redsemlac.com\/semmexico\/wp-json\/wp\/v2\/tags?post=59972"}],"curies":[{"name":"wp","href":"https:\/\/api.w.org\/{rel}","templated":true}]}}