{"id":59969,"date":"2022-11-30T17:38:05","date_gmt":"2022-11-30T23:38:05","guid":{"rendered":"https:\/\/redsemlac.com\/semmexico\/?p=59969"},"modified":"2023-07-21T19:23:29","modified_gmt":"2023-07-22T00:23:29","slug":"brenda-pide-justicia-no-hay-detenidos-por-su-caso","status":"publish","type":"post","link":"https:\/\/redsemlac.com\/semmexico\/brenda-pide-justicia-no-hay-detenidos-por-su-caso\/","title":{"rendered":"Brenda pide justicia, no hay detenidos por su caso"},"content":{"rendered":"\n<p class=\"wp-block-paragraph\"><strong>Alba Alem\u00e1n<\/strong><\/p>\n\n\n\n<p class=\"wp-block-paragraph\">SemM\u00e9xico\/TestigoP\u00farpura, Veracruz, 30 de noviembre del 2022.- Desde la sustracci\u00f3n de su hijo, Brenda Canche, ha sido v\u00edctima de revictimizaci\u00f3n por parte de la Fiscal\u00eda Especializada en Delitos contra las Mujeres, y aunque el ni\u00f1o ahora se encuentra al resguardo del DIF municipal de Boca del R\u00edo, la persona que lo sustrajo no ha sido presentada ante las autoridades.<\/p>\n\n\n\n<p class=\"wp-block-paragraph\">El pasado viernes el ni\u00f1o de dos meses de edad fue entregado a la Fiscal Cuarta, misma que en un principio se neg\u00f3 a tomar la denuncia de Brenda cuando su hijo hab\u00eda sido sustra\u00eddo por su suegra.<\/p>\n\n\n\n<p class=\"wp-block-paragraph\">Brenda se enter\u00f3 por medio de Comisi\u00f3n de B\u00fasqueda cuando cancel\u00f3 su ficha que su hijo se encontraba bajo resguardo de la dependencia municipal.<\/p>\n\n\n\n<p class=\"wp-block-paragraph\">Despu\u00e9s de la presi\u00f3n medi\u00e1tica y viralizaci\u00f3n de su caso su suegra entreg\u00f3 al ni\u00f1o a la fiscal, pero no fue presentada ante las autoridades a pesar de que exist\u00edan citatorios que hab\u00eda desobedecido y que se\u00f1alaban una penalizaci\u00f3n de hasta 36 horas de prisi\u00f3n al ser ignorados.<\/p>\n\n\n\n<p class=\"wp-block-paragraph\">La Fiscal tampoco notific\u00f3 a Brenda sobre la localizaci\u00f3n de su hijo y el ni\u00f1o fue enviado directamente al DIF, se\u00f1al\u00e1ndole que su carpeta no hab\u00eda sido bien integrada para lograr la detenci\u00f3n de la mujer que lo hab\u00eda sustra\u00eddo.<\/p>\n\n\n\n<p class=\"wp-block-paragraph\">Al respecto Brenda indica que desde el momento que se present\u00f3 ha vivido diversas irregularidades, no solo no tom\u00e1ndole la denuncia, sino tambi\u00e9n con comentarios por haber dado a conocer la situaci\u00f3n en redes sociales.<\/p>\n\n\n\n<p class=\"wp-block-paragraph\">\u201cLa misma fiscal que no me toma la denuncia de un principio sobre la sustracci\u00f3n y solo manda a sus auxiliares que me revictimizan es la que recibe a mi hijo y la que dijo que no hab\u00eda elementos suficientes en la carpeta para que esta persona fuera detenida, luego me dijeron que qu\u00e9 m\u00e1s quer\u00eda, que se supon\u00eda que solo quer\u00eda a mi hijo, pero no, yo quiero que esta se\u00f1ora pague porque todo fue premeditado y otras personas podr\u00edan sufrir lo mismo\u201d, manifest\u00f3.<\/p>\n\n\n\n<p class=\"wp-block-paragraph\">El art\u00edculo 241 del C\u00f3digo penal para el Estado de Veracruz indica de 2 a 9 a\u00f1os de prisi\u00f3n por el delito de sustracci\u00f3n y en el caso de Brenda su hijo no solo fue sustra\u00eddo, sino, tambi\u00e9n registrado a nombre de otra persona ante el Registro Civil.<\/p>\n\n\n\n<p class=\"wp-block-paragraph\">Por medio de enga\u00f1os, el 17 de octubre su suegra, Mar\u00eda del Roc\u00edo Aid\u00e9 Medina Mart\u00ednez, se llev\u00f3 al ni\u00f1o y posteriormente lo registr\u00f3 como su hijo, la joven de 22 a\u00f1os fue v\u00edctima tambi\u00e9n de violencia f\u00edsica y psicol\u00f3gica, por las que tambi\u00e9n present\u00f3 denuncia.<\/p>\n\n\n\n<p class=\"wp-block-paragraph\">Ahora el ni\u00f1o se encuentra bajo el resguardo de DIF boque\u00f1o en lo que las autoridades resuelven la situaci\u00f3n legal, sin embargo, Brenda no solo pide la custodia de su hijo, sino castigo para la persona que lo sustrajo.<\/p>\n\n\n\n<p class=\"wp-block-paragraph\">SEM\/MG<\/p>\n","protected":false},"excerpt":{"rendered":"<p>Desde la sustracci\u00f3n de su hijo, Brenda Canche, ha sido v\u00edctima de revictimizaci\u00f3n por parte de la Fiscal\u00eda Especializada en Delitos contra las Mujeres, y aunque el ni\u00f1o ahora se encuentra al resguardo del DIF municipal de Boca del R\u00edo, la persona que lo sustrajo no ha sido presentada ante las autoridades.<\/p>\n","protected":false},"author":3,"featured_media":59970,"comment_status":"open","ping_status":"open","sticky":false,"template":"","format":"standard","meta":{"_monsterinsights_skip_tracking":false,"footnotes":""},"categories":[693,47,48],"tags":[],"class_list":["post-59969","post","type-post","status-publish","format-standard","has-post-thumbnail","category-693","category-no-mas-impunidad","category-no-mas-impunidad-no-mas-impunidad"],"_links":{"self":[{"href":"https:\/\/redsemlac.com\/semmexico\/wp-json\/wp\/v2\/posts\/59969","targetHints":{"allow":["GET"]}}],"collection":[{"href":"https:\/\/redsemlac.com\/semmexico\/wp-json\/wp\/v2\/posts"}],"about":[{"href":"https:\/\/redsemlac.com\/semmexico\/wp-json\/wp\/v2\/types\/post"}],"author":[{"embeddable":true,"href":"https:\/\/redsemlac.com\/semmexico\/wp-json\/wp\/v2\/users\/3"}],"replies":[{"embeddable":true,"href":"https:\/\/redsemlac.com\/semmexico\/wp-json\/wp\/v2\/comments?post=59969"}],"version-history":[{"count":0,"href":"https:\/\/redsemlac.com\/semmexico\/wp-json\/wp\/v2\/posts\/59969\/revisions"}],"wp:featuredmedia":[{"embeddable":true,"href":"https:\/\/redsemlac.com\/semmexico\/wp-json\/wp\/v2\/media\/59970"}],"wp:attachment":[{"href":"https:\/\/redsemlac.com\/semmexico\/wp-json\/wp\/v2\/media?parent=59969"}],"wp:term":[{"taxonomy":"category","embeddable":true,"href":"https:\/\/redsemlac.com\/semmexico\/wp-json\/wp\/v2\/categories?post=59969"},{"taxonomy":"post_tag","embeddable":true,"href":"https:\/\/redsemlac.com\/semmexico\/wp-json\/wp\/v2\/tags?post=59969"}],"curies":[{"name":"wp","href":"https:\/\/api.w.org\/{rel}","templated":true}]}}