{"id":59961,"date":"2022-11-30T16:31:19","date_gmt":"2022-11-30T22:31:19","guid":{"rendered":"https:\/\/redsemlac.com\/semmexico\/?p=59961"},"modified":"2023-07-21T19:23:29","modified_gmt":"2023-07-22T00:23:29","slug":"senadoras-hacen-recuento-de-trabajo-legislativo-a-favor-de-personas-con-discapacidad","status":"publish","type":"post","link":"https:\/\/redsemlac.com\/semmexico\/senadoras-hacen-recuento-de-trabajo-legislativo-a-favor-de-personas-con-discapacidad\/","title":{"rendered":"Senadoras hacen recuento de trabajo legislativo a favor de personas con discapacidad"},"content":{"rendered":"\n<ul class=\"wp-block-list\"><li><strong>Mercado destac\u00f3 la aprobaci\u00f3n de la iniciativa para armonizar la Ley General de Movilidad y Seguridad en todos los estados del territorio mexicano.<\/strong><strong><\/strong><\/li><\/ul>\n\n\n\n<p class=\"wp-block-paragraph\"><strong>Mercedes Mart\u00ednez<\/strong><\/p>\n\n\n\n<p class=\"wp-block-paragraph\">SemM\u00e9xico, Ciudad de M\u00e9xico, 30 de noviembre del 2022.- A unos d\u00edas de conmemorarse el D\u00eda Internacional de las Personas con Discapacidad (3 de diciembre), las senadoras Patricia Mercado, Alejandra Lagunes y el senador Eduardo Ram\u00edrez Aguilar presentaron un recuento de las propuestas ciudadanas y el trabajo legislativo realizado durante este a\u00f1o, despu\u00e9s del Primer Parlamento sobre el tema.<\/p>\n\n\n\n<p class=\"wp-block-paragraph\">Mercado destac\u00f3 la aprobaci\u00f3n de la iniciativa para armonizar la Ley General de Movilidad y Seguridad en todos los estados del territorio mexicano. \u201cVarias de las iniciativas hablaban de accesibilidad e inclusi\u00f3n en la movilidad, tenemos excluidas a las personas con discapacidad porque no exist\u00eda esta inclusi\u00f3n, ya es ley vigente de movilidad y seguridad vial, que en los estados de la rep\u00fablica se est\u00e1 armonizando para garantizar este derecho\u201d.<\/p>\n\n\n\n<p class=\"wp-block-paragraph\">La senadora tambi\u00e9n record\u00f3 que existe una minuta que ya est\u00e1 en manos de la C\u00e1mara de Diputados para aplicar reformas a la Ley Federal del Trabajo y con ello, asegurar una cuota de inclusi\u00f3n en el \u00e1mbito laboral. Mercado hizo un llamado a las y los integrantes de la c\u00e1mara baja \u201ctomen esta minuta para garantizar que por lo menos\u201d el 5 por ciento del personal de las empresas que cuentan con m\u00e1s de 20 trabajadores y trabajadoras sean personas con discapacidad, ya sea en empresas privadas o instituciones p\u00fablicas.<\/p>\n\n\n\n<p class=\"wp-block-paragraph\">Finalmente, las senadoras y el senador se\u00f1alaron la importancia de que el 3 de diciembre no pase inadvertido, y la importancia de dar voz a ni\u00f1os, ni\u00f1as, mujeres, hombres y adultos\/as mayores que tienen discapacidad en su vida para conocer sus experiencias.<\/p>\n\n\n\n<p class=\"wp-block-paragraph\">SEM\/MG<\/p>\n","protected":false},"excerpt":{"rendered":"<p>Mercado destac\u00f3 la aprobaci\u00f3n de la iniciativa para armonizar la Ley General de Movilidad y Seguridad en todos los estados del territorio mexicano.<\/p>\n","protected":false},"author":3,"featured_media":59962,"comment_status":"open","ping_status":"open","sticky":false,"template":"","format":"standard","meta":{"_monsterinsights_skip_tracking":false,"footnotes":""},"categories":[693,50],"tags":[],"class_list":["post-59961","post","type-post","status-publish","format-standard","has-post-thumbnail","category-693","category-congreso"],"_links":{"self":[{"href":"https:\/\/redsemlac.com\/semmexico\/wp-json\/wp\/v2\/posts\/59961","targetHints":{"allow":["GET"]}}],"collection":[{"href":"https:\/\/redsemlac.com\/semmexico\/wp-json\/wp\/v2\/posts"}],"about":[{"href":"https:\/\/redsemlac.com\/semmexico\/wp-json\/wp\/v2\/types\/post"}],"author":[{"embeddable":true,"href":"https:\/\/redsemlac.com\/semmexico\/wp-json\/wp\/v2\/users\/3"}],"replies":[{"embeddable":true,"href":"https:\/\/redsemlac.com\/semmexico\/wp-json\/wp\/v2\/comments?post=59961"}],"version-history":[{"count":0,"href":"https:\/\/redsemlac.com\/semmexico\/wp-json\/wp\/v2\/posts\/59961\/revisions"}],"wp:featuredmedia":[{"embeddable":true,"href":"https:\/\/redsemlac.com\/semmexico\/wp-json\/wp\/v2\/media\/59962"}],"wp:attachment":[{"href":"https:\/\/redsemlac.com\/semmexico\/wp-json\/wp\/v2\/media?parent=59961"}],"wp:term":[{"taxonomy":"category","embeddable":true,"href":"https:\/\/redsemlac.com\/semmexico\/wp-json\/wp\/v2\/categories?post=59961"},{"taxonomy":"post_tag","embeddable":true,"href":"https:\/\/redsemlac.com\/semmexico\/wp-json\/wp\/v2\/tags?post=59961"}],"curies":[{"name":"wp","href":"https:\/\/api.w.org\/{rel}","templated":true}]}}