{"id":59955,"date":"2022-11-30T16:22:12","date_gmt":"2022-11-30T22:22:12","guid":{"rendered":"https:\/\/redsemlac.com\/semmexico\/?p=59955"},"modified":"2023-07-21T19:23:29","modified_gmt":"2023-07-22T00:23:29","slug":"un-enfoque-intersectorial-para-combatir-la-violencia-contra-las-mujeres-en-la-politica-y-los-medios","status":"publish","type":"post","link":"https:\/\/redsemlac.com\/semmexico\/un-enfoque-intersectorial-para-combatir-la-violencia-contra-las-mujeres-en-la-politica-y-los-medios\/","title":{"rendered":"Un enfoque intersectorial para combatir la violencia contra las mujeres en la pol\u00edtica y los medios"},"content":{"rendered":"\n<ul class=\"wp-block-list\"><li><strong>Conversatorio sobre experiencias del programa multinacional \u201cla violencia contra las mujeres en la pol\u00edtica y en los medios\u201d.<\/strong><strong><\/strong><\/li><li><strong>Estuvieron presentes mujeres provenientes de Kenia, M\u00e9xico y Sri Lanka.<\/strong><strong><\/strong><\/li><\/ul>\n\n\n\n<p class=\"wp-block-paragraph\"><strong>Redacci\u00f3n<\/strong><\/p>\n\n\n\n<p class=\"wp-block-paragraph\">SemM\u00e9xico, Ciudad de M\u00e9xico, 30 de noviembre del 2022. Una de las barreras m\u00e1s graves para los procesos e instituciones democr\u00e1ticas incluyentes y con perspectiva de g\u00e9nero es la violencia o amenazas de violencia que afectan directamente la capacidad de una mujer al participar en pol\u00edtica y ejercer una profesi\u00f3n en los medios de comunicaci\u00f3n.<\/p>\n\n\n\n<p class=\"wp-block-paragraph\">Con este mensaje se dio arranque al conversatorio sobre experiencias del programa multinacional \u201cla violencia contra las mujeres en la pol\u00edtica y en los medios\u201d, organizado por el Instituto Nacional Dem\u00f3crata (NDI) y la Fundaci\u00f3n Internacional de las Mujeres en los Medios (IWMF).<\/p>\n\n\n\n<p class=\"wp-block-paragraph\">En el conversatorio, estuvieron presentes mujeres provenientes de Kenia, M\u00e9xico y Sri Lanka, quienes presentaron resultados sobre su participaci\u00f3n en dicho programa.<\/p>\n\n\n\n<p class=\"wp-block-paragraph\">En el NDI destacaron la importancia de reunir mujeres diversas y activas en la pol\u00edtica y los medios de comunicaci\u00f3n, con quienes han desarrollado planes y pr\u00e1cticas de seguridad para mitigar los riesgos de violencia en la pol\u00edtica, as\u00ed como la generaci\u00f3n de coaliciones para el trabajo de procesos electorales seguros e inclusivos.<\/p>\n\n\n\n<p class=\"wp-block-paragraph\">El instituto se pronunci\u00f3 a favor de promover cambios en las instituciones pol\u00edticas y de los medios de comunicaci\u00f3n para aumentar la seguridad en la potencial participaci\u00f3n electoral y pol\u00edtica de las mujeres.<\/p>\n\n\n\n<h2 class=\"wp-block-heading\"><strong>Perspectivas globales<\/strong><\/h2>\n\n\n\n<p class=\"wp-block-paragraph\">Entre los pa\u00edses convocados, se discutieron temas sobre seguridad y protecci\u00f3n, la construcci\u00f3n de coaliciones, participaci\u00f3n y cobertura electoral, y Hombres, Poder y Pol\u00edtica. Estos temas involucraron a expertos en la materia quienes ampliaron las perspectivas globales del programa.<\/p>\n\n\n\n<p class=\"wp-block-paragraph\">De igual forma, las representantes de cada pa\u00eds, destacaron la importancia de implementar programas de incidencia pol\u00edtica en pa\u00edses cuyo desarrollo democr\u00e1tico est\u00e1 involucrando la participaci\u00f3n de mujeres en sus respectivos congresos.<\/p>\n\n\n\n<h2 class=\"wp-block-heading\"><strong>Resultados del programa multinacional (Kenia, M\u00e9xico y Sri Lanka)<\/strong><\/h2>\n\n\n\n<p class=\"wp-block-paragraph\">ElInstituto Nacional Dem\u00f3crata (NDI) y la Fundaci\u00f3n Internacional de las Mujeres en los Medios (IWMF), implementaron durante los \u00faltimos dos a\u00f1os y dentro del marco temporal de los ciclos electorales nacionales, la primera fase de un programa multinacional, que comprende actividades program\u00e1ticas en Kenia, M\u00e9xico y Sri Lanka, entre los resultados se destac\u00f3 lo siguiente:<\/p>\n\n\n\n<h2 class=\"wp-block-heading\"><strong>Kenia<\/strong><\/h2>\n\n\n\n<p class=\"wp-block-paragraph\">La Alianza de Mujeres en la Pol\u00edtica y los Medios ha estado trabajando con \u201cDevelopment Through Media\u201d, una organizaci\u00f3n de medios sin fines de lucro con sede en Nairobi, para producir una serie de programas de radio que tratan temas de violencia contra las mujeres en la pol\u00edtica y en los medios.<\/p>\n\n\n\n<p class=\"wp-block-paragraph\">El equipo ha reunido a personas expertas en pol\u00edtica, medios y academia para profundizar en las causas, realidades y posibles soluciones en torno a la violencia contra las mujeres en la pol\u00edtica y en los medios. Se han tocado temas como barreras de entrada para las candidatas, incluido el costo de postularse, la intimidaci\u00f3n para retirarse de sus propios partidos y la desconfianza del p\u00fablico en ellas. Los programas de radio han hecho un esfuerzo concertado por traer aliados masculinos a cada conversaci\u00f3n.<\/p>\n\n\n\n<h2 class=\"wp-block-heading\"><strong>M\u00e9xico<\/strong><\/h2>\n\n\n\n<p class=\"wp-block-paragraph\">La Coalici\u00f3n de Mujeres por la Paridad Efectiva, ha reunido mujeres expertas en pol\u00edtica, derecho electoral y medios de comunicaci\u00f3n, su activismo se ha concentrado en buscar que los Organismos P\u00fablicos Locales Electorales (OPLE) interpreten e implementen de manera integral las normas de paridad integrando tanto las perspectivas de g\u00e9nero como interseccionalidad, con el fin de garantizar la representaci\u00f3n igualitaria de las mujeres y sus derechos pol\u00edtico-electorales.<\/p>\n\n\n\n<p class=\"wp-block-paragraph\">La Coalici\u00f3n actualmente est\u00e1 trabajando con las y los consejeros electorales locales y el personal de los OPLEs (San Luis Potos\u00ed, Quer\u00e9taro y Tlaxcala) para fortalecer sus competencias y habilidades para entender los problemas de g\u00e9nero e igualdad, con el fin de transformar estas instituciones electorales no solo a nivel interno sino tambi\u00e9n para impactar en el trabajo que realizan para garantizar los derechos pol\u00edticos de las mujeres.<\/p>\n\n\n\n<h2 class=\"wp-block-heading\"><strong>Sri Lanka<\/strong><\/h2>\n\n\n\n<p class=\"wp-block-paragraph\">El equipo de Sri Lanka complet\u00f3 la secci\u00f3n de capacitaci\u00f3n del programa, pero debido a los desaf\u00edos pol\u00edticos y econ\u00f3micos en la primavera y el verano de 2022, ha estado en pausa desde mayo. Anticipan retomar el programa este oto\u00f1o y se centrar\u00e1n en desarrollar un documento de pol\u00edtica sobre un tema relacionado con la violencia contra las mujeres en la pol\u00edtica y en los medios.<\/p>\n\n\n\n<h2 class=\"wp-block-heading\"><strong>La importancia de crear programas de incidencia.<\/strong><\/h2>\n\n\n\n<p class=\"wp-block-paragraph\">En el Instituto Nacional Dem\u00f3crata (NDI)enfatizaron la necesidad de construirespacios democr\u00e1ticos abiertos y procesos pol\u00edticos incluyentes, apoyados por medios de comunicaci\u00f3n libres que operen con integridad.<\/p>\n\n\n\n<p class=\"wp-block-paragraph\"><em>\u201cConcientizar sobre la violencia contra las mujeres en la pol\u00edtica y en los medios e impulsar pol\u00edticas para mitigar sus efectos crear\u00e1 un discurso pol\u00edtico m\u00e1s incluyente y abrir\u00e1 el espacio para una mayor participaci\u00f3n pol\u00edtica de las mujeres en toda su diversidad y tambi\u00e9n para otros grupos tradicionalmente discriminados\u201d.<\/em><\/p>\n\n\n\n<p class=\"wp-block-paragraph\">Si bien los actos de VAW-PM a menudo est\u00e1n dirigidos a mujeres de forma individual, tienen una intenci\u00f3n que va m\u00e1s all\u00e1: asustar a otras mujeres activas en la vida pol\u00edtica, disuadir a las mujeres que est\u00e1n considerando participar en la pol\u00edtica o emprender una carrera en los medios de comunicaci\u00f3n, y comunicar a la sociedad que las mujeres no deben participar en la vida p\u00fablica en ninguna capacidad.<\/p>\n\n\n\n<p class=\"wp-block-paragraph\">Las mujeres activas en la pol\u00edtica y los medios de comunicaci\u00f3n a menudo no cuentan con las herramientas y conocimientos \u00f3ptimos para manejar las innumerables formas de violencia que enfrentan a lo largo de sus actividades profesionales. A trav\u00e9s de esta exclusi\u00f3n y silenciamiento forzados, tambi\u00e9n se socava la integridad de la cultura y las pr\u00e1cticas democr\u00e1ticas.<\/p>\n\n\n\n<p class=\"wp-block-paragraph\">\u00a0De ah\u00ed que, resulte importante dotar a las mujeres de herramientas que le ayuden a mejorar sus capacidades individuales y colectivas, para que participen en la pol\u00edtica y en los procesos electorales de forma segura y acompa\u00f1ada.<\/p>\n\n\n\n<p class=\"wp-block-paragraph\">SEM\/MG<\/p>\n\n\n\n<figure class=\"wp-block-image size-full\"><a href=\"https:\/\/redsemlac.com\/semmexico\/wp-content\/uploads\/2022\/11\/NDI-logo-3_0.jpg\"><img loading=\"lazy\" decoding=\"async\" width=\"760\" height=\"569\" src=\"https:\/\/redsemlac.com\/semmexico\/wp-content\/uploads\/2022\/11\/NDI-logo-3_0.jpg\" alt=\"\" class=\"wp-image-59966\"\/><\/a><\/figure>\n","protected":false},"excerpt":{"rendered":"<p>Conversatorio sobre experiencias del programa multinacional \u201cla violencia contra las mujeres en la pol\u00edtica y en los medios\u201d.<\/p>\n","protected":false},"author":3,"featured_media":59956,"comment_status":"open","ping_status":"open","sticky":false,"template":"","format":"standard","meta":{"_monsterinsights_skip_tracking":false,"footnotes":""},"categories":[693,51],"tags":[],"class_list":["post-59955","post","type-post","status-publish","format-standard","has-post-thumbnail","category-693","category-ejecutivo"],"_links":{"self":[{"href":"https:\/\/redsemlac.com\/semmexico\/wp-json\/wp\/v2\/posts\/59955","targetHints":{"allow":["GET"]}}],"collection":[{"href":"https:\/\/redsemlac.com\/semmexico\/wp-json\/wp\/v2\/posts"}],"about":[{"href":"https:\/\/redsemlac.com\/semmexico\/wp-json\/wp\/v2\/types\/post"}],"author":[{"embeddable":true,"href":"https:\/\/redsemlac.com\/semmexico\/wp-json\/wp\/v2\/users\/3"}],"replies":[{"embeddable":true,"href":"https:\/\/redsemlac.com\/semmexico\/wp-json\/wp\/v2\/comments?post=59955"}],"version-history":[{"count":0,"href":"https:\/\/redsemlac.com\/semmexico\/wp-json\/wp\/v2\/posts\/59955\/revisions"}],"wp:featuredmedia":[{"embeddable":true,"href":"https:\/\/redsemlac.com\/semmexico\/wp-json\/wp\/v2\/media\/59956"}],"wp:attachment":[{"href":"https:\/\/redsemlac.com\/semmexico\/wp-json\/wp\/v2\/media?parent=59955"}],"wp:term":[{"taxonomy":"category","embeddable":true,"href":"https:\/\/redsemlac.com\/semmexico\/wp-json\/wp\/v2\/categories?post=59955"},{"taxonomy":"post_tag","embeddable":true,"href":"https:\/\/redsemlac.com\/semmexico\/wp-json\/wp\/v2\/tags?post=59955"}],"curies":[{"name":"wp","href":"https:\/\/api.w.org\/{rel}","templated":true}]}}