{"id":59952,"date":"2022-11-30T15:04:32","date_gmt":"2022-11-30T21:04:32","guid":{"rendered":"https:\/\/redsemlac.com\/semmexico\/?p=59952"},"modified":"2023-07-21T19:23:29","modified_gmt":"2023-07-22T00:23:29","slug":"en-las-nuevas-modalidades-de-trabajo-digital-no-deben-continuar-inercias-de-trabajo-precario-patricia-mercado-castro","status":"publish","type":"post","link":"https:\/\/redsemlac.com\/semmexico\/en-las-nuevas-modalidades-de-trabajo-digital-no-deben-continuar-inercias-de-trabajo-precario-patricia-mercado-castro\/","title":{"rendered":"En las nuevas modalidades de trabajo digital no deben continuar inercias de trabajo precario: Patricia Mercado Castro"},"content":{"rendered":"\n<ul class=\"wp-block-list\"><li><strong>Se estima en 32 millones las trabajadoras y trabajadores de plataformas digitales y aplicaciones.<\/strong><\/li><li><strong>Iniciativa para conservar derecho a pensi\u00f3n de trabajadoras\/es dados de baja del IMSS.<\/strong><\/li><\/ul>\n\n\n\n<p class=\"wp-block-paragraph\"><strong>Micaela M\u00e1rquez<\/strong><\/p>\n\n\n\n<p class=\"wp-block-paragraph\">SemM\u00e9xico, Ciudad de M\u00e9xico, 30 de noviembre del 2022.- Para resolver el problema de casi 32 millones de trabajadoras y trabajadores que est\u00e1n en la informalidad, sin derecho a la seguridad social, el partido del Movimiento Ciudadano a trav\u00e9s del coordinador de la fracci\u00f3n parlamentaria, Clemente Casta\u00f1eda Hoeflich y la senadora Patricia Mercado Castro presentaron la iniciativa para reformar la Ley Federal del Trabajo para garantizar los derechos laborales a las y los trabajadores de plataformas digitales y las aplicaciones como Uber, Didi y Rappi.<\/p>\n\n\n\n<p class=\"wp-block-paragraph\">\u201cEs hora de demostrar que en los trabajos del futuro no van a continuar inercias de trabajo precario, el trabajo digno y decente es el medio primordial para terminar con la desigualdad y la exclusi\u00f3n\u201d, expres\u00f3 la senadora Patricia Mercado.<\/p>\n\n\n\n<p class=\"wp-block-paragraph\">La senadora Mercado asegur\u00f3 que las innovaciones tecnol\u00f3gicas han creado nuevas modalidades de empleo, por lo que es indispensable reformar la Ley Federal del Trabajo para garantizar los derechos laborales a las y los trabajadores.<\/p>\n\n\n\n<p class=\"wp-block-paragraph\">Fen\u00f3menos como el trabajo en plataformas digitales, reparto de alimentos y mercanc\u00edas, teletrabajo, trabajo en l\u00ednea, trabajo colaborativo est\u00e1n cambiando nuestra forma de entender conceptos centrales de la actividad econ\u00f3mica, refiri\u00f3.<\/p>\n\n\n\n<p class=\"wp-block-paragraph\">Por lo que enfatiz\u00f3 que la relaci\u00f3n contractual, el consumo, la distinci\u00f3n entre comercio y empleo, la jornada laboral son algunos de los moldes jur\u00eddicos y administrativos tradicionales que se est\u00e1n desbordando.<\/p>\n\n\n\n<p class=\"wp-block-paragraph\">La iniciativa del Movimiento Ciudadano define la relaci\u00f3n de trabajo, determina derechos y obligaciones de la persona trabajadora y las obligaciones del empleador que se debe establecer en un contrato.&nbsp;<\/p>\n\n\n\n<p class=\"wp-block-paragraph\">Se especifica establecer dos modalidades de empleo: \u2018dependientes\u2019 para las personas que laboren 48 horas o m\u00e1s a la semana, y \u2018eventuales\u2019 para el resto.&nbsp;Garantizar el derecho a la libre asociaci\u00f3n de las personas trabajadoras, define la jornada laboral en 8 horas por cada 6 d\u00edas de trabajo, y un d\u00eda de descanso.<\/p>\n\n\n\n<p class=\"wp-block-paragraph\">Protege a las propinas como un ingreso adicional y el pago de un salario semanal que no podr\u00e1 ser menor al salario m\u00ednimo, as\u00ed como las prestaciones sociales como vacaciones pagadas, prima vacacional, pago de d\u00edas de descanso, acceso obligatorio a la seguridad social, seguro de riesgos de trabajo, y aguinaldo.<\/p>\n\n\n\n<p class=\"wp-block-paragraph\">La iniciativa de Movimiento Ciudadano propone a\u00f1adir el Cap\u00edtulo Sexto Bis a la Ley Federal de Trabajo denominado \u201cDe las personas trabajadoras de plataformas digitales de transporte y reparto\u201d. La iniciativa se turn\u00f3 a Comisiones Unidas de Trabajo y Previsi\u00f3n Social y de Estudios Legislativos Segunda.<\/p>\n\n\n\n<h2 class=\"wp-block-heading\"><strong>Iniciativa para conservar derecho a pensi\u00f3n de trabajadores\/as dados de baja del IMSS<\/strong><\/h2>\n\n\n\n<p class=\"wp-block-paragraph\">Una iniciativa para que las personas trabajadoras conserven su derecho a una pensi\u00f3n por cesant\u00eda o vejez aun cuando est\u00e9n dados de baja del r\u00e9gimen obligatorio del Instituto Mexicano del Seguro Social (IMSS), pero cumplan con la edad y el n\u00famero de semanas cotizadas correspondientes, fue presentada por la senadora de Movimiento Ciudadano, Gloria N\u00fa\u00f1ez S\u00e1nchez.<\/p>\n\n\n\n<p class=\"wp-block-paragraph\">La legisladora por Nayarit en la sesi\u00f3n del martes en la C\u00e1mara de Senadores, explic\u00f3 que actualmente los derechos de pensi\u00f3n por cesant\u00eda o vejez quedan suspendidos cuando un asegurado\/a o trabajador\/a ha dejado de cotizar por m\u00e1s de seis a\u00f1os en el r\u00e9gimen obligatorio del Seguro Social, por lo que si quiere recuperar el tiempo cubierto por sus cotizaciones anteriores debe reingresar al r\u00e9gimen y cotizar durante un a\u00f1o.&nbsp;&nbsp;<\/p>\n\n\n\n<p class=\"wp-block-paragraph\">Consider\u00f3 la legisladora que la clase trabajadora del pa\u00eds, que despu\u00e9s de muchos a\u00f1os de trabajo aspira a un r\u00e9gimen de pensi\u00f3n que les permita llevar con dignidad su vejez, y no debe ser objeto de limitaciones legales como las que actualmente imponen los art\u00edculos 150 y 151 de la Ley del Seguro Social.<\/p>\n\n\n\n<p class=\"wp-block-paragraph\">Esta legislaci\u00f3n viola los derechos de seguridad social de las personas, particularmente lo dispuesto en el art\u00edculo 1 Constitucional por el que se garantizan todos los derechos humanos reconocidos por la Constituci\u00f3n y los tratados internacionales, mismos que no podr\u00e1n ser restringidos ni suspendidos salvo en los casos y condiciones que la propia Constituci\u00f3n Federal establece.&nbsp;<\/p>\n\n\n\n<p class=\"wp-block-paragraph\">En la iniciativa, la senadora, plantea que el derecho a acceder a la pensi\u00f3n se reconozca si la persona trabajadora ya alcanz\u00f3 la edad y las semanas cotizadas requeridas aun cuando ya no pertenezca al r\u00e9gimen obligatorio del IMSS. Propone que si la persona reingresa al Seguro Social, se le reconozcan de inmediato sus semanas de cotizaci\u00f3n anteriores sin importar el tiempo en el cual dej\u00f3 de cotizar.<\/p>\n\n\n\n<p class=\"wp-block-paragraph\">Puntualiz\u00f3 que \u201cesto beneficia a aquellas y aquellos adultos mayores que por sus propias circunstancias se ven imposibilitados para conseguir un empleo formal que les permita cotizar al Seguro Social por un per\u00edodo m\u00ednimo de un a\u00f1o\u201d, detall\u00f3 la legisladora.&nbsp;<\/p>\n\n\n\n<p class=\"wp-block-paragraph\">Esta iniciativa tambi\u00e9n permitir\u00eda a los c\u00f3nyuges acceder a una pensi\u00f3n por viudez en los casos en los que fallezca una persona trabajadora que ya cumpl\u00eda con los requisitos de edad y semanas cotizadas.<\/p>\n\n\n\n<p class=\"wp-block-paragraph\">La iniciativa de la senadora Gloria N\u00fa\u00f1ez, que propone reformar los art\u00edculos 150 y 151 de la Ley del Seguro Social, fue turnada a las comisiones de Seguridad Social y de Estudios Legislativos del Senado de la Rep\u00fablica.&nbsp;<\/p>\n\n\n\n<p class=\"wp-block-paragraph\">SEM\/MG<\/p>\n","protected":false},"excerpt":{"rendered":"<p>Se estima en 32 millones las trabajadoras y trabajadores de plataformas digitales y aplicaciones.<\/p>\n","protected":false},"author":3,"featured_media":59953,"comment_status":"open","ping_status":"open","sticky":false,"template":"","format":"standard","meta":{"_monsterinsights_skip_tracking":false,"footnotes":""},"categories":[693,50],"tags":[],"class_list":["post-59952","post","type-post","status-publish","format-standard","has-post-thumbnail","category-693","category-congreso"],"_links":{"self":[{"href":"https:\/\/redsemlac.com\/semmexico\/wp-json\/wp\/v2\/posts\/59952","targetHints":{"allow":["GET"]}}],"collection":[{"href":"https:\/\/redsemlac.com\/semmexico\/wp-json\/wp\/v2\/posts"}],"about":[{"href":"https:\/\/redsemlac.com\/semmexico\/wp-json\/wp\/v2\/types\/post"}],"author":[{"embeddable":true,"href":"https:\/\/redsemlac.com\/semmexico\/wp-json\/wp\/v2\/users\/3"}],"replies":[{"embeddable":true,"href":"https:\/\/redsemlac.com\/semmexico\/wp-json\/wp\/v2\/comments?post=59952"}],"version-history":[{"count":0,"href":"https:\/\/redsemlac.com\/semmexico\/wp-json\/wp\/v2\/posts\/59952\/revisions"}],"wp:featuredmedia":[{"embeddable":true,"href":"https:\/\/redsemlac.com\/semmexico\/wp-json\/wp\/v2\/media\/59953"}],"wp:attachment":[{"href":"https:\/\/redsemlac.com\/semmexico\/wp-json\/wp\/v2\/media?parent=59952"}],"wp:term":[{"taxonomy":"category","embeddable":true,"href":"https:\/\/redsemlac.com\/semmexico\/wp-json\/wp\/v2\/categories?post=59952"},{"taxonomy":"post_tag","embeddable":true,"href":"https:\/\/redsemlac.com\/semmexico\/wp-json\/wp\/v2\/tags?post=59952"}],"curies":[{"name":"wp","href":"https:\/\/api.w.org\/{rel}","templated":true}]}}