{"id":59948,"date":"2022-11-30T14:51:15","date_gmt":"2022-11-30T20:51:15","guid":{"rendered":"https:\/\/redsemlac.com\/semmexico\/?p=59948"},"modified":"2023-07-21T19:23:29","modified_gmt":"2023-07-22T00:23:29","slug":"alejandro-murat-incumple-recomendacion-de-cndh-de-pedir-disculpa-publica-a-maria-elena-rios-victima-de-ataque-con-acido","status":"publish","type":"post","link":"https:\/\/redsemlac.com\/semmexico\/alejandro-murat-incumple-recomendacion-de-cndh-de-pedir-disculpa-publica-a-maria-elena-rios-victima-de-ataque-con-acido\/","title":{"rendered":"Alejandro Murat incumple recomendaci\u00f3n de CNDH de pedir disculpa p\u00fablica a Mar\u00eda Elena R\u00edos, v\u00edctima de ataque con \u00e1cido"},"content":{"rendered":"\n<ul class=\"wp-block-list\"><li><strong>El gobernador de Oaxaca ser\u00e1 denunciado ante la FGR por violencia econ\u00f3mica, institucional y de g\u00e9nero.<\/strong><\/li><\/ul>\n\n\n\n<p class=\"wp-block-paragraph\"><strong>Micaela M\u00e1rquez<\/strong><\/p>\n\n\n\n<p class=\"wp-block-paragraph\">SemM\u00e9xico, Ciudad de M\u00e9xico, 30 de noviembre del 2022.- La saxofonista Mar\u00eda Elena R\u00edos, v\u00edctima de ataque con \u00e1cido, presentara una denuncia ante la Fiscal\u00eda General de la Rep\u00fablica contra Alejandro Murat, gobernador de Oaxaca por violencia econ\u00f3mica, institucional y de g\u00e9nero ejercida en su contra.<\/p>\n\n\n\n<p class=\"wp-block-paragraph\">En conferencia de prensa, ayer 29 de noviembre, a un d\u00eda que deje el gobierno Alejandro Murat, la saxofonista denunci\u00f3 nuevamente que el gobernador dejo de pagar sus medicamentos entre otras medidas en su contra, cuando exhibi\u00f3 a Ivette Mor\u00e1n por plagio de textiles, exhibi\u00f3 los feminicidios en la entidad y exigi\u00f3 que detenga a su agresor.<\/p>\n\n\n\n<p class=\"wp-block-paragraph\">A tres a\u00f1os de cuando fue atacada con \u00e1cido sulf\u00farico, por lo que sufri\u00f3 graves quemaduras en cara y cuerpo por Juan Antonio \u201cN\u201d hijo del presunto autor intelectual Juan Vera Carrizal, exdiputado del PRI.<\/p>\n\n\n\n<p class=\"wp-block-paragraph\">Por recomendaci\u00f3n de la Comisi\u00f3n Nacional de los Derechos Humanos (CNDH), Alejandro Murat program\u00f3 una disculpa p\u00fablica a la saxofonista para el 28 de noviembre con la condici\u00f3n de que estuviera presente la titular del organismo, Rosario Piedra Ibarra, lo cual incumpli\u00f3.&nbsp; &nbsp;&nbsp;&nbsp;&nbsp;<\/p>\n\n\n\n<p class=\"wp-block-paragraph\">La abogada de la saxofonista, Diana Cristal Gonz\u00e1lez, calific\u00f3 de imperdonable que el gobernador Alejandro Murat no cumpliera con la disculpa p\u00fablica producto de una recomendaci\u00f3n de la CNDH.<\/p>\n\n\n\n<p class=\"wp-block-paragraph\">Tambi\u00e9n acus\u00f3 que a pesar del intento de feminicidio a Mar\u00eda Elena R\u00edos, la Fiscal\u00eda General de la Rep\u00fablica no atraiga el caso, cuando cumple con todos los requisitos.<\/p>\n\n\n\n<p class=\"wp-block-paragraph\">Mar\u00eda Elena R\u00edos se\u00f1al\u00f3 que el gobierno de Alejandro Murat le ha negado y condicionado los tratamientos, por lo que le debe 150 mil pesos que ella ha tenido que mendigar y pagar con tarjetas de cr\u00e9dito, por lo que actualmente est\u00e1 endeudada, porque se le niega todo.<\/p>\n\n\n\n<p class=\"wp-block-paragraph\">Tambi\u00e9n acus\u00f3 a Alejandro Murat de no haber nacido en Oaxaca, y proteger a su agresor. \u201cNunca le importo Oaxaca solo robo junto con su esposa los recursos p\u00fablicos\u201d.&nbsp;<\/p>\n\n\n\n<p class=\"wp-block-paragraph\">En su mensaje, la saxofonista tambi\u00e9n lanz\u00f3 un mensaje para alentar a otras mujeres a que griten por justicia, incluso mencion\u00f3 que a pesar de la violencia institucional \u201cest\u00e1 ah\u00ed\u201d luchando por justicia y dando la cara. Aunque admiti\u00f3 que a\u00fan siente verg\u00fcenza por las cicatrices de su rostro, llam\u00f3 a otras v\u00edctimas a \u201cno odiar su cuerpo m\u00e1s de lo que ya lo incitan los medios de comunicaci\u00f3n\u201d.<\/p>\n\n\n\n<p class=\"wp-block-paragraph\">Hace unos meses, Elena R\u00edos denunci\u00f3 medidas en su contra por visibilizar feminicidios y plagio en Oaxaca por parte de Ivette Mor\u00e1n -esposa de Murat- adem\u00e1s de que ya hab\u00eda se\u00f1alado que carec\u00eda de los medicamentos necesarios para sus tratamientos. En esa ocasi\u00f3n refiri\u00f3 que dos abogadas del gobernador le avisaron que los tratamientos dermatol\u00f3gicos y quir\u00fargicos a los que tiene derecho quedaban terminados.<\/p>\n\n\n\n<p class=\"wp-block-paragraph\">Hace tres a\u00f1os, un par de hombres le arrojaron una sustancia corrosiva que penetr\u00f3 en su piel, por lo que su cara, cuello, brazos y piernas se vieron lesionados con quemaduras de segundo grado a consecuencia del \u00e1cido. Por la magnitud de la agresi\u00f3n Mar\u00eda Elena permaneci\u00f3 mas de tres meses hospitalizada en recuperaci\u00f3n, mientras sus agresores andaban libres, no hubo detenciones.<\/p>\n\n\n\n<p class=\"wp-block-paragraph\">SEM\/MG<\/p>\n","protected":false},"excerpt":{"rendered":"<p>El gobernador de Oaxaca ser\u00e1 denunciado ante la FGR por violencia econ\u00f3mica, institucional y de g\u00e9nero.<\/p>\n","protected":false},"author":3,"featured_media":59949,"comment_status":"open","ping_status":"open","sticky":false,"template":"","format":"standard","meta":{"_monsterinsights_skip_tracking":false,"footnotes":""},"categories":[693,54],"tags":[],"class_list":["post-59948","post","type-post","status-publish","format-standard","has-post-thumbnail","category-693","category-mujeres"],"_links":{"self":[{"href":"https:\/\/redsemlac.com\/semmexico\/wp-json\/wp\/v2\/posts\/59948","targetHints":{"allow":["GET"]}}],"collection":[{"href":"https:\/\/redsemlac.com\/semmexico\/wp-json\/wp\/v2\/posts"}],"about":[{"href":"https:\/\/redsemlac.com\/semmexico\/wp-json\/wp\/v2\/types\/post"}],"author":[{"embeddable":true,"href":"https:\/\/redsemlac.com\/semmexico\/wp-json\/wp\/v2\/users\/3"}],"replies":[{"embeddable":true,"href":"https:\/\/redsemlac.com\/semmexico\/wp-json\/wp\/v2\/comments?post=59948"}],"version-history":[{"count":0,"href":"https:\/\/redsemlac.com\/semmexico\/wp-json\/wp\/v2\/posts\/59948\/revisions"}],"wp:featuredmedia":[{"embeddable":true,"href":"https:\/\/redsemlac.com\/semmexico\/wp-json\/wp\/v2\/media\/59949"}],"wp:attachment":[{"href":"https:\/\/redsemlac.com\/semmexico\/wp-json\/wp\/v2\/media?parent=59948"}],"wp:term":[{"taxonomy":"category","embeddable":true,"href":"https:\/\/redsemlac.com\/semmexico\/wp-json\/wp\/v2\/categories?post=59948"},{"taxonomy":"post_tag","embeddable":true,"href":"https:\/\/redsemlac.com\/semmexico\/wp-json\/wp\/v2\/tags?post=59948"}],"curies":[{"name":"wp","href":"https:\/\/api.w.org\/{rel}","templated":true}]}}