{"id":59915,"date":"2022-11-30T09:24:13","date_gmt":"2022-11-30T15:24:13","guid":{"rendered":"https:\/\/redsemlac.com\/semmexico\/?p=59915"},"modified":"2023-07-21T19:23:30","modified_gmt":"2023-07-22T00:23:30","slug":"nina-tzeltal-victima-de-trata-fue-localizada-y-rescatada-en-nueva-york","status":"publish","type":"post","link":"https:\/\/redsemlac.com\/semmexico\/nina-tzeltal-victima-de-trata-fue-localizada-y-rescatada-en-nueva-york\/","title":{"rendered":"Ni\u00f1a tzeltal, v\u00edctima de trata fue localizada y rescatada en Nueva York"},"content":{"rendered":"\n<ul class=\"wp-block-list\"><li><strong>En coordinaci\u00f3n con el consulado de M\u00e9xico de aquella ciudad, este martes se realiz\u00f3 el traslado de la ni\u00f1a chiapaneca en un vuelo comercial de Estados Unidos a la Ciudad de M\u00e9xico.<\/strong><strong><\/strong><\/li><\/ul>\n\n\n\n<p class=\"wp-block-paragraph\"><strong>Gabriela Couti\u00f1o<\/strong><\/p>\n\n\n\n<p class=\"wp-block-paragraph\">SemM\u00e9xico, Tuxtla Guti\u00e9rrez, Chiapas, 30 de noviembre del 2022.- Una menor de edad, de origen tzeltal, originaria de Chiapas, v\u00edctima de trata de personas, fue localizada, rescatada y resguardada provisionalmente en Nueva York, Estados Unidos, para su traslado a M\u00e9xico y entrega posterior a sus familiares en Tuxtla Guti\u00e9rrez, inform\u00f3 la Fiscal\u00eda General del Estado (FGE).<\/p>\n\n\n\n<p class=\"wp-block-paragraph\">La&nbsp; Fiscal\u00eda Contra la Trata de Personas, indic\u00f3 en un comunicado, que realiz\u00f3 indagatorias para localizar a la adolescente de identidad protegida con las iniciales E.D.G., derivado de una denuncia que la situaban como&nbsp; v\u00edctima de trata de personas.<\/p>\n\n\n\n<p class=\"wp-block-paragraph\">Fue as\u00ed como se consigui\u00f3 la ubicaci\u00f3n de la menor de edad en Nueva York, y se solicit\u00f3 la colaboraci\u00f3n de las corporaciones polic\u00edacas de aquella ciudad.<\/p>\n\n\n\n<p class=\"wp-block-paragraph\">La ni\u00f1a tzeltal fue resguardada de manera provisional por NYC Children, dependencia que otorga protecci\u00f3n a menores de edad en Nueva York.<\/p>\n\n\n\n<p class=\"wp-block-paragraph\">En coordinaci\u00f3n con el consulado de M\u00e9xico de aquella ciudad, este martes se realiz\u00f3 el traslado de la ni\u00f1a chiapaneca en un vuelo comercial de Estados Unidos a la Ciudad de M\u00e9xico, para entregarla a sus padres en&nbsp; Tuxtla Guti\u00e9rrez.<\/p>\n\n\n\n<p class=\"wp-block-paragraph\">A su llegada al pa\u00eds, la ni\u00f1a fue recibida por personal de la Fiscal\u00eda contra la Trata de Personas, dependiente de&nbsp; la Fiscal\u00eda General de Chiapas.<\/p>\n\n\n\n<p class=\"wp-block-paragraph\">Para realizar esos trabajos, puntualiz\u00f3 la autoridad ministerial, se tuvo la colaboraci\u00f3n y el acompa\u00f1amiento de Emilia Aguilera Espinosa, empleada consular en Nueva York, de Marie Saint Amour, supervisora en Protecci\u00f3n de Ni\u00f1os de Nueva York, y de Victoria Meza Gonz\u00e1lez, especialista en protecci\u00f3n de ni\u00f1os en Estados Unidos.<\/p>\n\n\n\n<p class=\"wp-block-paragraph\">SEM\/MG<\/p>\n","protected":false},"excerpt":{"rendered":"<p>En coordinaci\u00f3n con el consulado de M\u00e9xico de aquella ciudad, este martes se realiz\u00f3 el traslado de la ni\u00f1a chiapaneca en un vuelo comercial de Estados Unidos a la Ciudad de M\u00e9xico.<\/p>\n","protected":false},"author":3,"featured_media":59916,"comment_status":"open","ping_status":"open","sticky":false,"template":"","format":"standard","meta":{"_monsterinsights_skip_tracking":false,"footnotes":""},"categories":[693,54],"tags":[],"class_list":["post-59915","post","type-post","status-publish","format-standard","has-post-thumbnail","category-693","category-mujeres"],"_links":{"self":[{"href":"https:\/\/redsemlac.com\/semmexico\/wp-json\/wp\/v2\/posts\/59915","targetHints":{"allow":["GET"]}}],"collection":[{"href":"https:\/\/redsemlac.com\/semmexico\/wp-json\/wp\/v2\/posts"}],"about":[{"href":"https:\/\/redsemlac.com\/semmexico\/wp-json\/wp\/v2\/types\/post"}],"author":[{"embeddable":true,"href":"https:\/\/redsemlac.com\/semmexico\/wp-json\/wp\/v2\/users\/3"}],"replies":[{"embeddable":true,"href":"https:\/\/redsemlac.com\/semmexico\/wp-json\/wp\/v2\/comments?post=59915"}],"version-history":[{"count":0,"href":"https:\/\/redsemlac.com\/semmexico\/wp-json\/wp\/v2\/posts\/59915\/revisions"}],"wp:featuredmedia":[{"embeddable":true,"href":"https:\/\/redsemlac.com\/semmexico\/wp-json\/wp\/v2\/media\/59916"}],"wp:attachment":[{"href":"https:\/\/redsemlac.com\/semmexico\/wp-json\/wp\/v2\/media?parent=59915"}],"wp:term":[{"taxonomy":"category","embeddable":true,"href":"https:\/\/redsemlac.com\/semmexico\/wp-json\/wp\/v2\/categories?post=59915"},{"taxonomy":"post_tag","embeddable":true,"href":"https:\/\/redsemlac.com\/semmexico\/wp-json\/wp\/v2\/tags?post=59915"}],"curies":[{"name":"wp","href":"https:\/\/api.w.org\/{rel}","templated":true}]}}