{"id":59887,"date":"2022-11-29T13:57:04","date_gmt":"2022-11-29T19:57:04","guid":{"rendered":"https:\/\/redsemlac.com\/semmexico\/?p=59887"},"modified":"2023-07-21T19:23:31","modified_gmt":"2023-07-22T00:23:31","slug":"se-le-salio-la-misoginia-al-municipe-de-etla-teeo-sentencia-que-hubo-vprg","status":"publish","type":"post","link":"https:\/\/redsemlac.com\/semmexico\/se-le-salio-la-misoginia-al-municipe-de-etla-teeo-sentencia-que-hubo-vprg\/","title":{"rendered":"Se le sali\u00f3 la misoginia al mun\u00edcipe de Etla, TEEO sentencia que hubo VPRG"},"content":{"rendered":"\n<ul class=\"wp-block-list\"><li><strong>Regidora de Obras P\u00fablicas deber\u00e1 ocupar su cargo sin ser discriminada.<\/strong><\/li><li><strong>Por ser mujer no es apta para desempe\u00f1ar el trabajo, dijeron y la relegaron.<\/strong><\/li><\/ul>\n\n\n\n<p class=\"wp-block-paragraph\"><strong>Soledad Jarqu\u00edn Edgar<\/strong><\/p>\n\n\n\n<p class=\"wp-block-paragraph\">SemM\u00e9xico, Oaxaca, 29 de noviembre del 2022.- Por relegar de sus funciones por ser mujer y no tener capacidad para desempe\u00f1ar las funciones de regidora de Obras P\u00fablicas y Desarrollo Urbano, el Tribunal Estatal Electoral de Oaxaca, TEEO, emiti\u00f3 una sentencia por violencia pol\u00edtica en raz\u00f3n de g\u00e9nero, VPRG, que el presidente municipal de la Villa de Etla, Miguel \u00c1ngel Mart\u00ednez Merl\u00edn, tendr\u00e1 que resolver en los pr\u00f3ximos 10 d\u00edas.<\/p>\n\n\n\n<p class=\"wp-block-paragraph\">As\u00ed lo anunci\u00f3 la regidora de Obras P\u00fablicas, Cinthya Hern\u00e1ndez Bautista, en conferencia de prensa a las afueras del edificio que ocupa el TEEO, donde ley\u00f3 los 12 puntos que contiene la sentencia de acuerdo al expediente por Juicio para la Protecci\u00f3n de los Derechos Pol\u00edtico Electorales del Ciudadano JDC\/742\/2022 y cuya resoluci\u00f3n alcanza al mun\u00edcipe as\u00ed como a la S\u00edndica Municipal, Secretaria Municipal, Directora de Obras P\u00fablicas, Director T\u00e9cnico de Planeaci\u00f3n y Supervisi\u00f3n de Obras y el Subdirector de Obras y Asesor T\u00e9cnico Municipal, todos funcionarios de la Villa de Etla, poblaci\u00f3n ubicada a 19 kil\u00f3metros de la capital oaxaque\u00f1a.<\/p>\n\n\n\n<p class=\"wp-block-paragraph\">Cinthya Hern\u00e1ndez Bautista de 33 a\u00f1os, fue electa regidora de Obras P\u00fablicas y Desarrollo Urbano, la cuarta posici\u00f3n en la planilla que encabez\u00f3 el actual presidente municipal por el partido Morena en el proceso electoral 2020-2021, sin embargo, al asumir el cargo no la han dejado desempe\u00f1ar su cargo.<\/p>\n\n\n\n<p class=\"wp-block-paragraph\">\u201cSe me ha negado el ejercicio de las funciones. Hay una regidur\u00eda de facto desempe\u00f1ada por el director t\u00e9cnico de Planeaci\u00f3n de quien he recibido una serie de descalificaciones por ser mujer\u201d, explica Hern\u00e1ndez Bautista quien se\u00f1ala que \u201cel dicho del presidente, de la s\u00edndica y del director t\u00e9cnico \u201ccomo mujeres no tenemos la capacidad de desempe\u00f1ar el cargo de Regidora de Obras P\u00fablicas\u201d. Esto por ser un espacio en la funci\u00f3n p\u00fablica otorgado a los hombres tradicionalmente.<\/p>\n\n\n\n<p class=\"wp-block-paragraph\">Cinthya Hern\u00e1ndez Bautista dijo que hace 10 a\u00f1os, en el gobierno municipal, pon\u00edan a mujeres al frente de ciertas \u00e1reas y despu\u00e9s las quitaban para que hombres desempe\u00f1aban esos cargos. Ahora quisieran hacer lo mismo, me hacen a un lado, no toman en cuenta mis opiniones o solicitudes de informaci\u00f3n, como la presentada para conocer respecto al uso de los recursos destinados a la obra p\u00fablica del municipio.<\/p>\n\n\n\n<p class=\"wp-block-paragraph\">A esa condici\u00f3n de discriminaci\u00f3n, la investigadora Social en \u00e1reas de Ciencias Sociales y Desarrollo Regional, se\u00f1ala se agrega otra condici\u00f3n, ya que, por no ser arquitecta o ingeniera, tambi\u00e9n se le descalifica y cuestiona su capacidad.<\/p>\n\n\n\n<p class=\"wp-block-paragraph\">La regidora de Obras P\u00fablicas de la Villa de Etla expuso que denunci\u00f3 la actuaci\u00f3n del mun\u00edcipe y otros funcionarios p\u00fablicos porque se han realizado una serie de acciones que van en detrimento y en contra de nuestro municipio, del bienestar de la poblaci\u00f3n que deben conocer lo que est\u00e1 pasando como resultado de que no est\u00e1 funcionando adecuadamente el \u00e1rea de Obras P\u00fablicas.<\/p>\n\n\n\n<p class=\"wp-block-paragraph\">Hern\u00e1ndez Bautista dijo que trat\u00f3 de agotar todas las v\u00edas de di\u00e1logo con el presidente municipal y de la s\u00edndica, quienes hicieron caso omiso, \u201cahora pienso que la sentencia emitida por el TEEO es una muestra de que existe la violencia pol\u00edtica en raz\u00f3n de g\u00e9nero en mi contra quienes no me han permitido ejercer el cargo desde el 1 de enero pasado cuando se inici\u00f3 la administraci\u00f3n\u201d.<\/p>\n\n\n\n<h2 class=\"wp-block-heading\"><strong>La sentencia del TEEO<\/strong><\/h2>\n\n\n\n<p class=\"wp-block-paragraph\">La sentencia emitida por el TEEO se\u00f1ala que el presidente municipal de la Villa de Etla deber\u00e1 informar a la regidora de Obras P\u00fablicas de Desarrollo Urbano de las sesiones de Cabildo. Que la Secretar\u00eda Municipal responda a las peticiones hechas por la regidora Cinthya Hern\u00e1ndez Bautista. As\u00ed como a los otros actores mencionados en la sentencia y quienes deber\u00e1n dar respuesta en un plazo de 10 d\u00edas.<\/p>\n\n\n\n<p class=\"wp-block-paragraph\">El TEEO tambi\u00e9n ordena que al quedar configurada la existencia de la Violencia Pol\u00edtica en Raz\u00f3n de G\u00e9nero en contra de Hern\u00e1ndez Bautista, se les ordena \u201cpor s\u00ed o por interp\u00f3sita persona a abstenerse de realizar acciones u omisiones que de manera directa o indirecta tengan objeto o resultado, intimidad, molestar o causar da\u00f1o, perjuicio u obstaculizar a la actora\u201d.<\/p>\n\n\n\n<p class=\"wp-block-paragraph\">Se le permite a la regidora la posibilidad de poner una terna para que desempe\u00f1e el cargo de Auxiliar de Obras, que deber\u00e1 contratar en los siguientes 10 d\u00edas el presidente municipal Miguel \u00c1ngel Mart\u00ednez Merl\u00edn, mientras que los directores, subdirectores y asesor t\u00e9cnico informen de su actuar a la regidora de Obras P\u00fablicas, ya que son \u00e1reas subordinadas a esa regidur\u00eda.<\/p>\n\n\n\n<p class=\"wp-block-paragraph\">Asimismo, deber\u00e1n ofrecerle una disculpa p\u00fablica, deber\u00e1n ser capacitados los funcionarios de ese Ayuntamiento y los responsables ser\u00e1n integrados al Registro de Personas que Cometieron Violencia Pol\u00edtica en Raz\u00f3n de G\u00e9nero por un periodo de 16 meses, para lo cual vincula al INE y al IEEPCO. Mientras que la regidora Hern\u00e1ndez Bautista ser\u00e1 integrada por la Secretar\u00eda de Gobierno en el Registro Estatal de V\u00edctimas, entre otras medidas.<\/p>\n\n\n\n<p class=\"wp-block-paragraph\">SEM\/sj\/MG<\/p>\n","protected":false},"excerpt":{"rendered":"<p>Regidora de Obras P\u00fablicas deber\u00e1 ocupar su cargo sin ser discriminada.<\/p>\n","protected":false},"author":3,"featured_media":59889,"comment_status":"open","ping_status":"open","sticky":false,"template":"","format":"standard","meta":{"_monsterinsights_skip_tracking":false,"footnotes":""},"categories":[693,47,48],"tags":[146,142],"class_list":["post-59887","post","type-post","status-publish","format-standard","has-post-thumbnail","category-693","category-no-mas-impunidad","category-no-mas-impunidad-no-mas-impunidad","tag-oaxaca","tag-violencia"],"_links":{"self":[{"href":"https:\/\/redsemlac.com\/semmexico\/wp-json\/wp\/v2\/posts\/59887","targetHints":{"allow":["GET"]}}],"collection":[{"href":"https:\/\/redsemlac.com\/semmexico\/wp-json\/wp\/v2\/posts"}],"about":[{"href":"https:\/\/redsemlac.com\/semmexico\/wp-json\/wp\/v2\/types\/post"}],"author":[{"embeddable":true,"href":"https:\/\/redsemlac.com\/semmexico\/wp-json\/wp\/v2\/users\/3"}],"replies":[{"embeddable":true,"href":"https:\/\/redsemlac.com\/semmexico\/wp-json\/wp\/v2\/comments?post=59887"}],"version-history":[{"count":0,"href":"https:\/\/redsemlac.com\/semmexico\/wp-json\/wp\/v2\/posts\/59887\/revisions"}],"wp:featuredmedia":[{"embeddable":true,"href":"https:\/\/redsemlac.com\/semmexico\/wp-json\/wp\/v2\/media\/59889"}],"wp:attachment":[{"href":"https:\/\/redsemlac.com\/semmexico\/wp-json\/wp\/v2\/media?parent=59887"}],"wp:term":[{"taxonomy":"category","embeddable":true,"href":"https:\/\/redsemlac.com\/semmexico\/wp-json\/wp\/v2\/categories?post=59887"},{"taxonomy":"post_tag","embeddable":true,"href":"https:\/\/redsemlac.com\/semmexico\/wp-json\/wp\/v2\/tags?post=59887"}],"curies":[{"name":"wp","href":"https:\/\/api.w.org\/{rel}","templated":true}]}}