{"id":59872,"date":"2022-11-29T10:36:41","date_gmt":"2022-11-29T16:36:41","guid":{"rendered":"https:\/\/redsemlac.com\/semmexico\/?p=59872"},"modified":"2023-07-21T19:23:32","modified_gmt":"2023-07-22T00:23:32","slug":"no-podemos-seguirle-dando-tantas-actividades-al-ejercito-xochitl-galvez","status":"publish","type":"post","link":"https:\/\/redsemlac.com\/semmexico\/no-podemos-seguirle-dando-tantas-actividades-al-ejercito-xochitl-galvez\/","title":{"rendered":"\u00abNo podemos seguirle dando tantas actividades al Ej\u00e9rcito\u00bb: X\u00f3chitl G\u00e1lvez"},"content":{"rendered":"\n<ul class=\"wp-block-list\"><li><strong>X\u00f3chitl G\u00e1lvez, Patricia Armend\u00e1riz, Margarita Zavala en el panel \u201cMujeres al poder: el rumbo de M\u00e9xico\u201d en la FIL.<\/strong><strong><\/strong><\/li><\/ul>\n\n\n\n<p class=\"wp-block-paragraph\"><strong>Analy Nu\u00f1o<\/strong><\/p>\n\n\n\n<p class=\"wp-block-paragraph\">SemM\u00e9xico, Guadalajara, Jalisco, 29 de noviembre del 2022.- El rechazo a la militarizaci\u00f3n y la cr\u00edtica a las pol\u00edticas p\u00fablicas federales marcaron el panel \u201cMujeres al poder: el rumbo de M\u00e9xico\u201d, que se realiz\u00f3 en el marco de la Feria Internacional del Libro en Guadalajara.<\/p>\n\n\n\n<p class=\"wp-block-paragraph\">Durante el segundo foro del panel, la senadora X\u00f3chitl G\u00e1lvez fue enf\u00e1tica al manifestar su descontento con la militarizaci\u00f3n, este tema lo aprovecho para llamar a apostarle al estado de derecho y mandar un mensaje a las y los pol\u00edticos.<\/p>\n\n\n\n<p class=\"wp-block-paragraph\">\u00abLe digo una cosa a la clase pol\u00edtica, los que tengan la cola sucia v\u00e1yanse a su casa, porque aqu\u00ed tenemos un pa\u00eds que defender, y ese pa\u00eds lo tenemos que defender porque no estoy de acuerdo con la militarizaci\u00f3n de la pol\u00edtica porque no es la militarizaci\u00f3n del pa\u00eds, es la militarizaci\u00f3n de las decisiones en la pol\u00edtica. No podemos seguirle dando tantas actividades al Ej\u00e9rcito\u00bb, dijo.<\/p>\n\n\n\n<p class=\"wp-block-paragraph\">Los aplausos que interrumpieron la participaci\u00f3n de la senadora contrastaron con los abucheos que recibi\u00f3 por un momento la diputada federal Patricia Armend\u00e1riz, tras asegurar que el presidente Andr\u00e9s Manuel L\u00f3pez Obrador \u00abes el m\u00e1s liberal de toda la historia\u00bb.<\/p>\n\n\n\n<p class=\"wp-block-paragraph\">La legisladora Margarita Zavala justific\u00f3 los abucheos se\u00f1alando que son resultado de \u00ablos riesgos de polarizar al pa\u00eds\u00bb.<\/p>\n\n\n\n<p class=\"wp-block-paragraph\">Respecto a los apoyos econ\u00f3micos, las panelistas tuvieron opiniones encontradas pues mientras Margarita Zavala, manifest\u00f3 su rechazo a estos apoyos, la legisladora Patricia Armend\u00e1riz y la senadora X\u00f3chitl G\u00e1lvez insistieron en la importancia de continuar otorgado el apoyo de la mano de otros mecanismos que permitan que las beneficiadas y beneficiarios tengan alternativas eficaces para mejorar su calidad de vida independientemente de que reciban o no apoyo econ\u00f3mico.<\/p>\n\n\n\n<p class=\"wp-block-paragraph\">SEM\/MG<\/p>\n","protected":false},"excerpt":{"rendered":"<p>X\u00f3chitl G\u00e1lvez, Patricia Armend\u00e1riz, Margarita Zavala en el panel \u201cMujeres al poder: el rumbo de M\u00e9xico\u201d en la FIL.<\/p>\n","protected":false},"author":3,"featured_media":59873,"comment_status":"open","ping_status":"open","sticky":false,"template":"","format":"standard","meta":{"_monsterinsights_skip_tracking":false,"footnotes":""},"categories":[693,54],"tags":[],"class_list":["post-59872","post","type-post","status-publish","format-standard","has-post-thumbnail","category-693","category-mujeres"],"_links":{"self":[{"href":"https:\/\/redsemlac.com\/semmexico\/wp-json\/wp\/v2\/posts\/59872","targetHints":{"allow":["GET"]}}],"collection":[{"href":"https:\/\/redsemlac.com\/semmexico\/wp-json\/wp\/v2\/posts"}],"about":[{"href":"https:\/\/redsemlac.com\/semmexico\/wp-json\/wp\/v2\/types\/post"}],"author":[{"embeddable":true,"href":"https:\/\/redsemlac.com\/semmexico\/wp-json\/wp\/v2\/users\/3"}],"replies":[{"embeddable":true,"href":"https:\/\/redsemlac.com\/semmexico\/wp-json\/wp\/v2\/comments?post=59872"}],"version-history":[{"count":0,"href":"https:\/\/redsemlac.com\/semmexico\/wp-json\/wp\/v2\/posts\/59872\/revisions"}],"wp:featuredmedia":[{"embeddable":true,"href":"https:\/\/redsemlac.com\/semmexico\/wp-json\/wp\/v2\/media\/59873"}],"wp:attachment":[{"href":"https:\/\/redsemlac.com\/semmexico\/wp-json\/wp\/v2\/media?parent=59872"}],"wp:term":[{"taxonomy":"category","embeddable":true,"href":"https:\/\/redsemlac.com\/semmexico\/wp-json\/wp\/v2\/categories?post=59872"},{"taxonomy":"post_tag","embeddable":true,"href":"https:\/\/redsemlac.com\/semmexico\/wp-json\/wp\/v2\/tags?post=59872"}],"curies":[{"name":"wp","href":"https:\/\/api.w.org\/{rel}","templated":true}]}}