{"id":59848,"date":"2022-11-28T15:42:00","date_gmt":"2022-11-28T21:42:00","guid":{"rendered":"https:\/\/redsemlac.com\/semmexico\/?p=59848"},"modified":"2023-07-21T19:23:33","modified_gmt":"2023-07-22T00:23:33","slug":"despues-de-la-revolucion-que","status":"publish","type":"post","link":"https:\/\/redsemlac.com\/semmexico\/despues-de-la-revolucion-que\/","title":{"rendered":"Despu\u00e9s\u00a0de\u00a0la\u00a0Revoluci\u00f3n\u00a0\u00bfqu\u00e9?"},"content":{"rendered":"\n<h1 class=\"wp-block-heading\">Florencio\u00a0Salazar<\/h1>\n\n\n\n<p class=\"wp-block-paragraph\">Como&nbsp;espejos&nbsp;en&nbsp;la&nbsp;sala&nbsp;\/&nbsp;iluminada&nbsp;\/&nbsp;de&nbsp;la&nbsp;casa&nbsp;sin&nbsp;luz.&nbsp;Juan&nbsp;Antonio&nbsp;Masoliver&nbsp;R\u00f3denas.<\/p>\n\n\n\n<p class=\"wp-block-paragraph\">Hoy la revoluci\u00f3n mexicana es una entelequia. Inici\u00f3 en 1910 con el triunfo de Francisco I. Madero y&nbsp;concluy\u00f3 con la derrota del PRI en el a\u00f1o 2000. Con la estructura de la Constituci\u00f3n de 1917, la&nbsp;cobertura&nbsp;ideol\u00f3gica&nbsp;del&nbsp;nacionalismorevolucionario&nbsp;y&nbsp;su&nbsp;objetivo&nbsp;de&nbsp;alcanzar&nbsp;la&nbsp;democracia,&nbsp;eliminar&nbsp;la&nbsp;reelecci\u00f3n&nbsp;y&nbsp;alcanzar&nbsp;la&nbsp;justicia&nbsp;social&nbsp;dur\u00f3&nbsp;90&nbsp;a\u00f1os.Sus&nbsp;saldos&nbsp;m\u00e1s&nbsp;significativos&nbsp;son&nbsp;la&nbsp;estabilidad&nbsp;pol\u00edtica, el cambio peri\u00f3dico y pac\u00edfico de gobernantes y el ejercicio del poder civil. Fomentar una&nbsp;sociedad urbana con una creciente clase media.<\/p>\n\n\n\n<p class=\"wp-block-paragraph\">En&nbsp;sus&nbsp;haberes&nbsp;tambi\u00e9n&nbsp;contaron&nbsp;la&nbsp;educaci\u00f3n&nbsp;popular,&nbsp;la&nbsp;salud&nbsp;p\u00fablica,&nbsp;el&nbsp;reparto&nbsp;agrario,&nbsp;el&nbsp;respeto&nbsp;al&nbsp;derecho de huelga y su reconocida pol\u00edtica internacional pacifista. Y&nbsp;digo contaron, porque los&nbsp;reconocidos derechos del pueblo fueron menguando en sus resultados. Al mantenerse al ejido como&nbsp;propiedad social se empobreci\u00f3 al campo al grado de envejecer en condiciones de miseria. Las&nbsp;misiones&nbsp;culturales&nbsp;de&nbsp;Jos\u00e9&nbsp;Vasconcelos&nbsp;y&nbsp;el&nbsp;Libro&nbsp;de&nbsp;Texto&nbsp;Gratuito&nbsp;de&nbsp;JaimeTorres&nbsp;Bodet,&nbsp;as\u00ed&nbsp;como&nbsp;la&nbsp;amplia&nbsp;red&nbsp;de&nbsp;instituciones&nbsp;de&nbsp;educaci\u00f3n&nbsp;superior,&nbsp;no&nbsp;han&nbsp;creado&nbsp;una&nbsp;educaci\u00f3n&nbsp;competitiva&nbsp;y,por&nbsp;el&nbsp;contrario, en la mayor\u00eda de los planteles priva la mediocridad. Los servicios de salud son malos, est\u00e1n&nbsp;hacinados,carecen&nbsp;de&nbsp;medicamentos&nbsp;y&nbsp;se&nbsp;deja&nbsp;a&nbsp;la&nbsp;intemperie&nbsp;a&nbsp;las&nbsp;personas&nbsp;de&nbsp;bajos&nbsp;\u2013o&nbsp;sin\u2013&nbsp;ingresos.&nbsp;La pol\u00edtica internacional ha perdido su brillo y se orienta a perder el respeto que hemos tenido como&nbsp;pa\u00eds.<\/p>\n\n\n\n<p class=\"wp-block-paragraph\">La&nbsp;\u00e9pica&nbsp;de&nbsp;la&nbsp;revoluci\u00f3n&nbsp;es&nbsp;desconocida&nbsp;para&nbsp;quienes&nbsp;nacieron&nbsp;en&nbsp;los&nbsp;\u00faltimos&nbsp;50&nbsp;a\u00f1os.&nbsp;La&nbsp;mayor\u00eda&nbsp;de&nbsp;la poblaci\u00f3n ignora quienes son los protagonistas de la historia nacional. Famosos int\u00e9rpretes han&nbsp;causado pena al no conocer siquiera la letra de nuestro himno. Poco sabemos de nuestro pasado,&nbsp;vivimos en un presente cargado de problemas y malos augurios y pensamos en un futuro de corto&nbsp;plazo que nos entretenga y nos haga olvidar nuestra aciaga realidad, como es el campeonato mundial&nbsp;de&nbsp;futbol.<\/p>\n\n\n\n<p class=\"wp-block-paragraph\">Desde que fue declarada la Independencia Nacional (1821), una y otra vez, prevalecen los&nbsp;desencuentros&nbsp;entre&nbsp;losmexicanos.&nbsp;Desde&nbsp;la&nbsp;guerra&nbsp;independentista&nbsp;hasta&nbsp;la&nbsp;fecha&nbsp;vivimos&nbsp;enfrentados&nbsp;con nosotros mismos, incapaces de resolver nuestras diferencias poniendo a salvo el inter\u00e9s nacional.&nbsp;Primero&nbsp;fueron&nbsp;las&nbsp;logias&nbsp;Yorkina&nbsp;y&nbsp;Escocesa,&nbsp;una&nbsp;liberal&nbsp;y&nbsp;la&nbsp;otraconservadora,&nbsp;encabezadas&nbsp;por&nbsp;dos&nbsp;surianos, Vicente Guerrero y Nicol\u00e1s Bravo, respectivamente. Estas logias pugnaron por una&nbsp;Rep\u00fablica federal (yorquinos) o por una centralista (escoceses).<\/p>\n\n\n\n<p class=\"wp-block-paragraph\">Era sin tregua el enfrentamiento entre los&nbsp;federalistas, aconsejados por el embajador de Estados&nbsp;Unidos&nbsp;Joel&nbsp;R.&nbsp;Poinsett,quien&nbsp;ten\u00eda&nbsp;como&nbsp;misi\u00f3n&nbsp;comprar&nbsp;el&nbsp;territorio&nbsp;de&nbsp;Texas;&nbsp;y&nbsp;los&nbsp;centralistas&nbsp;con&nbsp;el apoyo del alto clero y los&nbsp;peninsulares. Despu\u00e9s de los 30 a\u00f1os de anarqu\u00eda bajo el mando de&nbsp;Antonio&nbsp;L\u00f3pez&nbsp;de&nbsp;Santa&nbsp;Ana,&nbsp;fueron&nbsp;incapaces&nbsp;de&nbsp;entender&nbsp;a&nbsp;Jos\u00e9Mar\u00eda&nbsp;Luis&nbsp;Mora,&nbsp;cuya&nbsp;voz&nbsp;a\u00fan&nbsp;no&nbsp;cesa: \u201cLa administraci\u00f3n que suced\u00eda era siempre peor y m\u00e1s ruinosa que la que hab\u00eda precedido, la&nbsp;naci\u00f3n se precipitaba de abismo en abismo\u201d. Los nefastos resultados todav\u00eda no los calibramos.<\/p>\n\n\n\n<p class=\"wp-block-paragraph\">M\u00e9xico ten\u00eda 4 millones de kil\u00f3metros cuadrados y nuestras fronteras estaban en California, Nuevo&nbsp;M\u00e9xico&nbsp;y&nbsp;Texas&nbsp;yterminaban&nbsp;en&nbsp;Colombia.&nbsp;La&nbsp;falta&nbsp;de&nbsp;visi\u00f3n&nbsp;y&nbsp;unidad&nbsp;nacional&nbsp;nos&nbsp;hicieron&nbsp;perder&nbsp;la&nbsp;potencia mundial que pudimos ser. Como fantasmas nos persiguen las graves diferencias del siglo<\/p>\n\n\n\n<p class=\"wp-block-paragraph\">XIX.&nbsp;Parece&nbsp;que&nbsp;los&nbsp;ensayos&nbsp;de&nbsp;Samuel&nbsp;Ramos&nbsp;y&nbsp;Octavio&nbsp;Paz&nbsp;sobre&nbsp;el&nbsp;modo&nbsp;de&nbsp;ser&nbsp;del&nbsp;mexicano&nbsp;son&nbsp;agua sobre las rocas.<\/p>\n\n\n\n<p class=\"wp-block-paragraph\">Recuerdo un cart\u00f3n de Abel Quesada en el peri\u00f3dico Exc\u00e9lsior, de hace unos&nbsp;50 a\u00f1os. Dios crea la&nbsp;tierra y reparte sus bienes a los pueblos. A&nbsp;unos les otorga mares, a otros desiertos, a otros m\u00e1s&nbsp;bosques&nbsp;y&nbsp;desfiladeros,&nbsp;pero&nbsp;a&nbsp;M\u00e9xico&nbsp;le&nbsp;da&nbsp;todo.&nbsp;Unavoz&nbsp;celestial&nbsp;le&nbsp;pregunta&nbsp;si&nbsp;no&nbsp;es&nbsp;injusto.&nbsp;\u201cAhora&nbsp;los&nbsp;emparejo\u201d,&nbsp;contesta&nbsp;el&nbsp;Se\u00f1or.&nbsp;Y&nbsp;de&nbsp;pronto&nbsp;una&nbsp;mano&nbsp;poderosa&nbsp;hacedescender&nbsp;a&nbsp;un&nbsp;charrito&nbsp;bigot\u00f3n&nbsp;con cara de asombro.<\/p>\n\n\n\n<p class=\"wp-block-paragraph\">Seguimos sin aprender. La actual polarizaci\u00f3n puede devenir en una desgracia nacional. Cuando los&nbsp;extremos&nbsp;se&nbsp;enfrentan&nbsp;seacaba&nbsp;el&nbsp;espacio&nbsp;de&nbsp;amortiguaci\u00f3n&nbsp;de&nbsp;los&nbsp;conflictos.&nbsp;Cuando&nbsp;hay&nbsp;m\u00e1s&nbsp;pasi\u00f3n&nbsp;que entendimiento cualquier cosa puede pasar. En ese escenario los fan\u00e1ticos de uno y otro lado&nbsp;pueden aparecer. El presidente Andr\u00e9s Manuel L\u00f3pez Obrador jur\u00f3 la Constituci\u00f3n y observar sus&nbsp;leyes. No ver ni o\u00edr es propio de dictadores, no de estadistas dem\u00f3cratas.<\/p>\n\n\n\n<p class=\"wp-block-paragraph\">Para demostrar la pobreza en nuestro pa\u00eds y su enorme desigualdad no hacen falta estad\u00edsticas, basta&nbsp;ver&nbsp;a&nbsp;ni\u00f1os&nbsp;y&nbsp;ancianosen&nbsp;la&nbsp;calle,&nbsp;a&nbsp;hombres&nbsp;y&nbsp;mujeres&nbsp;desesperadas&nbsp;por&nbsp;falta&nbsp;de&nbsp;dinero.&nbsp;En&nbsp;eso&nbsp;radica&nbsp;el fracaso de nuestra revoluci\u00f3n. Ahora tenemos el problema de carecer de un puente de continuidad&nbsp;para corregir errores y aprovechar nuestro potencial. No es a rajatabla como se resuelven los&nbsp;problemas. Un M\u00e9xico de oportunidades exige afrontar el desaf\u00edo de seguir insertos en la globalidad&nbsp;pero con distribuci\u00f3n del ingreso.<\/p>\n\n\n\n<p class=\"wp-block-paragraph\">No&nbsp;hagamos&nbsp;del&nbsp;pasado&nbsp;olvido,&nbsp;del&nbsp;presente&nbsp;caricatura&nbsp;y&nbsp;del&nbsp;futuro&nbsp;piedra&nbsp;de&nbsp;sacrificios.<\/p>\n","protected":false},"excerpt":{"rendered":"<p>Florencio\u00a0Salazar Como&nbsp;espejos&nbsp;en&nbsp;la&nbsp;sala&nbsp;\/&nbsp;iluminada&nbsp;\/&nbsp;de&nbsp;la&nbsp;casa&nbsp;sin&nbsp;luz.&nbsp;Juan&nbsp;Antonio&nbsp;Masoliver&nbsp;R\u00f3denas. Hoy la revoluci\u00f3n mexicana es una entelequia. Inici\u00f3 en 1910 con el triunfo de Francisco I. Madero y&nbsp;concluy\u00f3 con la derrota del PRI en el a\u00f1o 2000. Con la estructura de la Constituci\u00f3n de 1917, la&nbsp;cobertura&nbsp;ideol\u00f3gica&nbsp;del&nbsp;nacionalismorevolucionario&nbsp;y&nbsp;su&nbsp;objetivo&nbsp;de&nbsp;alcanzar&nbsp;la&nbsp;democracia,&nbsp;eliminar&nbsp;la&nbsp;reelecci\u00f3n&nbsp;y&nbsp;alcanzar&nbsp;la&nbsp;justicia&nbsp;social&nbsp;dur\u00f3&nbsp;90&nbsp;a\u00f1os.Sus&nbsp;saldos&nbsp;m\u00e1s&nbsp;significativos&nbsp;son&nbsp;la&nbsp;estabilidad&nbsp;pol\u00edtica, el cambio peri\u00f3dico y pac\u00edfico de gobernantes y el ejercicio del poder civil. Fomentar una&nbsp;sociedad urbana con [&hellip;]<\/p>\n","protected":false},"author":3,"featured_media":59849,"comment_status":"open","ping_status":"open","sticky":false,"template":"","format":"standard","meta":{"_monsterinsights_skip_tracking":false,"footnotes":""},"categories":[693,199,82,35],"tags":[],"class_list":["post-59848","post","type-post","status-publish","format-standard","has-post-thumbnail","category-693","category-florencio-salazar-adame","category-la-opinion","category-opinion"],"_links":{"self":[{"href":"https:\/\/redsemlac.com\/semmexico\/wp-json\/wp\/v2\/posts\/59848","targetHints":{"allow":["GET"]}}],"collection":[{"href":"https:\/\/redsemlac.com\/semmexico\/wp-json\/wp\/v2\/posts"}],"about":[{"href":"https:\/\/redsemlac.com\/semmexico\/wp-json\/wp\/v2\/types\/post"}],"author":[{"embeddable":true,"href":"https:\/\/redsemlac.com\/semmexico\/wp-json\/wp\/v2\/users\/3"}],"replies":[{"embeddable":true,"href":"https:\/\/redsemlac.com\/semmexico\/wp-json\/wp\/v2\/comments?post=59848"}],"version-history":[{"count":0,"href":"https:\/\/redsemlac.com\/semmexico\/wp-json\/wp\/v2\/posts\/59848\/revisions"}],"wp:featuredmedia":[{"embeddable":true,"href":"https:\/\/redsemlac.com\/semmexico\/wp-json\/wp\/v2\/media\/59849"}],"wp:attachment":[{"href":"https:\/\/redsemlac.com\/semmexico\/wp-json\/wp\/v2\/media?parent=59848"}],"wp:term":[{"taxonomy":"category","embeddable":true,"href":"https:\/\/redsemlac.com\/semmexico\/wp-json\/wp\/v2\/categories?post=59848"},{"taxonomy":"post_tag","embeddable":true,"href":"https:\/\/redsemlac.com\/semmexico\/wp-json\/wp\/v2\/tags?post=59848"}],"curies":[{"name":"wp","href":"https:\/\/api.w.org\/{rel}","templated":true}]}}