{"id":5975,"date":"2019-01-13T17:48:45","date_gmt":"2019-01-13T17:48:45","guid":{"rendered":"https:\/\/redsemlac.com\/semmexico\/?p=5975"},"modified":"2023-07-21T14:41:50","modified_gmt":"2023-07-21T19:41:50","slug":"sobre-las-inmoralidades-de-la-cartilla-moral","status":"publish","type":"post","link":"https:\/\/redsemlac.com\/semmexico\/sobre-las-inmoralidades-de-la-cartilla-moral\/","title":{"rendered":"Sobre las inmoralidades de la Cartilla Moral"},"content":{"rendered":"\n<p class=\"wp-block-paragraph\">* Viene dentro de la Cartilla Moral con la imagen de Sor Juana In\u00e9s de la Cruz como adorno<\/p>\n\n\n\n<h5 class=\"wp-block-heading\"> No menciona a las mujeres, no las considera, no existen.<\/h5>\n\n\n\n<p class=\"wp-block-paragraph\"><a href=\"https:\/\/semmexico.com\/gallery-post.php?id=6814#\">Martha Barrag\u00e1n<\/a><\/p>\n\n\n\n<p class=\"wp-block-paragraph\">SemM\u00e9xico. Ciudad de M\u00e9xico. 13 de enero 2019.- \u00abEl amor y el apoyo mutuo que unen a los miembros de la familia son sentimientos espont\u00e1neos s\u00f3lo perturbados por caso excepcional\u00bb&#8230;. WOW!!!, Qu\u00e9 perturbadora frase!!!<\/p>\n\n\n\n<p class=\"wp-block-paragraph\"><br>Y s\u00ed, viene dentro de la Cartilla Moral con la imagen de Sor Juana In\u00e9s de la Cruz como adorno, y escribo bien, como adorno ya que si se han le\u00eddo los textos de Sor Juana In\u00e9s de la Cruz, de los a\u00f1os 1600 contraviene a las ideas del escritor Alfonso Reyes, escrita en 1944 que son tremendamente machistas y mis\u00f3ginos.<\/p>\n\n\n\n<p class=\"wp-block-paragraph\"><br>S\u00f3lo como detalle de an\u00e1lisis \u00abel amor y el apoyo mutuo de las familias\u00bb no se ve perturbado por la desigualdad ni por el machismo, ni es una pr\u00e1ctica com\u00fan, es UN CASO EXCEPCIONAL ante espont\u00e1neos sentimientos.&nbsp;<\/p>\n\n\n\n<p class=\"wp-block-paragraph\"><br>Por favor me disculpar\u00e1n la imagen grotesca pero me fui a devolver el est\u00f3mago ya que termin\u00e9 de leer la Cartilla Moral, con lenguaje machista excesivo, ideolog\u00eda androcentrista, plagada de estereotipos, heteronormativa, religiosa y mis\u00f3gina. A trav\u00e9s de diversas ideas valida muchos comportamientos machistas y las mujeres no son mencionadas creo que en ninguna parte.&nbsp;<\/p>\n\n\n\n<p class=\"wp-block-paragraph\"><br>No menciona a las mujeres, no las considera, no existen.&nbsp;<\/p>\n\n\n\n<p class=\"wp-block-paragraph\"><br>El tono del escrito es de una cartilla moral que \u00abinvita\u00bb a seguir los mandamientos que ah\u00ed describe resulta adoctrinante, con un manejo de la culpa como estrategia de miedo para alejarse del mal. Est\u00e1 llena de juicios, los buenos y los malos, la virtud, y calificativos por el estilo que no quedan definidos en t\u00e9rminos de significados.&nbsp;<\/p>\n\n\n\n<p class=\"wp-block-paragraph\"><br>Es preocupante que se difunda \u00e9sta cartilla en un pa\u00eds que tiene a las mujeres olvidadas en la impunidad ante las injusticias, en la desigualdad social, pol\u00edtica y econ\u00f3mica. En donde lo que importa es el \u00abhombre\u00bb, esa ideolog\u00eda patriarcal que tanto da\u00f1o nos est\u00e1 haciendo.&nbsp;<\/p>\n\n\n\n<p class=\"wp-block-paragraph\"><br>La idea del patriotismo que plantea tambi\u00e9n es alarmante ya que califica de No humano a quien no la defienda&#8230; peligrosa idea.&nbsp;<\/p>\n\n\n\n<p class=\"wp-block-paragraph\"><br>La oportunidad de una renovaci\u00f3n como pa\u00eds se ve en malas circunstancias por muy buenas que sean las intenciones.<\/p>\n\n\n\n<p class=\"wp-block-paragraph\"><br>Como dice la frase de Sor Juana In\u00e9s de la Cruz citada en la caricatura \u201cLa m\u00e1s brillante de las apariencias, puede cubrir las m\u00e1s vulgares realidades.\u201d<\/p>\n\n\n\n<p class=\"wp-block-paragraph\"><br>Lo que nos faltar\u00e1 por ver en esta Cuarta Transformaci\u00f3n.<\/p>\n","protected":false},"excerpt":{"rendered":"<p>* Viene dentro de la Cartilla Moral con la imagen de Sor Juana In\u00e9s de la Cruz como adorno No menciona a las mujeres, no las considera, no existen. Martha Barrag\u00e1n SemM\u00e9xico. Ciudad de M\u00e9xico. 13 de enero 2019.- \u00abEl amor y el apoyo mutuo que unen a los miembros de la familia son sentimientos [&hellip;]<\/p>\n","protected":false},"author":3,"featured_media":5976,"comment_status":"open","ping_status":"open","sticky":false,"template":"","format":"standard","meta":{"_monsterinsights_skip_tracking":false,"footnotes":""},"categories":[690,80,1],"tags":[],"class_list":["post-5975","post","type-post","status-publish","format-standard","has-post-thumbnail","category-690","category-martha-barragan","category-uncategorized"],"_links":{"self":[{"href":"https:\/\/redsemlac.com\/semmexico\/wp-json\/wp\/v2\/posts\/5975","targetHints":{"allow":["GET"]}}],"collection":[{"href":"https:\/\/redsemlac.com\/semmexico\/wp-json\/wp\/v2\/posts"}],"about":[{"href":"https:\/\/redsemlac.com\/semmexico\/wp-json\/wp\/v2\/types\/post"}],"author":[{"embeddable":true,"href":"https:\/\/redsemlac.com\/semmexico\/wp-json\/wp\/v2\/users\/3"}],"replies":[{"embeddable":true,"href":"https:\/\/redsemlac.com\/semmexico\/wp-json\/wp\/v2\/comments?post=5975"}],"version-history":[{"count":0,"href":"https:\/\/redsemlac.com\/semmexico\/wp-json\/wp\/v2\/posts\/5975\/revisions"}],"wp:featuredmedia":[{"embeddable":true,"href":"https:\/\/redsemlac.com\/semmexico\/wp-json\/wp\/v2\/media\/5976"}],"wp:attachment":[{"href":"https:\/\/redsemlac.com\/semmexico\/wp-json\/wp\/v2\/media?parent=5975"}],"wp:term":[{"taxonomy":"category","embeddable":true,"href":"https:\/\/redsemlac.com\/semmexico\/wp-json\/wp\/v2\/categories?post=5975"},{"taxonomy":"post_tag","embeddable":true,"href":"https:\/\/redsemlac.com\/semmexico\/wp-json\/wp\/v2\/tags?post=5975"}],"curies":[{"name":"wp","href":"https:\/\/api.w.org\/{rel}","templated":true}]}}