{"id":59718,"date":"2022-11-26T17:14:30","date_gmt":"2022-11-26T23:14:30","guid":{"rendered":"https:\/\/redsemlac.com\/semmexico\/?p=59718"},"modified":"2023-07-21T19:22:42","modified_gmt":"2023-07-22T00:22:42","slug":"entender-y-no-perdonar-derecho-de-victimas-de-violencia-de-genero-criminologa","status":"publish","type":"post","link":"https:\/\/redsemlac.com\/semmexico\/entender-y-no-perdonar-derecho-de-victimas-de-violencia-de-genero-criminologa\/","title":{"rendered":"<strong>Entender y no perdonar, derecho de v\u00edctimas de violencia de g\u00e9nero: crimin\u00f3loga<\/strong>"},"content":{"rendered":"\n<ul class=\"wp-block-list\"><li><strong>La justicia po\u00e9tica no puede subsanar todos los da\u00f1os<\/strong><\/li><li><strong>Poder punitivo: aparato de control social violento, legitimado con el discurso de la prevenci\u00f3n<\/strong><strong><\/strong><\/li><\/ul>\n\n\n\n<p class=\"wp-block-paragraph\">Redacci\u00f3n<\/p>\n\n\n\n<p class=\"wp-block-paragraph\">SemM\u00e9xico, Ciudad de M\u00e9xico, 26 de noviembre de 2022.- Desde la perspectiva del Derecho, las mujeres v\u00edctimas de cualquier tipo de violencia tienen el derecho a entender la situaci\u00f3n, pero no a perdonar a sus agresores, consider\u00f3 Luc\u00eda N\u00fa\u00f1ez, crimin\u00f3loga cr\u00edtica e integrante del Centro de Investigaciones y Estudios de G\u00e9nero (CIEG), de la Universidad Nacional Aut\u00f3noma de M\u00e9xico (UNAM).<\/p>\n\n\n\n<p class=\"wp-block-paragraph\">Las v\u00edctimas tienen derecho a alejarse para tratar de entender lo que les pas\u00f3, a cuestionar los hechos, a que haya reconciliaci\u00f3n con ellas mismas y a enfrentarse con el proceso de dolor y \u2014en algunos casos\u2014 de verg\u00fcenza o sentimientos de venganza en espacios seguros y acompa\u00f1adas, si no de feministas, al menos de personas sensibles y emp\u00e1ticas con su dolor, detall\u00f3 la autora de <em>El g\u00e9nero en la ley penal: cr\u00edtica feminista de la ilusi\u00f3n punitiva<\/em>.<\/p>\n\n\n\n<p class=\"wp-block-paragraph\">En entrevista con la revista <em>Gaceta UNAM<\/em>, en el marco de los 16 D\u00edas de Activismo Contra la Violencia de G\u00e9nero; rumbo al 10 de diciembre: D\u00eda Internacional de los Derechos Humanos, la investigadora reflexion\u00f3 sobre las pocas alternativas efectivas a la justicia penal y al uso de la c\u00e1rcel como una v\u00eda para proporcionar reparaci\u00f3n, tranquilidad y paz a las v\u00edctimas de violencia de g\u00e9nero.<\/p>\n\n\n\n<p class=\"wp-block-paragraph\"><strong>Justicia penal o justicia po\u00e9tica<\/strong><\/p>\n\n\n\n<p class=\"wp-block-paragraph\">La investigadora del CIEG refiri\u00f3 que existen varios caminos jur\u00eddicos como las leyes administrativas, civiles y de derechos humanos con procedimientos m\u00e1s sencillos que pueden resarcir \u2014de manera menos complicada que la penal\u2014 ciertos agravios provocados por la violencia de g\u00e9nero. Sin embargo, la ley penal provoca la ilusi\u00f3n de ser m\u00e1s efectiva para garantizar el acceso a la justicia a las v\u00edctimas de este tipo de violencia, porque en este momento la justicia po\u00e9tica no puede subsanar todos los da\u00f1os.&nbsp;<\/p>\n\n\n\n<p class=\"wp-block-paragraph\">La acad\u00e9mica admiti\u00f3 que, aunque la filosof\u00eda, la sociolog\u00eda, la econom\u00eda, la psicolog\u00eda, el arte, la literatura y el teatro coadyuvan en la reconstrucci\u00f3n de la idea de una manera alternativa de entender la justicia m\u00e1s all\u00e1 de lo penal y el castigo, as\u00ed como a fortalecer los lazos de solidaridad social, tambi\u00e9n se requiere de propuestas operativas que promuevan transformaciones institucionales aterrizadas a nuestros contextos sociales y a la realidad que vivimos.<\/p>\n\n\n\n<p class=\"wp-block-paragraph\">La acad\u00e9mica record\u00f3 que desde su experiencia como penalista se ha dedicado a hacer una cr\u00edtica al punitivismo, porque su apuesta como feminista es pol\u00edtica, lo cual no la hace insensible, sino respetuosa con los procesos de duelo de las v\u00edctimas que encuentran en el castigo penal una esperanza de justicia, aunque sea de c\u00e1rcel.&nbsp;<\/p>\n\n\n\n<p class=\"wp-block-paragraph\">\u201cSe nos ense\u00f1a en las facultades de derecho desde la teor\u00eda cl\u00e1sica penal que el sistema punitivo garantiza reparaci\u00f3n y justicia\u201d; no obstante, asegur\u00f3 que \u201cel poder punitivo no contiene a la criminalidad, no previene, ya que opera <em>post factum<\/em>. Es decir, hay una sanci\u00f3n y hay un castigo siempre y cuando se haya transgredido la norma\u201d.<\/p>\n\n\n\n<p class=\"wp-block-paragraph\">Continu\u00f3: \u201c<a>El poder punitivo es un aparato de control social violento y se legitima con el discurso de la prevenci\u00f3n<\/a>\u201d, de ah\u00ed la importancia de solucionar los problemas sociales desde otros abordajes epistemol\u00f3gicos que evadan la ilusi\u00f3n preventiva y reparadora del discurso penal.&nbsp;<\/p>\n\n\n\n<p class=\"wp-block-paragraph\">La especialistadetall\u00f3 que la violencia empieza con historias de vida marcadas por la desigualdad de g\u00e9nero, de origen \u00e9tnico, de clase y de orientaci\u00f3n e identidad sexo gen\u00e9rica. En ese contexto, lanz\u00f3 la pregunta para saber si ya existen las condiciones para el cambio de paradigma de acceso a la justicia, con el fin de que no se quede solo en un discurso o en una ilusi\u00f3n.<\/p>\n\n\n\n<p class=\"wp-block-paragraph\">SEM\/ glg<\/p>\n","protected":false},"excerpt":{"rendered":"<p>Desde la perspectiva del Derecho, las mujeres v\u00edctimas de cualquier tipo de violencia tienen el derecho a entender la situaci\u00f3n, pero no a perdonar a sus agresores, consider\u00f3 Luc\u00eda N\u00fa\u00f1ez, crimin\u00f3loga cr\u00edtica e integrante del Centro de Investigaciones y Estudios de G\u00e9nero (CIEG), de la Universidad Nacional Aut\u00f3noma de M\u00e9xico (UNAM).<\/p>\n","protected":false},"author":3,"featured_media":59719,"comment_status":"open","ping_status":"open","sticky":false,"template":"","format":"standard","meta":{"_monsterinsights_skip_tracking":false,"footnotes":""},"categories":[693,54],"tags":[],"class_list":["post-59718","post","type-post","status-publish","format-standard","has-post-thumbnail","category-693","category-mujeres"],"_links":{"self":[{"href":"https:\/\/redsemlac.com\/semmexico\/wp-json\/wp\/v2\/posts\/59718","targetHints":{"allow":["GET"]}}],"collection":[{"href":"https:\/\/redsemlac.com\/semmexico\/wp-json\/wp\/v2\/posts"}],"about":[{"href":"https:\/\/redsemlac.com\/semmexico\/wp-json\/wp\/v2\/types\/post"}],"author":[{"embeddable":true,"href":"https:\/\/redsemlac.com\/semmexico\/wp-json\/wp\/v2\/users\/3"}],"replies":[{"embeddable":true,"href":"https:\/\/redsemlac.com\/semmexico\/wp-json\/wp\/v2\/comments?post=59718"}],"version-history":[{"count":0,"href":"https:\/\/redsemlac.com\/semmexico\/wp-json\/wp\/v2\/posts\/59718\/revisions"}],"wp:featuredmedia":[{"embeddable":true,"href":"https:\/\/redsemlac.com\/semmexico\/wp-json\/wp\/v2\/media\/59719"}],"wp:attachment":[{"href":"https:\/\/redsemlac.com\/semmexico\/wp-json\/wp\/v2\/media?parent=59718"}],"wp:term":[{"taxonomy":"category","embeddable":true,"href":"https:\/\/redsemlac.com\/semmexico\/wp-json\/wp\/v2\/categories?post=59718"},{"taxonomy":"post_tag","embeddable":true,"href":"https:\/\/redsemlac.com\/semmexico\/wp-json\/wp\/v2\/tags?post=59718"}],"curies":[{"name":"wp","href":"https:\/\/api.w.org\/{rel}","templated":true}]}}