{"id":59649,"date":"2022-11-25T18:09:38","date_gmt":"2022-11-26T00:09:38","guid":{"rendered":"https:\/\/redsemlac.com\/semmexico\/?p=59649"},"modified":"2023-07-21T19:22:44","modified_gmt":"2023-07-22T00:22:44","slug":"pone-en-marcha-abelina-lopez-el-programa-mujeres-transformando-acapulco","status":"publish","type":"post","link":"https:\/\/redsemlac.com\/semmexico\/pone-en-marcha-abelina-lopez-el-programa-mujeres-transformando-acapulco\/","title":{"rendered":"Pone en marcha Abelina L\u00f3pez el programa \u201cMujeres Transformando Acapulco\u201d"},"content":{"rendered":"\n<p class=\"wp-block-paragraph\"><strong>Josefina Aguilar Pastor<\/strong><\/p>\n\n\n\n<p class=\"wp-block-paragraph\">SemM\u00e9xico, Chilpancingo, Guerrero, 25 de noviembre del 2022.- En el marco del 25 de noviembre, D\u00eda Internacional de la Eliminaci\u00f3n de la Violencia contra la Mujer, la presidenta municipal de Acapulco, Abelina L\u00f3pez Rodr\u00edguez, puso en marcha el programa \u201cMujeres Transformando Acapulco\u201d, dirigido&nbsp; a capacitar cerca de 150 mujeres en distintas actividades productivas.<\/p>\n\n\n\n<p class=\"wp-block-paragraph\">La alcaldesa dijo que con el programa \u201cMujeres Transformando Acapulco\u201d las mujeres del municipio tendr\u00e1n las herramientas necesarias para emprender su propio negocio y as\u00ed generen mayores ingresos y lograr con ello un empoderamiento econ\u00f3mico.<\/p>\n\n\n\n<p class=\"wp-block-paragraph\">L\u00f3pez Rodr\u00edguez&nbsp; dijo estar convencida que las mujeres tienen capacidad para desarrollar distintos roles, tanto en el trabajo como en la familia. Y adelant\u00f3 que en su gobierno se dar\u00e1 un fuerte impulso a las mujeres, y felicit\u00f3 al equipo de trabajo de la Secretar\u00eda de Planeaci\u00f3n y Desarrollo Econ\u00f3mico por las acciones que est\u00e1n realizando en favor de las mujeres y por la recertificaci\u00f3n que obtuvo en el paso libre de violencia de g\u00e9nero.<\/p>\n\n\n\n<p class=\"wp-block-paragraph\">Por su parte, el secretario de Planeaci\u00f3n y Desarrollo Econ\u00f3mico, Erick Romero Morales, dijo que para impulsar a los sectores m\u00e1s marginados, se implement\u00f3 dicho programa, el cual tiene como prop\u00f3sito desarrollar, fortalecer e impulsar a las mujeres acapulque\u00f1as, a trav\u00e9s de capacitaciones, las herramientas necesarias para poner un negocio y as\u00ed convertirlas en emprendedoras y exitosas.<\/p>\n\n\n\n<p class=\"wp-block-paragraph\">&nbsp;\u201cSe beneficiar\u00e1 a 140 mujeres acapulque\u00f1as, quienes al termino del curso obtendr\u00e1n los conocimientos suficientes para emprenden en sus negocios de reposter\u00eda, cultura de belleza, dise\u00f1o gr\u00e1fico, reparaci\u00f3n y mantenimiento de aparatos, entre otros\u201d, precis\u00f3.<\/p>\n\n\n\n<p class=\"wp-block-paragraph\">&nbsp;\u201cMujeres Transformando Acapulco\u201d forma parte de las actividades de los 16 D\u00edas de Activismo Contra la Violencia de G\u00e9nero en el marco del D\u00eda Internacional de la Eliminaci\u00f3n de la Violencia Contra la Mujer.<\/p>\n\n\n\n<p class=\"wp-block-paragraph\">Inform\u00f3 Romero Morales, que el Gobierno de Acapulco, a trav\u00e9s Secretar\u00eda de Planeaci\u00f3n y Desarrollo Econ\u00f3mico obtuvo la pre-certificaci\u00f3n en el paso libre de violencia de g\u00e9nero que otorg\u00f3 la Comisi\u00f3n Nacional para Prevenir y Erradicar la Violencia contra las Mujeres (Conavim).<\/p>\n\n\n\n<p class=\"wp-block-paragraph\">Con dichas capacitaciones las mujeres adquirir\u00e1n conocimientos t\u00e9cnicos, contables y administrativos para mejorar sus ingresos, logrando as\u00ed autonom\u00eda econ\u00f3mica, libertad y seguridad en el desarrollo de sus profesiones, se\u00f1al\u00f3.<\/p>\n\n\n\n<p class=\"wp-block-paragraph\">En representaci\u00f3n de las mujeres beneficiadas, la se\u00f1ora, Adriana Marisol Casino, agradeci\u00f3 a la alcaldesa, Abelina L\u00f3pez, &nbsp;por brindar ese tipo de capacitaciones que ayudar\u00e1n a posicionar en el mercado sus negocios, adem\u00e1s de reactivar su econom\u00eda y la de su familia.<\/p>\n\n\n\n<p class=\"wp-block-paragraph\">La beneficiaria reconoci\u00f3 lo importante que resulta para mujeres como ella, este tipo de capacitaciones que las ayudan a tener ingresos propios&nbsp; \u201cya que a veces es muy dif\u00edcil para nosotras conseguir los medios econ\u00f3micos para prepararnos. Hoy todas las mujeres que estamos aqu\u00ed presentes, le agradecemos mucho por tomarnos en cuenta, muchas gracias se\u00f1ora presidenta\u201d, coment\u00f3.<\/p>\n","protected":false},"excerpt":{"rendered":"<p>En el marco del 25 de noviembre, D\u00eda Internacional de la Eliminaci\u00f3n de la Violencia contra la Mujer, la presidenta municipal de Acapulco, Abelina L\u00f3pez Rodr\u00edguez, puso en marcha el programa \u201cMujeres Transformando Acapulco\u201d, dirigido\u00a0 a capacitar cerca de 150 mujeres en distintas actividades productivas.<\/p>\n","protected":false},"author":3,"featured_media":59650,"comment_status":"open","ping_status":"open","sticky":false,"template":"","format":"standard","meta":{"_monsterinsights_skip_tracking":false,"footnotes":""},"categories":[693,51],"tags":[144,149],"class_list":["post-59649","post","type-post","status-publish","format-standard","has-post-thumbnail","category-693","category-ejecutivo","tag-guerrero","tag-mujeres"],"_links":{"self":[{"href":"https:\/\/redsemlac.com\/semmexico\/wp-json\/wp\/v2\/posts\/59649","targetHints":{"allow":["GET"]}}],"collection":[{"href":"https:\/\/redsemlac.com\/semmexico\/wp-json\/wp\/v2\/posts"}],"about":[{"href":"https:\/\/redsemlac.com\/semmexico\/wp-json\/wp\/v2\/types\/post"}],"author":[{"embeddable":true,"href":"https:\/\/redsemlac.com\/semmexico\/wp-json\/wp\/v2\/users\/3"}],"replies":[{"embeddable":true,"href":"https:\/\/redsemlac.com\/semmexico\/wp-json\/wp\/v2\/comments?post=59649"}],"version-history":[{"count":0,"href":"https:\/\/redsemlac.com\/semmexico\/wp-json\/wp\/v2\/posts\/59649\/revisions"}],"wp:featuredmedia":[{"embeddable":true,"href":"https:\/\/redsemlac.com\/semmexico\/wp-json\/wp\/v2\/media\/59650"}],"wp:attachment":[{"href":"https:\/\/redsemlac.com\/semmexico\/wp-json\/wp\/v2\/media?parent=59649"}],"wp:term":[{"taxonomy":"category","embeddable":true,"href":"https:\/\/redsemlac.com\/semmexico\/wp-json\/wp\/v2\/categories?post=59649"},{"taxonomy":"post_tag","embeddable":true,"href":"https:\/\/redsemlac.com\/semmexico\/wp-json\/wp\/v2\/tags?post=59649"}],"curies":[{"name":"wp","href":"https:\/\/api.w.org\/{rel}","templated":true}]}}