{"id":59450,"date":"2022-11-24T17:44:10","date_gmt":"2022-11-24T23:44:10","guid":{"rendered":"https:\/\/redsemlac.com\/semmexico\/?p=59450"},"modified":"2023-07-21T19:22:48","modified_gmt":"2023-07-22T00:22:48","slug":"en-el-pais-hay-una-crisis-de-violencia-contra-las-mujeres-claudia-zavala","status":"publish","type":"post","link":"https:\/\/redsemlac.com\/semmexico\/en-el-pais-hay-una-crisis-de-violencia-contra-las-mujeres-claudia-zavala\/","title":{"rendered":"En el pa\u00eds hay una crisis de violencia contra las mujeres: Claudia Zavala"},"content":{"rendered":"\n<ul class=\"wp-block-list\"><li><strong>La violencia pol\u00edtica en raz\u00f3n de g\u00e9nero resume la lucha de muchas mujeres. <\/strong><strong><\/strong><\/li><li><strong>Es necesario que las autoridades electorales determinen c\u00f3mo hacer m\u00e1s eficaces los instrumentos que tienen para poder erradicar y atender este tipo de violencia, asever\u00f3 Zavala.<\/strong><\/li><\/ul>\n\n\n\n<p class=\"wp-block-paragraph\"><strong>Redacci\u00f3n<\/strong><\/p>\n\n\n\n<p class=\"wp-block-paragraph\">SemM\u00e9xico, Ciudad de M\u00e9xico, 24 de noviembre del 2022.- El reconocimiento de la violencia pol\u00edtica contra las mujeres en raz\u00f3n de g\u00e9nero como una nueva modalidad de violencia, luego de la reforma pol\u00edtico-electoral de 2014, resume la lucha de muchas mujeres por dejar establecido en las leyes la existencia de la misma, sostuvo la consejera del Instituto Nacional Electoral (INE), Claudia Zavala P\u00e9rez.<\/p>\n\n\n\n<p class=\"wp-block-paragraph\">Al impartir la Conferencia&nbsp;\u201c<em>M\u00e9xico en el combate de la violencia pol\u00edtica en raz\u00f3n de g\u00e9nero. De d\u00f3nde venimos y c\u00f3mo estamos\u201d<\/em>, organizada por el Colegio Estatal de Estudios Pol\u00edticos y Gobierno (CEEPyG) de Jalisco y la Junta Local Ejecutiva del INE en la Ciudad de M\u00e9xico, afirm\u00f3 que en el pa\u00eds hay una crisis de violencia contra las mujeres en el \u00e1mbito p\u00fablico y en el privado.<\/p>\n\n\n\n<p class=\"wp-block-paragraph\">En el marco del D\u00eda Internacional de la Eliminaci\u00f3n de las Violencias Contra las Mujeres, que se conmemora el 25 de noviembre, Zavala record\u00f3 que de acuerdo con la Encuesta Nacional sobre la Din\u00e1mica de las Relaciones en los Hogares realizada por el Instituto Nacional de Estad\u00edstica y Geograf\u00eda INEGI, el 70 por ciento&nbsp; de mujeres de 15 a\u00f1os o m\u00e1s han tenido un incidente de violencia.<\/p>\n\n\n\n<p class=\"wp-block-paragraph\">\u201cEsto quiere decir que s\u00f3lo una peque\u00f1a parte de la poblaci\u00f3n de las mujeres no ha tenido actos o eventos de violencia en su vida\u201d, lament\u00f3.<\/p>\n\n\n\n<p class=\"wp-block-paragraph\"><strong>Violencia pol\u00edtica contra las mujeres tiene una dimensi\u00f3n de derechos<\/strong><strong><\/strong><\/p>\n\n\n\n<p class=\"wp-block-paragraph\">La violencia pol\u00edtica contra las mujeres en raz\u00f3n de g\u00e9nero, asegur\u00f3 Zavala P\u00e9rez, tiene una dimensi\u00f3n relacionada con los derechos pol\u00edtico-electorales, ya que en la sociedad mexicana el tema del poder se vio por muchos a\u00f1os con el enfoque masculino.<\/p>\n\n\n\n<p class=\"wp-block-paragraph\">La consejera Zavala record\u00f3 que la reforma de 2014 fue muy significativa \u201cporque a nivel constitucional se exigi\u00f3 la paridad para los cargos de elecci\u00f3n popular y este principio empez\u00f3 a cobrar un sentido de mayor incorporaci\u00f3n de las mujeres a los cargos p\u00fablicos, pero tambi\u00e9n a las contiendas electorales\u201d.<\/p>\n\n\n\n<p class=\"wp-block-paragraph\">Luego de esta reforma, se pudo visibilizar de mejor manera los casos de violencia pol\u00edtica contra las mujeres, estableci\u00f3. Asimismo, ha permitido que \u201clas medidas precautorias y cautelares, las sanciones y las medidas de reparaci\u00f3n del da\u00f1o sean acordes con la protecci\u00f3n de los derechos pol\u00edtico-electorales\u201d, precis\u00f3.<\/p>\n\n\n\n<p class=\"wp-block-paragraph\">Acompa\u00f1ada de la presidenta del Comit\u00e9 Directivo del CEEPyG de Jalisco, Annel Alejandra V\u00e1zquez Anderson y la vocal ejecutiva del INE en la Ciudad de M\u00e9xico, Mar\u00eda Luisa Flores Huerta, Claudia Zavala consider\u00f3 que la violencia pol\u00edtica contra las mujeres en raz\u00f3n de g\u00e9nero no ha cesado.<\/p>\n\n\n\n<p class=\"wp-block-paragraph\">Por lo anterior, manifest\u00f3 que es necesario que las autoridades electorales determinen c\u00f3mo hacer m\u00e1s eficaces los instrumentos que tienen para poder erradicar y atender este tipo de violencia.<\/p>\n\n\n\n<p class=\"wp-block-paragraph\">\u201cTenemos que seguir trabajando para la erradicaci\u00f3n de la violencia en todos los aspectos y las mujeres deben de participar en condiciones de igualdad\u201d, enfatiz\u00f3 Zavala P\u00e9rez.<\/p>\n\n\n\n<p class=\"wp-block-paragraph\"><strong>Mujeres, adem\u00e1s de v\u00edctimas, han sido agentes de transformaci\u00f3n<\/strong><strong><\/strong><\/p>\n\n\n\n<p class=\"wp-block-paragraph\">Al comentar la Conferencia, Annel Alejandra V\u00e1zquez, subray\u00f3 que las mujeres han sido v\u00edctimas, pero tambi\u00e9n \u201csujetas transformadoras y, si las cosas est\u00e1n mejor ahora, ha sido gracias a todas las mujeres que han peleado desde sus propios espacios, desafortunadamente algunas a costa de su vida y su integridad\u201d.<\/p>\n\n\n\n<p class=\"wp-block-paragraph\">Esta transformaci\u00f3n, a\u00f1adi\u00f3, \u201cpasa primero por la visibilizaci\u00f3n, la desnaturalizaci\u00f3n de la desigualdad entre hombres y mujeres y, por supuesto, en esta idea de las mujeres como v\u00edctimas de la violencia en la esfera pol\u00edtica, pero sobre todo como sujetas revolucionarias transformadoras que buscan precisamente su propia liberaci\u00f3n de estos espacios de violencia\u201d.<\/p>\n\n\n\n<p class=\"wp-block-paragraph\">La Conferencia fue moderada por la vocal ejecutiva del INE en la CDMX, Mar\u00eda Luisa Flores Huerta, quien se pronunci\u00f3 a favor de hacer eficiente el c\u00famulo de normas relacionadas con violencia pol\u00edtica contra las mujeres en raz\u00f3n de g\u00e9nero.<\/p>\n\n\n\n<p class=\"wp-block-paragraph\">SEM\/MG<\/p>\n","protected":false},"excerpt":{"rendered":"<p>Es necesario que las autoridades electorales determinen c\u00f3mo hacer m\u00e1s eficaces los instrumentos que tienen para poder erradicar y atender este tipo de violencia, asever\u00f3 Zavala.<\/p>\n","protected":false},"author":3,"featured_media":59451,"comment_status":"open","ping_status":"open","sticky":false,"template":"","format":"standard","meta":{"_monsterinsights_skip_tracking":false,"footnotes":""},"categories":[670,693,50],"tags":[],"class_list":["post-59450","post","type-post","status-publish","format-standard","has-post-thumbnail","category-25n-2022","category-693","category-congreso"],"_links":{"self":[{"href":"https:\/\/redsemlac.com\/semmexico\/wp-json\/wp\/v2\/posts\/59450","targetHints":{"allow":["GET"]}}],"collection":[{"href":"https:\/\/redsemlac.com\/semmexico\/wp-json\/wp\/v2\/posts"}],"about":[{"href":"https:\/\/redsemlac.com\/semmexico\/wp-json\/wp\/v2\/types\/post"}],"author":[{"embeddable":true,"href":"https:\/\/redsemlac.com\/semmexico\/wp-json\/wp\/v2\/users\/3"}],"replies":[{"embeddable":true,"href":"https:\/\/redsemlac.com\/semmexico\/wp-json\/wp\/v2\/comments?post=59450"}],"version-history":[{"count":0,"href":"https:\/\/redsemlac.com\/semmexico\/wp-json\/wp\/v2\/posts\/59450\/revisions"}],"wp:featuredmedia":[{"embeddable":true,"href":"https:\/\/redsemlac.com\/semmexico\/wp-json\/wp\/v2\/media\/59451"}],"wp:attachment":[{"href":"https:\/\/redsemlac.com\/semmexico\/wp-json\/wp\/v2\/media?parent=59450"}],"wp:term":[{"taxonomy":"category","embeddable":true,"href":"https:\/\/redsemlac.com\/semmexico\/wp-json\/wp\/v2\/categories?post=59450"},{"taxonomy":"post_tag","embeddable":true,"href":"https:\/\/redsemlac.com\/semmexico\/wp-json\/wp\/v2\/tags?post=59450"}],"curies":[{"name":"wp","href":"https:\/\/api.w.org\/{rel}","templated":true}]}}