{"id":59409,"date":"2022-11-24T13:16:46","date_gmt":"2022-11-24T19:16:46","guid":{"rendered":"https:\/\/redsemlac.com\/semmexico\/?p=59409"},"modified":"2023-07-21T19:22:49","modified_gmt":"2023-07-22T00:22:49","slug":"contra-el-patriarcado-y-racismo-tejiendo-comunidad-mujeres-unidas-presentan-colectivo-en-oaxaca","status":"publish","type":"post","link":"https:\/\/redsemlac.com\/semmexico\/contra-el-patriarcado-y-racismo-tejiendo-comunidad-mujeres-unidas-presentan-colectivo-en-oaxaca\/","title":{"rendered":"<strong>Contra el patriarcado y racismo: Tejiendo Comunidad, mujeres unidas presentan colectivo en Oaxaca<\/strong>"},"content":{"rendered":"\n<ul class=\"wp-block-list\"><li><strong>\u201cNos hemos articulado desde la riqueza de la diversidad para acuerparnos, sanarnos, fortalecernos y acompa\u00f1arnos frente a todas las violencias que este sistema capitalista, patriarcal, colonialista y racista ha ejercido hist\u00f3ricamente en nuestra contra y hemos acordado seguir vivas\u201d, manifestaron<\/strong>.<\/li><li><strong>En el contexto de la transici\u00f3n gubernamental, que se ha autodenominado \u201cPrimavera Oaxaque\u00f1a\u201d, exigieron un alto a la violencia feminicida, machista y patriarcal en Oaxaca.<\/strong><\/li><\/ul>\n\n\n\n<p class=\"wp-block-paragraph\"><strong>Redacci\u00f3n<\/strong><\/p>\n\n\n\n<p class=\"wp-block-paragraph\">SemM\u00e9xico, Oaxaca de Ju\u00e1rez, 24 de noviembre del 2022.- Este mi\u00e9rcoles en Oaxaca se hizo la presentaci\u00f3n p\u00fablica de una agrupaci\u00f3n de mujeres diversas, colectivas, feministas, organizaciones sociales y civiles, denominado \u201cMujeres Oaxaque\u00f1as Tejiendo Comunidad\u201d; un tejido colectivo \u201cpara seguir caminando juntas, hombro con hombro, codo a codo y de coraz\u00f3n a coraz\u00f3n\u201d, explicaron.<\/p>\n\n\n\n<p class=\"wp-block-paragraph\">En conferencia de prensa ofrecida en el Atrio del Templo de Santo Domingo de Guzm\u00e1n, las integrantes de diversas colectivas y organizaciones expusieron que su lucha es contra el patriarcado, el racismo, el colonialismo y el capitalismo que est\u00e1 lacerando el tejido social y comunitario.<\/p>\n\n\n\n<p class=\"wp-block-paragraph\">\u201cNos hemos articulado desde la riqueza de la diversidad para acuerparnos, sanarnos, fortalecernos y acompa\u00f1arnos frente a todas las violencias que este sistema capitalista, patriarcal, colonialista y racista ha ejercido hist\u00f3ricamente en nuestra contra y hemos acordado seguir vivas\u201d, afirmaron a trav\u00e9s de un posicionamiento p\u00fablico.<\/p>\n\n\n\n<p class=\"wp-block-paragraph\">Para explicar este proceso de lucha, recordaron que el 1 de agosto de 2006 constituy\u00f3 un hito de la participaci\u00f3n sociopol\u00edtica de las mujeres de Oaxaca al llevar a cabo la \u201cmarcha de las cacerolas\u201d y la \u201ctoma\u201d del canal 9, hoy Corporaci\u00f3n Oaxaque\u00f1a de Radio y Televisi\u00f3n (CORTV),&nbsp; en el que cientos de mujeres se apropiaron de las calles en repudio al entonces gobernador priista Ulises Ruiz Ortiz. De ah\u00ed que este tejido es un tejido tambi\u00e9n de coincidencias y apuestas en com\u00fan para el cambio real en Oaxaca.<\/p>\n\n\n\n<p class=\"wp-block-paragraph\">\u201cEl 1 de agosto de 2021, nos reencontramos con el mismo \u00edmpetu de transformaci\u00f3n y volvimos a tomar las calles por las injusticias, represi\u00f3n y violencias de entonces y las de ahora; desde entonces hemos caminado juntas en un proceso de construcci\u00f3n colectiva, horizontal, participativa y acuerpada mediante encuentros, asambleas, talleres y reuniones con la participaci\u00f3n de mujeres de todas las regiones para conformar: \u201cMujeres Oaxaque\u00f1as Tejiendo Comunidad\u201d, recalcaron.<\/p>\n\n\n\n<p class=\"wp-block-paragraph\">Explicaron que la construcci\u00f3n de este tejido plural, diverso y multicolor, surgi\u00f3 \u201cfrente a la situaci\u00f3n que nos aqueja, en nuestro cuerpo como primer territorio, que ha sido objeto de sometimiento y apropiaci\u00f3n hist\u00f3rica; en nuestros territorios comunitarios-originarios que est\u00e1n viviendo el despojo, la imposici\u00f3n de megaproyectos extractivistas amparados en un paradigma de desarrollo\u201d.<\/p>\n\n\n\n<p class=\"wp-block-paragraph\">Adem\u00e1s de destacar que sus n\u00facleos poblacionales, ya sea en el campo o la ciudad, est\u00e1n siendo penetrados en todos los \u00e1mbitos por las redes del crimen organizado.<\/p>\n\n\n\n<p class=\"wp-block-paragraph\">\u201cFrente a las 715 mujeres a las que su vida ha sido arrebatada, resquebrajando todo el tejido social, nos articulamos para decir \u00a1Basta! Para exigir justicia, verdad y reparaci\u00f3n&nbsp; por las vidas que fueron arrebatadas y por las que familias y comunidades que han sido trastocadas a causa de la inacci\u00f3n y complicidad con la violencia feminicida\u201d, subrayaron.<\/p>\n\n\n\n<p class=\"wp-block-paragraph\">Asimismo, expusieron que la conformaci\u00f3n de este tejido colectivo obedece a la violencia feminicida, pero tambi\u00e9n para resistir a los proyectos de muerte y destrucci\u00f3n que acosan a sus territorios y atentan contra la madre tierra y sus formas de vivir, que les criminalizan, dividen y reproducen pr\u00e1cticas machistas.<\/p>\n\n\n\n<p class=\"wp-block-paragraph\">Y para&nbsp; evidenciar la precarizaci\u00f3n de la vida que se ensa\u00f1a m\u00e1s con las mujeres y las ni\u00f1as, profundiza las brechas de desigualdad de g\u00e9nero y las&nbsp; privan de los derechos humanos fundamentales; para cuestionar y criticar los modelos de vida capitalista que pretenden acabar con la sabidur\u00eda de las ancestras y frente al despojo de sus&nbsp; culturas, bordados y saberes.<\/p>\n\n\n\n<p class=\"wp-block-paragraph\">Frente a este panorama y en el contexto de la transici\u00f3n gubernamental, que se ha autodenominado \u201cPrimavera Oaxaque\u00f1a\u201d, las mujeres tambi\u00e9n exigieron un alto a la violencia feminicida, machista y patriarcal en Oaxaca. Adem\u00e1s de&nbsp; la memoria digna y justicia para las 715 mujeres quienes han sido v\u00edctimas de feminicidio y para sus familias; exigieron garant\u00edas para la labor de defensa de derechos humanos y libertad de expresi\u00f3n, el cese inmediato a la criminalizaci\u00f3n de las personas defensoras y a los procesos de defensa del territorio y de la vida de los pueblos.<\/p>\n\n\n\n<p class=\"wp-block-paragraph\">\u201cNo m\u00e1s proyectos de muerte, proyectos extractivos que se instalan con violencia en las 8 regiones del estado de Oaxaca, todos atentando contra la vida de la madre tierra, de los territorios donde las mujeres habitamos. Exigimos que haya pol\u00edticas de estado que garanticen el derecho a una alimentaci\u00f3n sana y nutritiva para la ni\u00f1ez y la adolescencia\u201d, expresaron.<\/p>\n\n\n\n<p class=\"wp-block-paragraph\">Adem\u00e1s de demandar se garantice de manera efectiva el derecho al aborto en todo el estado, ponderar el derecho a la consulta y el respeto a las comunidades frente a los proyectos extractivistas de muerte y saqueo.<\/p>\n\n\n\n<p class=\"wp-block-paragraph\">\u201cEn estas colectividades estaremos vigilantes y actuantes frente, ya no es tiempo de simulaci\u00f3n ni de complicidad, interpelamos a la nueva gesti\u00f3n a que tome con seriedad su mandato, se debe a las mujeres, hombres y comunidades, no debe haber ning\u00fan motivo para actuar en contra ni menoscabar los derechos humanos en Oaxaca\u201d, finalizaron.<\/p>\n\n\n\n<p class=\"wp-block-paragraph\">SEM\/MG<\/p>\n\n\n\n<figure class=\"wp-block-gallery has-nested-images columns-default is-cropped wp-block-gallery-1 is-layout-flex wp-block-gallery-is-layout-flex\">\n<figure class=\"wp-block-image size-large\"><a href=\"https:\/\/redsemlac.com\/semmexico\/wp-content\/uploads\/2022\/11\/oaxaca-contra-patriarcado-01.jpg\"><img loading=\"lazy\" decoding=\"async\" width=\"651\" height=\"488\" data-id=\"59411\" src=\"https:\/\/redsemlac.com\/semmexico\/wp-content\/uploads\/2022\/11\/oaxaca-contra-patriarcado-01.jpg\" alt=\"\" class=\"wp-image-59411\"\/><\/a><\/figure>\n\n\n\n<figure class=\"wp-block-image size-large\"><a href=\"https:\/\/redsemlac.com\/semmexico\/wp-content\/uploads\/2022\/11\/oaxaca-contra-patriarcado-02.jpg\"><img loading=\"lazy\" decoding=\"async\" width=\"1024\" height=\"683\" data-id=\"59414\" src=\"https:\/\/redsemlac.com\/semmexico\/wp-content\/uploads\/2022\/11\/oaxaca-contra-patriarcado-02.jpg\" alt=\"\" class=\"wp-image-59414\"\/><\/a><\/figure>\n\n\n\n<figure class=\"wp-block-image size-large\"><a href=\"https:\/\/redsemlac.com\/semmexico\/wp-content\/uploads\/2022\/11\/oaxaca-contra-patriarcado-03.jpg\"><img loading=\"lazy\" decoding=\"async\" width=\"698\" height=\"524\" data-id=\"59413\" src=\"https:\/\/redsemlac.com\/semmexico\/wp-content\/uploads\/2022\/11\/oaxaca-contra-patriarcado-03.jpg\" alt=\"\" class=\"wp-image-59413\"\/><\/a><\/figure>\n\n\n\n<figure class=\"wp-block-image size-large\"><a href=\"https:\/\/redsemlac.com\/semmexico\/wp-content\/uploads\/2022\/11\/oaxaca-contra-patriarcado-04.jpg\"><img loading=\"lazy\" decoding=\"async\" width=\"690\" height=\"518\" data-id=\"59412\" src=\"https:\/\/redsemlac.com\/semmexico\/wp-content\/uploads\/2022\/11\/oaxaca-contra-patriarcado-04.jpg\" alt=\"\" class=\"wp-image-59412\"\/><\/a><\/figure>\n<\/figure>\n","protected":false},"excerpt":{"rendered":"<p>Este mi\u00e9rcoles en Oaxaca se hizo la presentaci\u00f3n p\u00fablica de una agrupaci\u00f3n de mujeres diversas, colectivas, feministas, organizaciones sociales y civiles, denominado \u201cMujeres Oaxaque\u00f1as Tejiendo Comunidad\u201d<\/p>\n","protected":false},"author":3,"featured_media":59410,"comment_status":"open","ping_status":"open","sticky":false,"template":"","format":"standard","meta":{"_monsterinsights_skip_tracking":false,"footnotes":""},"categories":[693,54],"tags":[],"class_list":["post-59409","post","type-post","status-publish","format-standard","has-post-thumbnail","category-693","category-mujeres"],"_links":{"self":[{"href":"https:\/\/redsemlac.com\/semmexico\/wp-json\/wp\/v2\/posts\/59409","targetHints":{"allow":["GET"]}}],"collection":[{"href":"https:\/\/redsemlac.com\/semmexico\/wp-json\/wp\/v2\/posts"}],"about":[{"href":"https:\/\/redsemlac.com\/semmexico\/wp-json\/wp\/v2\/types\/post"}],"author":[{"embeddable":true,"href":"https:\/\/redsemlac.com\/semmexico\/wp-json\/wp\/v2\/users\/3"}],"replies":[{"embeddable":true,"href":"https:\/\/redsemlac.com\/semmexico\/wp-json\/wp\/v2\/comments?post=59409"}],"version-history":[{"count":0,"href":"https:\/\/redsemlac.com\/semmexico\/wp-json\/wp\/v2\/posts\/59409\/revisions"}],"wp:featuredmedia":[{"embeddable":true,"href":"https:\/\/redsemlac.com\/semmexico\/wp-json\/wp\/v2\/media\/59410"}],"wp:attachment":[{"href":"https:\/\/redsemlac.com\/semmexico\/wp-json\/wp\/v2\/media?parent=59409"}],"wp:term":[{"taxonomy":"category","embeddable":true,"href":"https:\/\/redsemlac.com\/semmexico\/wp-json\/wp\/v2\/categories?post=59409"},{"taxonomy":"post_tag","embeddable":true,"href":"https:\/\/redsemlac.com\/semmexico\/wp-json\/wp\/v2\/tags?post=59409"}],"curies":[{"name":"wp","href":"https:\/\/api.w.org\/{rel}","templated":true}]}}