{"id":59307,"date":"2022-11-22T15:16:19","date_gmt":"2022-11-22T21:16:19","guid":{"rendered":"https:\/\/redsemlac.com\/semmexico\/?p=59307"},"modified":"2023-07-21T19:22:52","modified_gmt":"2023-07-22T00:22:52","slug":"marchas-masivas-en-las-calles-de-francia-contra-la-violencia-de-genero","status":"publish","type":"post","link":"https:\/\/redsemlac.com\/semmexico\/marchas-masivas-en-las-calles-de-francia-contra-la-violencia-de-genero\/","title":{"rendered":"Marchas masivas en las calles de Francia contra la violencia de g\u00e9nero"},"content":{"rendered":"\n<ul class=\"wp-block-list\"><li><strong>En carteles de color violeta pod\u00edan leerse consignas como \u00abMacho dominante, \u00bfqui\u00e9n te crees que sos?\u00bb, \u00abDetener la cultura de la violaci\u00f3n\u00bb o \u00abCreer en las v\u00edctimas salva vidas\u00bb.<\/strong><\/li><li><strong>Entre 2017 y 2021, la cifra de violaciones o intentos registrados por el Ministerio del Interior se duplic\u00f3: de 16.900 a 34.300.<\/strong><\/li><\/ul>\n\n\n\n<p class=\"wp-block-paragraph\"><strong>Redacci\u00f3n<\/strong><\/p>\n\n\n\n<p class=\"wp-block-paragraph\">SemM\u00e9xico\/Agencias, Par\u00eds, 22 de noviembre del 2022.- Decenas de miles de personas salieron a las calles este s\u00e1bado en Par\u00eds y otras grandes ciudades francesas para reclamar una legislaci\u00f3n que acabe con la \u00abimpunidad\u00bb en cualquier tipo de agresi\u00f3n motivada por cuestiones de g\u00e9nero.<\/p>\n\n\n\n<p class=\"wp-block-paragraph\">Cinco a\u00f1os despu\u00e9s de la aparici\u00f3n del movimiento #MeToo, cerca de 90 asociaciones, sindicatos y partidos pol\u00edticos de izquierda convocaron grandes protestas en el pa\u00eds \u00abpara gritar nuestra ira\u00bb.<\/p>\n\n\n\n<p class=\"wp-block-paragraph\">En la capital francesa, 80.000 personas, seg\u00fan las organizadoras, marcharon desde la plaza de la Rep\u00fablica hacia la de la Naci\u00f3n, uno de los itinerarios cl\u00e1sicos de las manifestaciones parisinas, seg\u00fan report\u00f3 la agencia AFP.<\/p>\n\n\n\n<figure class=\"wp-block-image size-full\"><a href=\"https:\/\/redsemlac.com\/semmexico\/wp-content\/uploads\/2022\/11\/marcha-1.jpg\"><img loading=\"lazy\" decoding=\"async\" width=\"822\" height=\"414\" src=\"https:\/\/redsemlac.com\/semmexico\/wp-content\/uploads\/2022\/11\/marcha-1.jpg\" alt=\"\" class=\"wp-image-59310\"\/><\/a><\/figure>\n\n\n\n<p class=\"wp-block-paragraph\">\u00abSomos fuertes y estamos orgullosas. Somos feministas, radicales y estamos enojadas\u00bb, coreaban las manifestantes, mientras otras gritaban \u00abMetoo por todas partes, justicia en ninguna parte\u00bb.<\/p>\n\n\n\n<p class=\"wp-block-paragraph\">En carteles de color violeta pod\u00edan leerse consignas como \u00abMacho dominante, \u00bfqui\u00e9n te crees que sos?\u00bb, \u00abDetener la cultura de la violaci\u00f3n\u00bb o \u00abCreer en las v\u00edctimas salva vidas\u00bb.<\/p>\n\n\n\n<p class=\"wp-block-paragraph\">\u00abLo que nos enfurece es la impunidad de los agresores y el maltrato de las v\u00edctimas\u00bb, explic\u00f3 a la agencia de noticias francesa Ma\u00eblle Noir, integrante de la organizaci\u00f3n #NousToutes (Nosotras Todas), coordinadora de las marchas.<\/p>\n\n\n\n<p class=\"wp-block-paragraph\">\u00abManifestamos para rendir homenaje a las v\u00edctimas\u00bb, se\u00f1al\u00f3, por su parte, Sandrine Bouchait, de la Uni\u00f3n Nacional de Familias de Feminicidios, para quien \u00ablos feminicidios son la cima de la pir\u00e1mide de la violencia sexual y sexista\u00bb y cuya asociaci\u00f3n solicita \u00abun estatuto de v\u00edctimas con acompa\u00f1amiento psicol\u00f3gico y financiero\u00bb para los familiares.<\/p>\n\n\n\n<figure class=\"wp-block-image size-full\"><a href=\"https:\/\/redsemlac.com\/semmexico\/wp-content\/uploads\/2022\/11\/marcha-2.jpg\"><img loading=\"lazy\" decoding=\"async\" width=\"877\" height=\"485\" src=\"https:\/\/redsemlac.com\/semmexico\/wp-content\/uploads\/2022\/11\/marcha-2.jpg\" alt=\"\" class=\"wp-image-59309\"\/><\/a><\/figure>\n\n\n\n<p class=\"wp-block-paragraph\">En concreto, las organizaciones reclaman un presupuesto p\u00fablico de 2.000 millones de d\u00f3lares al a\u00f1o, pero tambi\u00e9n una \u00abley marco\u00bb que instaure \u00abbrigadas y jurisdicciones especializadas\u00bb, una ayuda financiera para la \u00abprotecci\u00f3n de las mujeres v\u00edctimas\u00bb, la creaci\u00f3n de 15.000 nuevas plazas de alojamiento y un refuerzo de la educaci\u00f3n sobre la vida sexual y emocional en la escuela.<\/p>\n\n\n\n<p class=\"wp-block-paragraph\">La ministra francesa encargada de la igualdad entre hombres y mujeres, Isabelle Rome, record\u00f3 en la radio RMC que est\u00e1 abierta a la instauraci\u00f3n de una polic\u00eda y una justicia especializadas, tema sobre el que se est\u00e1 elaborando una misi\u00f3n parlamentaria.<\/p>\n\n\n\n<p class=\"wp-block-paragraph\">Tambi\u00e9n se refiri\u00f3 a los medios financieros y explic\u00f3 que \u00abno dejaron de aumentar\u00bb para alcanzar \u00abun importe global de 2.400 millones de d\u00f3lares\u201d, aunque reconoci\u00f3 que este monto no est\u00e1 \u00abespec\u00edficamente\u00bb dedicado a la lucha contra la violencia.<\/p>\n\n\n\n<p class=\"wp-block-paragraph\">El llamado a manifestarse antes del 25 de noviembre, D\u00eda Internacional de la Lucha contra la Violencia Contra las Mujeres, se dio en muchas ciudades de Francia.<\/p>\n\n\n\n<h2 class=\"wp-block-heading\"><strong>Marchas en otras ciudades francesas<\/strong><\/h2>\n\n\n\n<p class=\"wp-block-paragraph\">En la occidental Rennes, unas 2.200 personas se movilizaron al grito de \u00abno a los violadores en nuestros barrios, ninguna posibilidad para los violadores\u00bb, seg\u00fan la prefectura, mientras que en la norte\u00f1a Lille las autoridades reportaron 1.750 participantes y en la oriental Metz unas 280 manifestantes.<\/p>\n\n\n\n<p class=\"wp-block-paragraph\">En la sure\u00f1a Marsella, donde la prefectura contabiliz\u00f3 500 personas, un ciudadano de 46 a\u00f1os que participaba en su primera movilizaci\u00f3n feminista subray\u00f3 que \u00abno se trata s\u00f3lo de un tema de las mujeres, sino tambi\u00e9n de los hombres\u00bb, aunque a su juicio \u00abes m\u00e1s importante actuar en la vida cotidiana que manifestarse\u00bb.<\/p>\n\n\n\n<h2 class=\"wp-block-heading\"><strong>Estad\u00edsticas<\/strong><\/h2>\n\n\n\n<p class=\"wp-block-paragraph\">La exasperaci\u00f3n de las organizaciones feministas es alimentada por el elevado n\u00famero de feminicidios en Francia, que ya son 100 desde el comienzo del a\u00f1o, seg\u00fan un colectivo feminista, frente a 122 del a\u00f1o pasado, de acuerdo a cifras oficiales, y por la reticencia del mundo pol\u00edtico a excluir a algunos responsables acusados de violencia contra las mujeres.<\/p>\n\n\n\n<p class=\"wp-block-paragraph\">Entre 2017 y 2021, el n\u00famero de violaciones o intentos de violaci\u00f3n registrados por el Ministerio del Interior franc\u00e9s se duplic\u00f3, al pasar de 16.900 a 34.300.<\/p>\n\n\n\n<p class=\"wp-block-paragraph\">SEM\/MG<\/p>\n","protected":false},"excerpt":{"rendered":"<p>En carteles de color violeta pod\u00edan leerse consignas como \u00abMacho dominante, \u00bfqui\u00e9n te crees que sos?\u00bb, \u00abDetener la cultura de la violaci\u00f3n\u00bb o \u00abCreer en las v\u00edctimas salva vidas\u00bb.<\/p>\n","protected":false},"author":3,"featured_media":59311,"comment_status":"open","ping_status":"open","sticky":false,"template":"","format":"standard","meta":{"_monsterinsights_skip_tracking":false,"footnotes":""},"categories":[670,693],"tags":[],"class_list":["post-59307","post","type-post","status-publish","format-standard","has-post-thumbnail","category-25n-2022","category-693"],"_links":{"self":[{"href":"https:\/\/redsemlac.com\/semmexico\/wp-json\/wp\/v2\/posts\/59307","targetHints":{"allow":["GET"]}}],"collection":[{"href":"https:\/\/redsemlac.com\/semmexico\/wp-json\/wp\/v2\/posts"}],"about":[{"href":"https:\/\/redsemlac.com\/semmexico\/wp-json\/wp\/v2\/types\/post"}],"author":[{"embeddable":true,"href":"https:\/\/redsemlac.com\/semmexico\/wp-json\/wp\/v2\/users\/3"}],"replies":[{"embeddable":true,"href":"https:\/\/redsemlac.com\/semmexico\/wp-json\/wp\/v2\/comments?post=59307"}],"version-history":[{"count":0,"href":"https:\/\/redsemlac.com\/semmexico\/wp-json\/wp\/v2\/posts\/59307\/revisions"}],"wp:featuredmedia":[{"embeddable":true,"href":"https:\/\/redsemlac.com\/semmexico\/wp-json\/wp\/v2\/media\/59311"}],"wp:attachment":[{"href":"https:\/\/redsemlac.com\/semmexico\/wp-json\/wp\/v2\/media?parent=59307"}],"wp:term":[{"taxonomy":"category","embeddable":true,"href":"https:\/\/redsemlac.com\/semmexico\/wp-json\/wp\/v2\/categories?post=59307"},{"taxonomy":"post_tag","embeddable":true,"href":"https:\/\/redsemlac.com\/semmexico\/wp-json\/wp\/v2\/tags?post=59307"}],"curies":[{"name":"wp","href":"https:\/\/api.w.org\/{rel}","templated":true}]}}