{"id":59263,"date":"2022-11-21T14:26:03","date_gmt":"2022-11-21T20:26:03","guid":{"rendered":"https:\/\/redsemlac.com\/semmexico\/?p=59263"},"modified":"2023-07-21T19:21:47","modified_gmt":"2023-07-22T00:21:47","slug":"piden-a-murat-que-entregue-75-5-mdp-destinados-a-la-afrouniversidad-de-la-costa","status":"publish","type":"post","link":"https:\/\/redsemlac.com\/semmexico\/piden-a-murat-que-entregue-75-5-mdp-destinados-a-la-afrouniversidad-de-la-costa\/","title":{"rendered":"Piden a Murat que entregue 75.5 mdp destinados a la Afrouniversidad de la Costa"},"content":{"rendered":"\n<ul class=\"wp-block-list\"><li><strong>A nueve d\u00edas de terminar esa gesti\u00f3n, la SEP dice que le entreg\u00f3 el recurso.<\/strong><\/li><li><strong>Concluye XXIII Encuentro de Pueblos Negros, Afromexicanos o Afrodescendientes.<\/strong><\/li><\/ul>\n\n\n\n<p class=\"wp-block-paragraph\"><strong>Redacci\u00f3n<\/strong><\/p>\n\n\n\n<p class=\"wp-block-paragraph\">SemM\u00e9xico, Oaxaca, 21 de noviembre del 2022.- A nueve d\u00edas de que termine la actual administraci\u00f3n, organizaciones de mujeres afromexicanas exigieron la entrega de 75.5 millones de pesos destinados a la Afrouniversidad de la Costa Chica oaxaque\u00f1a, entregados por la SEP al gobierno de Alejandro Murat Hinojosa.<\/p>\n\n\n\n<p class=\"wp-block-paragraph\">En el comunicado de prensa, al final del XXIII Encuentro de Pueblos Negros, Afromexicanos o Afrodescendientes realizado en San Jos\u00e9 R\u00edo Verde La Boquilla Jamiltepec, en esta entidad, se\u00f1alan que Murat Hinojosa se comprometi\u00f3 a ejercer esos recursos en su administraci\u00f3n de la cual le quedan unos cuantos d\u00edas para concluir y advierten que las comunidades se mantendr\u00e1n alertas a partir de este momento para movilizarse en caso necesario.<\/p>\n\n\n\n<p class=\"wp-block-paragraph\">De acuerdo con el documento, en el encuentro el subsecretario de Educaci\u00f3n, Luciano Concheiro, aclar\u00f3 que los 75.5 millones de pesos destinados a la Afrouniversidad de la Costa Chica oaxaque\u00f1a ya fueron entregados al gobierno de Oaxaca.<\/p>\n\n\n\n<p class=\"wp-block-paragraph\">Las organizaciones civiles M\u00e9xico Negro, Asociaci\u00f3n de Mujeres de la Costa de Oaxaca, AMCO, y Colectiva \u00d1aa Tund\u00e1, en un documento emitido por M\u00e9xico Negro, A.C., exponen tambi\u00e9n que la C\u00e1mara de Diputados apruebe el dictamen en positivo que le fue turnado por la Comisi\u00f3n de Pueblos Ind\u00edgenas y Afromexicanos de la C\u00e1mara de Diputados, sobre el paquete de reformas a 49 leyes federales en materia afromexicana que les remiti\u00f3 el Senado.<\/p>\n\n\n\n<figure class=\"wp-block-gallery has-nested-images columns-default is-cropped wp-block-gallery-1 is-layout-flex wp-block-gallery-is-layout-flex\">\n<figure class=\"wp-block-image size-large\"><a href=\"https:\/\/redsemlac.com\/semmexico\/wp-content\/uploads\/2022\/11\/afro-2.jpg\"><img loading=\"lazy\" decoding=\"async\" width=\"1280\" height=\"960\" data-id=\"59265\" src=\"https:\/\/redsemlac.com\/semmexico\/wp-content\/uploads\/2022\/11\/afro-2.jpg\" alt=\"\" class=\"wp-image-59265\"\/><\/a><\/figure>\n\n\n\n<figure class=\"wp-block-image size-large\"><a href=\"https:\/\/redsemlac.com\/semmexico\/wp-content\/uploads\/2022\/11\/afro-3.jpg\"><img loading=\"lazy\" decoding=\"async\" width=\"1280\" height=\"720\" data-id=\"59266\" src=\"https:\/\/redsemlac.com\/semmexico\/wp-content\/uploads\/2022\/11\/afro-3.jpg\" alt=\"\" class=\"wp-image-59266\"\/><\/a><\/figure>\n<\/figure>\n\n\n\n<p class=\"wp-block-paragraph\">Exigen a la Suprema Corte de Justicia de la Naci\u00f3n sea prudente al examinar las acciones de inconstitucionalidad por defectos en la consulta, que le pide la Comisi\u00f3n Nacional de Derechos Humanos, CNDH.<\/p>\n\n\n\n<p class=\"wp-block-paragraph\">A la CNDH se le exige pida autorizaci\u00f3n a las comunidades Afromexicanas antes de intentar dichas acciones de inconstitucionalidad que a la fecha han tra\u00eddo m\u00e1s perjuicio que beneficios.<\/p>\n\n\n\n<p class=\"wp-block-paragraph\">Tambi\u00e9n comisionaron al diputado afromexicano Sergio Pe\u00f1aloza para promover una iniciativa que reconozcan a pueblos y comunidades ind\u00edgenas y afromexicanas como sujetos de derecho p\u00fablico con personalidad jur\u00eddica y patrimonio propio.<\/p>\n\n\n\n<p class=\"wp-block-paragraph\">Mientras que a Rosa Mar\u00eda Castro y Celeste S\u00e1nchez se les comisiona para que acudan al Foro Permanente de Afrodescendientes, que se llevar\u00e1 a cabo en Ginebra, Suiza, en diciembre pr\u00f3ximo, en representaci\u00f3n de los Pueblos y comunidades Afromexicanas.<\/p>\n\n\n\n<p class=\"wp-block-paragraph\">Se exige a los gobiernos municipales, estatales y federal se abstengan de reconocer \u00abgobernadores\u00bb afromexicanos, figura ajena a nuestras formas de representaci\u00f3n y se exige a los Tribunales electorales y partidos pol\u00edticos que cumplan con las acciones afirmativas y garanticen la participaci\u00f3n pol\u00edtica de las mujeres afromexicanas y afrodescendientes, para una efectiva representaci\u00f3n.<\/p>\n\n\n\n<p class=\"wp-block-paragraph\">Se solicita a la C\u00e1mara de Diputados no apruebe la minuta enviada por el Senado respecto a la declaraci\u00f3n del D\u00eda Nacional de la Mujer Afromexicana por no ser la fecha propuesta que mejor conviene a nuestros pueblos y comunidades. Al respecto, uno o una de nuestras legisladoras afromexicanas presentar\u00e1 en breve la iniciativa correspondiente, tan pronto sea consensuada con los colectivos de mujeres Afromexicanas del pa\u00eds.<\/p>\n\n\n\n<p class=\"wp-block-paragraph\">Se declara que el pr\u00f3ximo Encuentro Nacional de Pueblos Negros, Afromexicanos o Afrodescendientes se llevar\u00e1 a cabo en Tamiahua Veracruz.<\/p>\n\n\n\n<p class=\"wp-block-paragraph\">Asistieron al XXIII Encuentro de Pueblos Negros, Afromexicanos o Afrodescendientes cuarenta comunidades y pueblos afromexicanos de los Estados de Guerrero, Oaxaca, Veracruz, CDMX, Baja California Sur, Estado de M\u00e9xico, Sinaloa, Puebla, as\u00ed como la presencia de los pa\u00edses de Cuba, Colombia, Brasil, Per\u00fa, EUA, Italia, Gran Breta\u00f1a, Alemania y Sud\u00e1frica.&nbsp;&nbsp;<\/p>\n\n\n\n<p class=\"wp-block-paragraph\">As\u00ed como las senadoras Celeste S\u00e1nchez y Susana Harp; la diputada federal Irma Juan Carlos y la titular de la Cuarta visitaduria de Derechos Humanos, Arely L\u00f3pez P\u00e9rez.<\/p>\n\n\n\n<p class=\"wp-block-paragraph\">SEM\/sj\/MG<\/p>\n","protected":false},"excerpt":{"rendered":"<p>A nueve d\u00edas de terminar esa gesti\u00f3n, la SEP dice que le entreg\u00f3 el recurso.<\/p>\n","protected":false},"author":3,"featured_media":59264,"comment_status":"open","ping_status":"open","sticky":false,"template":"","format":"standard","meta":{"_monsterinsights_skip_tracking":false,"footnotes":""},"categories":[693,54],"tags":[],"class_list":["post-59263","post","type-post","status-publish","format-standard","has-post-thumbnail","category-693","category-mujeres"],"_links":{"self":[{"href":"https:\/\/redsemlac.com\/semmexico\/wp-json\/wp\/v2\/posts\/59263","targetHints":{"allow":["GET"]}}],"collection":[{"href":"https:\/\/redsemlac.com\/semmexico\/wp-json\/wp\/v2\/posts"}],"about":[{"href":"https:\/\/redsemlac.com\/semmexico\/wp-json\/wp\/v2\/types\/post"}],"author":[{"embeddable":true,"href":"https:\/\/redsemlac.com\/semmexico\/wp-json\/wp\/v2\/users\/3"}],"replies":[{"embeddable":true,"href":"https:\/\/redsemlac.com\/semmexico\/wp-json\/wp\/v2\/comments?post=59263"}],"version-history":[{"count":0,"href":"https:\/\/redsemlac.com\/semmexico\/wp-json\/wp\/v2\/posts\/59263\/revisions"}],"wp:featuredmedia":[{"embeddable":true,"href":"https:\/\/redsemlac.com\/semmexico\/wp-json\/wp\/v2\/media\/59264"}],"wp:attachment":[{"href":"https:\/\/redsemlac.com\/semmexico\/wp-json\/wp\/v2\/media?parent=59263"}],"wp:term":[{"taxonomy":"category","embeddable":true,"href":"https:\/\/redsemlac.com\/semmexico\/wp-json\/wp\/v2\/categories?post=59263"},{"taxonomy":"post_tag","embeddable":true,"href":"https:\/\/redsemlac.com\/semmexico\/wp-json\/wp\/v2\/tags?post=59263"}],"curies":[{"name":"wp","href":"https:\/\/api.w.org\/{rel}","templated":true}]}}