{"id":5925,"date":"2019-04-12T15:47:28","date_gmt":"2019-04-12T15:47:28","guid":{"rendered":"https:\/\/redsemlac.com\/semmexico\/?p=5925"},"modified":"2023-07-21T14:48:11","modified_gmt":"2023-07-21T19:48:11","slug":"se-han-entregado-casi-cien-mil-creditos","status":"publish","type":"post","link":"https:\/\/redsemlac.com\/semmexico\/se-han-entregado-casi-cien-mil-creditos\/","title":{"rendered":"Se han entregado casi cien mil cr\u00e9ditos."},"content":{"rendered":"\n<p class=\"wp-block-paragraph\"><a href=\"https:\/\/www.semmexico.com\/gallery-post.php?id=7533#\">Elda Montiel<\/a><\/p>\n\n\n\n<p class=\"wp-block-paragraph\">SemM\u00e9xico, Morelia, Mich., 12 marzo 2019.- \u201cLa desigualdad de g\u00e9nero provoca inequidad en el acceso a los recursos econ\u00f3micos; por ello, para alcanzar el desarrollo, las mujeres deben participar de manera plena en la econom\u00eda, la sociedad y la pol\u00edtica\u201d, expres\u00f3 Nuria Gabriela Hern\u00e1ndez Abarca, secretaria de Igualdad Sustantiva y Desarrollo de las Mujeres (SEIMUJER).<\/p>\n\n\n\n<p class=\"wp-block-paragraph\">En un estado donde 51.8 por ciento son mujeres de una poblaci\u00f3n total de 4 millones 584 mil confirma la importancia de un programa como el de Palabra de Mujer que ha beneficiado a 48 mil emprendedoras al otorgar 97 mil cr\u00e9ditos.<\/p>\n\n\n\n<p class=\"wp-block-paragraph\">La titular de SEIMUJER explic\u00f3 que el objetivo del gobierno de Silvano Aureoles es buscar alternativas que permitan a las mujeres emprender o consolidar un negocio, ya que 28 de cada 100 hogares son liderados por una mujer.<\/p>\n\n\n\n<p class=\"wp-block-paragraph\">Por lo que detallo que la meta de \u201cPalabra de Mujer\u201d es llegar a 100 mil beneficiarias directas, lo que puede transformar la vida de 300 mil beneficiadas pues se tiene el registro que cada una de ellas, genera entre uno y dos empleos directos por negocio.<\/p>\n\n\n\n<p class=\"wp-block-paragraph\">Hern\u00e1ndez Abarca destaco que el programa se opera en coordinaci\u00f3n con el de Sistema Integral de Financiamiento para el Desarrollo de Michoac\u00e1n (S\u00ed Financia), y la banca comercial, lo que se ha fortalecido sumando diversos programas en beneficio de las emprendedoras.<\/p>\n\n\n\n<p class=\"wp-block-paragraph\">SEM\/em\/sj<br><\/p>\n","protected":false},"excerpt":{"rendered":"<p>Elda Montiel SemM\u00e9xico, Morelia, Mich., 12 marzo 2019.- \u201cLa desigualdad de g\u00e9nero provoca inequidad en el acceso a los recursos econ\u00f3micos; por ello, para alcanzar el desarrollo, las mujeres deben participar de manera plena en la econom\u00eda, la sociedad y la pol\u00edtica\u201d, expres\u00f3 Nuria Gabriela Hern\u00e1ndez Abarca, secretaria de Igualdad Sustantiva y Desarrollo de las [&hellip;]<\/p>\n","protected":false},"author":3,"featured_media":5926,"comment_status":"open","ping_status":"open","sticky":false,"template":"","format":"standard","meta":{"_monsterinsights_skip_tracking":false,"footnotes":""},"categories":[690,51],"tags":[],"class_list":["post-5925","post","type-post","status-publish","format-standard","has-post-thumbnail","category-690","category-ejecutivo"],"_links":{"self":[{"href":"https:\/\/redsemlac.com\/semmexico\/wp-json\/wp\/v2\/posts\/5925","targetHints":{"allow":["GET"]}}],"collection":[{"href":"https:\/\/redsemlac.com\/semmexico\/wp-json\/wp\/v2\/posts"}],"about":[{"href":"https:\/\/redsemlac.com\/semmexico\/wp-json\/wp\/v2\/types\/post"}],"author":[{"embeddable":true,"href":"https:\/\/redsemlac.com\/semmexico\/wp-json\/wp\/v2\/users\/3"}],"replies":[{"embeddable":true,"href":"https:\/\/redsemlac.com\/semmexico\/wp-json\/wp\/v2\/comments?post=5925"}],"version-history":[{"count":0,"href":"https:\/\/redsemlac.com\/semmexico\/wp-json\/wp\/v2\/posts\/5925\/revisions"}],"wp:featuredmedia":[{"embeddable":true,"href":"https:\/\/redsemlac.com\/semmexico\/wp-json\/wp\/v2\/media\/5926"}],"wp:attachment":[{"href":"https:\/\/redsemlac.com\/semmexico\/wp-json\/wp\/v2\/media?parent=5925"}],"wp:term":[{"taxonomy":"category","embeddable":true,"href":"https:\/\/redsemlac.com\/semmexico\/wp-json\/wp\/v2\/categories?post=5925"},{"taxonomy":"post_tag","embeddable":true,"href":"https:\/\/redsemlac.com\/semmexico\/wp-json\/wp\/v2\/tags?post=5925"}],"curies":[{"name":"wp","href":"https:\/\/api.w.org\/{rel}","templated":true}]}}