{"id":59216,"date":"2022-11-20T14:14:40","date_gmt":"2022-11-20T20:14:40","guid":{"rendered":"https:\/\/redsemlac.com\/semmexico\/?p=59216"},"modified":"2023-07-21T19:21:49","modified_gmt":"2023-07-22T00:21:49","slug":"porque-asi-lo-pienso-solo-si-es-si","status":"publish","type":"post","link":"https:\/\/redsemlac.com\/semmexico\/porque-asi-lo-pienso-solo-si-es-si\/","title":{"rendered":"Porque as\u00ed lo pienso!| \u201cSolo s\u00ed es s\u00ed\u201d?"},"content":{"rendered":"\n<h5 class=\"wp-block-heading\">Teresa Moll\u00e1 Castells<\/h5>\n\n\n\n<p class=\"wp-block-paragraph\">SemM\u00e9xico, Ontinyent, Valencia, 20 de noviembre, 2022.- Estamos en plena eclosi\u00f3n de los primeros y malos resultados de la llamada \u201cley de solo s\u00ed es s\u00ed\u201d.<\/p>\n\n\n\n<p class=\"wp-block-paragraph\">No soy jurista y, por tanto, esa parte la voy a obviar, pero lo que no voy a hacer es no comentar los resultados. Aunque sea un poco prematuro.<\/p>\n\n\n\n<p class=\"wp-block-paragraph\">El movimiento feminista lleva muchos, muchos a\u00f1os denunciando que las violencias machistas no s\u00f3lo asesinan f\u00edsicamente a las mujeres y a las criaturas.<\/p>\n\n\n\n<p class=\"wp-block-paragraph\">El pr\u00f3ximo viernes conmemoramos un a\u00f1o m\u00e1s el D\u00eda Internacional contra las violencias contra las Mujeres. Y, seg\u00fan el portal <a href=\"https:\/\/siscv.san.gva.es\/abucasis\/kfc.prg.web.ser.java.AbuServlet?tipo=form\">Feminicidio.net<\/a>, por violencias machistas de toda clase y, en lo que llevamos de a\u00f1o, han sido asesinadas 38 mujeres, seg\u00fan cifras oficiales; 2&nbsp; mujeres no contabilizadas oficialmente; 20 asesinatos de mujeres a manos de familiares; 2 feminicidios infantiles; 7 feminicidios no \u00edntimos; 3 asesinatos de mujeres por robos; 1 mujer asesinada por narcotr\u00e1fico; 2 feminicidios sin datos suficientes y 1 menor asesinado en el marco de la violencia machista, lo que nos da un total de 76 asesinatos y feminicidios hasta el d\u00eda seis de noviembre de este a\u00f1o.<\/p>\n\n\n\n<p class=\"wp-block-paragraph\">76 vidas humanas perdidas por culpa de un sistema opresor que mata, mutila, viola y agrede a mujeres y criaturas para poder seguir manteniendo sus privilegios.<\/p>\n\n\n\n<p class=\"wp-block-paragraph\">Recordemos que la m\u00e1s violenta, silenciosa y criminal de las violencias machistas, es la violencia estructural que, no solo atraviesa de forma transversal todas las estructuras de poder, sean estas econ\u00f3micas, pol\u00edticas, judiciales, etc., tambi\u00e9n permite la reproducci\u00f3n de los estereotipos opresores a trav\u00e9s de la socializaci\u00f3n diferenciada que nos deja una marca indeleble de por vida tanto a hombres como a mujeres.<\/p>\n\n\n\n<p class=\"wp-block-paragraph\">Y, como dec\u00eda, la violencia estructural, tambi\u00e9n afecta a los poderes del Estado y los recorre pese a lo avanzado en los \u00faltimos a\u00f1os. De esa manera tanto a la hora de legislar como a la hora de aplicar esa legislaci\u00f3n aprobada en el Parlamento, la mirada patriarcal impl\u00edcita en la violencia estructural, vuelve a ejercer su poder sobre las mujeres. Y eso ocurre siempre que no se tenga la formaci\u00f3n adecuada e, incluso teni\u00e9ndola, a veces ocurre.<\/p>\n\n\n\n<p class=\"wp-block-paragraph\">Tampoco podemos olvidar que ya son casi mil doscientas las mujeres asesinadas por violencias machistas las contabilizadas desde el a\u00f1o 2003, y, por tanto, solo as\u00ed entenderemos la magnitud que este fen\u00f3meno tiene sobre la vida de las mujeres. Y, por tanto, lo que implica la correcta legislaci\u00f3n de las normas y de la aplicaci\u00f3n de las mismas leyes por parte de los agentes jur\u00eddicos implicados.<\/p>\n\n\n\n<p class=\"wp-block-paragraph\">De lo contrario, volvemos a revictimizar a las v\u00edctimas una y otra vez, desde las propias instituciones que, te\u00f3ricamente las deber\u00edas de proteger.<\/p>\n\n\n\n<p class=\"wp-block-paragraph\">Quiero pensar que, con la aprobaci\u00f3n de la Ley del \u201csolo s\u00ed es si\u201d se buscaba aumentar el grado de protecci\u00f3n de las v\u00edctimas de violencias sexuales, pero, al menos hasta ahora, lo que se est\u00e1 consiguiendo, de nuevo, es proteger a los victimarios y revictimizar a las mujeres agredidas. De nuevo el patriarcado con todas sus armas buscando justificar a los agresores culpabilizando las mujeres de sus propias agresiones y sus consecuencias.<\/p>\n\n\n\n<p class=\"wp-block-paragraph\">En feminismo no nos podemos permitir tener cortoplacismos. Hay que pensar a corto plazo, de acuerdo, pero sobre todo a medio y largo plazo. Y esto en pol\u00edtica se ha de tener muy claro, puesto que de lo contrario nos podemos encontrar con que los plazos, medidos en tiempos electorales, se acaben volviendo en contra de las propias mujeres como ahora mismo estamos comprobando con la entrada en vigor de la ley antes mencionada.<\/p>\n\n\n\n<p class=\"wp-block-paragraph\">La vida de las mujeres y la de las criaturas ha de ser protegida frente a un feroz patriarcado que no duda en usarlas y\/o sesgarlas seg\u00fan sus deseos o necesidades.<\/p>\n\n\n\n<p class=\"wp-block-paragraph\">Necesidades que, en demasiadas ocasiones, son consecuencias de deseos incumplidos por parte de las mujeres que, dentro de sus libertades no acceden a complacer al var\u00f3n que deviene contrariado y, por tanto, se cree en el derecho de actuar seg\u00fan su propia ley.<\/p>\n\n\n\n<p class=\"wp-block-paragraph\">Las violencias machistas en general y la estructural en particular deben ser tenidas muy en cuenta a la hora de legislar, para que no se \u201ccuelen\u201d dentro del texto definitivo que sea aprobado por las diferentes opciones pol\u00edticas.<\/p>\n\n\n\n<p class=\"wp-block-paragraph\">De ah\u00ed la necesidad de escuchar a personas que conocen en profundidad los temas durante la tramitaci\u00f3n de esos textos legislativos. Sencillamente porque las violencias machistas tienes muchos rostros y se suelen camuflar de muchas maneras.<\/p>\n\n\n\n<p class=\"wp-block-paragraph\">El pr\u00f3ximo d\u00eda 25 y los d\u00edas anteriores y posteriores clamaremos en contra de las violencias machistas de todo tipo. Recordaremos los nombres de las mujeres y criaturas asesinadas. Y es necesario hacerlo.<\/p>\n\n\n\n<p class=\"wp-block-paragraph\">Pero yo me sigo preguntando \u00bfQu\u00e9 pasar\u00e1 dentro de unas semanas cuando el 25N quede un poco lejos de nuestras memorias? \u00bfQu\u00e9 pasar\u00e1 cuando las compras navide\u00f1as ocupen toda nuestra atenci\u00f3n?<\/p>\n\n\n\n<p class=\"wp-block-paragraph\">Seguramente las violencias machistas seguir\u00e1n actuando y, de una u otra manera, nos seguir\u00e1n se\u00f1alando claramente, quienes son los opresores y quienes las oprimidas.<\/p>\n\n\n\n<p class=\"wp-block-paragraph\">tmolla@telefonica.net<\/p>\n","protected":false},"excerpt":{"rendered":"<p>Estamos en plena eclosi\u00f3n de los primeros y malos resultados de la llamada \u201cley de solo s\u00ed es s\u00ed\u201d.<\/p>\n","protected":false},"author":3,"featured_media":60189,"comment_status":"open","ping_status":"open","sticky":false,"template":"","format":"standard","meta":{"_monsterinsights_skip_tracking":false,"footnotes":""},"categories":[693,82,110,35],"tags":[],"class_list":["post-59216","post","type-post","status-publish","format-standard","has-post-thumbnail","category-693","category-la-opinion","category-la-opinion-columnas","category-opinion"],"_links":{"self":[{"href":"https:\/\/redsemlac.com\/semmexico\/wp-json\/wp\/v2\/posts\/59216","targetHints":{"allow":["GET"]}}],"collection":[{"href":"https:\/\/redsemlac.com\/semmexico\/wp-json\/wp\/v2\/posts"}],"about":[{"href":"https:\/\/redsemlac.com\/semmexico\/wp-json\/wp\/v2\/types\/post"}],"author":[{"embeddable":true,"href":"https:\/\/redsemlac.com\/semmexico\/wp-json\/wp\/v2\/users\/3"}],"replies":[{"embeddable":true,"href":"https:\/\/redsemlac.com\/semmexico\/wp-json\/wp\/v2\/comments?post=59216"}],"version-history":[{"count":0,"href":"https:\/\/redsemlac.com\/semmexico\/wp-json\/wp\/v2\/posts\/59216\/revisions"}],"wp:featuredmedia":[{"embeddable":true,"href":"https:\/\/redsemlac.com\/semmexico\/wp-json\/wp\/v2\/media\/60189"}],"wp:attachment":[{"href":"https:\/\/redsemlac.com\/semmexico\/wp-json\/wp\/v2\/media?parent=59216"}],"wp:term":[{"taxonomy":"category","embeddable":true,"href":"https:\/\/redsemlac.com\/semmexico\/wp-json\/wp\/v2\/categories?post=59216"},{"taxonomy":"post_tag","embeddable":true,"href":"https:\/\/redsemlac.com\/semmexico\/wp-json\/wp\/v2\/tags?post=59216"}],"curies":[{"name":"wp","href":"https:\/\/api.w.org\/{rel}","templated":true}]}}